{"id":427726,"date":"2025-09-30T04:29:10","date_gmt":"2025-09-30T04:29:10","guid":{"rendered":"https:\/\/www.europesays.com\/fr\/427726\/"},"modified":"2025-09-30T04:29:10","modified_gmt":"2025-09-30T04:29:10","slug":"5-questions-avant-une-nouvelle-soiree-de-feu-au-velodrome","status":"publish","type":"post","link":"https:\/\/www.europesays.com\/fr\/427726\/","title":{"rendered":"5 questions avant une nouvelle soir\u00e9e de feu au V\u00e9lodrome"},"content":{"rendered":"<p>Battu par le Real Madrid de Kylian Mbapp\u00e9 lors de la premi\u00e8re journ\u00e9e de Ligue des champions (2-1), l\u2019OM d\u00e9fie l\u2019Ajax Amsterdam au V\u00e9lodrome ce mardi. Une victoire et la campagne europ\u00e9enne serait lanc\u00e9e.<\/p>\n<p><strong>OM-Ajax Amsterdam, \u00e0 quelle heure et sur quelle cha\u00eene\u00a0?<\/strong><\/p>\n<p class=\"fig-paragraph\">Place \u00e0\u00a0<a href=\"https:\/\/www.lefigaro.fr\/sports\/football\/ligue-des-champions\/classement\" target=\"_blank\" rel=\"sponsored noopener\" data-gtm-custom-categorie=\"navigation\" data-gtm-custom-action=\"crossclick\" data-gtm-custom-label=\"Contextuel\" data-gtm-event=\"customEventSPE\">la deuxi\u00e8me journ\u00e9e de Ligue des champions<\/a>\u00a0<a href=\"https:\/\/www.lefigaro.fr\/sports\/football\/ligue-des-champions\/calendrier-resultats\" target=\"_blank\" rel=\"sponsored noopener\" data-gtm-custom-categorie=\"navigation\" data-gtm-custom-action=\"crossclick\" data-gtm-custom-label=\"Contextuel\" data-gtm-event=\"customEventSPE\">ce mardi au stade V\u00e9lodrome avec la r\u00e9ception de l\u2019Ajax Amsterdam<\/a>. Un rendez-vous \u00e0 suivre d\u00e8s 21 heures sur Canal + et en direct comment\u00e9 sur notre site du Figaro.<\/p>\n<p><strong>Pourquoi ce match en dira beaucoup du niveau de l\u2019OM\u00a0?<\/strong><\/p>\n<p class=\"fig-paragraph\">Si les dirigeants marseillais, de\u00a0<a href=\"http:\/\/www.lefigaro.fr\/sports\/football\/ligue-1\/reformer-notre-gouvernance-et-mettre-en-place-une-direction-a-la-hauteur-l-entretien-exclusif-mccourt-oughourlian-sur-la-crise-du-football-francais-20250905\" data-fig-type=\"NewsFlash\" data-gtm-custom-categorie=\"navigation\" data-gtm-custom-action=\"crossclick\" data-gtm-custom-label=\"Contextuel\" data-gtm-event=\"customEventSPE\" data-fig-domain=\"LEFIGARO\" target=\"_blank\" rel=\"noopener\">Frank McCourt<\/a>\u00a0\u00e0 Pablo Longoria en passant par\u00a0<a href=\"http:\/\/www.lefigaro.fr\/sports\/football\/ligue-1\/om-psg-une-victoire-d-equipe-face-a-un-grand-adversaire-souffle-benatia-qui-ne-s-enflamme-pas-20250923\" data-fig-type=\"NewsFlash\" data-gtm-custom-categorie=\"navigation\" data-gtm-custom-action=\"crossclick\" data-gtm-custom-label=\"Contextuel\" data-gtm-event=\"customEventSPE\" data-fig-domain=\"LEFIGARO\" target=\"_blank\" rel=\"noopener\">Medhi Benatia<\/a>, mais aussi l\u2019entra\u00eeneur\u00a0<a href=\"http:\/\/www.lefigaro.fr\/sports\/football\/ligue-des-champions\/ambitions-marseillaises-europe-au-velodrome-gouiri-dans-le-dur-les-mots-de-de-zerbi-avant-om-ajax-amsterdam-20250929\" data-fig-type=\"NewsFlash\" data-gtm-custom-categorie=\"navigation\" data-gtm-custom-action=\"crossclick\" data-gtm-custom-label=\"Contextuel\" data-gtm-event=\"customEventSPE\" data-fig-domain=\"LEFIGARO\" target=\"_blank\" rel=\"noopener\">Roberto de Zerbi<\/a>, se refusent \u00e0 afficher un objectif pr\u00e9cis en Ligue des champions, se hisser parmi les vingt-quatre \u00e9quipes qualifi\u00e9es du premier tour reste largement dans les cordes du club. Au regard des investissements de l\u2019\u00e9t\u00e9 et des r\u00e9sultats des clubs fran\u00e7ais la saison pass\u00e9e (4\/4 clubs qualifi\u00e9s, Brest,\u00a0<a href=\"http:\/\/www.lefigaro.fr\/sports\/football\/1-0-pour-nous-mais-non-quand-le-president-emmanuel-macron-apprend-l-ouverture-du-score-de-l-om-face-au-psg-juste-avant-de-reconnaitre-l-etat-de-palestine-video-20250928\" data-fig-type=\"NewsFlash\" data-gtm-custom-categorie=\"navigation\" data-gtm-custom-action=\"crossclick\" data-gtm-custom-label=\"Contextuel\" data-gtm-event=\"customEventSPE\" data-fig-domain=\"LEFIGARO\" target=\"_blank\" rel=\"noopener\">Paris-SG<\/a>, AS Monaco, Losc), rester \u00e0 quai serait un \u00e9chec. Ce match contre l\u2019Ajax Amsterdam, apr\u00e8s\u00a0<a href=\"http:\/\/www.lefigaro.fr\/sports\/football\/ligue-des-champions\/real-madrid-om-samir-nasri-en-colere-apres-le-penalty-de-mbappe-20250917\" data-fig-type=\"NewsFlash\" data-gtm-custom-categorie=\"navigation\" data-gtm-custom-action=\"crossclick\" data-gtm-custom-label=\"Contextuel\" data-gtm-event=\"customEventSPE\" data-fig-domain=\"LEFIGARO\" target=\"_blank\" rel=\"noopener\">la d\u00e9faite \u00e0 Madrid en ouverture de C1 (2-1)<\/a>, en dira beaucoup sur les ambitions marseillaises. Favori avant ce rendez-vous, l\u2019OM doit se montrer digne des attentes et lancer sa campagne europ\u00e9enne avec une victoire.<\/p>\n<p>                                    <a class=\"fig-a11y-skip a11y-hidden\" href=\"#fig-a11y-skip-main-inarticle\"><br \/>\n        Passer la publicit\u00e9<br \/>\n    <\/a><\/p>\n<p><strong>Dans quelle dynamique l\u2019OM aborde-t-il sa soir\u00e9e europ\u00e9enne\u00a0?<\/strong><\/p>\n<p class=\"fig-paragraph\">Excellente. Le contingent olympien sort d\u2019une semaine avec deux victoires, contre\u00a0<a href=\"http:\/\/www.lefigaro.fr\/sports\/football\/ligue-1\/les-notes-apres-om-psg-aguerd-heros-rulli-infranchissable-chevalier-fautif-20250922\" data-fig-type=\"NewsFlash\" data-gtm-custom-categorie=\"navigation\" data-gtm-custom-action=\"crossclick\" data-gtm-custom-label=\"Contextuel\" data-gtm-event=\"customEventSPE\" data-fig-domain=\"LEFIGARO\" target=\"_blank\" rel=\"noopener\">le PSG lundi dernier (1-0)\u00a0<\/a>et\u00a0<a href=\"http:\/\/www.lefigaro.fr\/sports\/football\/ligue-1\/satrasbourg-om-murillo-sauveur-la-pepite-barco-gouiri-perd-des-points-les-tops-et-flops-20250926\" data-fig-type=\"NewsFlash\" data-gtm-custom-categorie=\"navigation\" data-gtm-custom-action=\"crossclick\" data-gtm-custom-label=\"Contextuel\" data-gtm-event=\"customEventSPE\" data-fig-domain=\"LEFIGARO\" target=\"_blank\" rel=\"noopener\">le RC Strasbourg vendredi (1-2)<\/a>. Deux succ\u00e8s en Ligue 1 qui replace le club dans les hautes sph\u00e8res du championnat. Depuis la fin du mercato, l\u2019OM a engrang\u00e9 trois victoires en quatre matches, s\u2019inclinant seulement au Bernabeu face au Real Madrid apr\u00e8s avoir longtemps cru \u00e0 une autre issue. Si des progr\u00e8s dans le jeu et la ma\u00eetrise sont attendus, avec une vraie marge de progression, la bande de Roberto De Zerbi pla\u00eet par son \u00e9tat d\u2019esprit, son agressivit\u00e9 et la qualit\u00e9 de son effectif. Impression qu\u2019il faudra confirmer ce mardi soir face aux N\u00e9erlandais.<\/p>\n<p>    <a href=\"https:\/\/photo.lefigaro.fr\/sports\/autres-sports\/les-tops-et-flops-du-week-end-sport-27-et-28-09-2025-20250928\" target=\"_blank\" rel=\"noopener\"><\/p>\n<p class=\"fig-slideshow__title\">\n                    Les tops et flops du week-end sport (27 et 28\/09\/2025)\n                <\/p>\n<p>Acc\u00e9der au diaporama (15)<\/p>\n<p>    <\/a><\/p>\n<p><strong>Quels sont les hommes forts\u2026 et ceux qui doivent en faire plus\u00a0?<\/strong><\/p>\n<p class=\"fig-paragraph\">Si la fin du mercato a mis la fi\u00e8vre sur la Canebi\u00e8re (6 arriv\u00e9es tardives, 12 au total pour 16 d\u00e9parts), l\u2019apport des nouvelles recrues n\u2019a pas tard\u00e9 \u00e0 se faire ressentir. Notamment sur le plan d\u00e9fensif. M\u00e9lange d\u2019exp\u00e9rience, de solidit\u00e9 et d\u2019intelligence de jeu, Pavard, Aguerd, Medina, Emerson font d\u00e9j\u00e0 du bien \u00e0 leur nouvelle \u00e9quipe et \u00e0 leurs partenaires, \u00e0 l\u2019image d\u2019un Balerdi inconstant et qui se sait d\u00e9sormais soumis \u00e0 une rude concurrence. Au milieu de terrain, O\u2019Riley a d\u00e9voil\u00e9 une belle patte gauche mais manque encore de consistance, tandis que Gomes reste un beau joueur de football et Vermeeren a \u00e9t\u00e9 peu vu pour \u00eatre jug\u00e9. Offensivement,\u00a0<a href=\"http:\/\/www.lefigaro.fr\/sports\/football\/ligue-1\/ballon-d-or-c-est-merite-aubameyang-felicite-son-ami-dembele-apres-om-psg-20250923\" data-fig-type=\"NewsFlash\" data-gtm-custom-categorie=\"navigation\" data-gtm-custom-action=\"crossclick\" data-gtm-custom-label=\"Contextuel\" data-gtm-event=\"customEventSPE\" data-fig-domain=\"LEFIGARO\" target=\"_blank\" rel=\"noopener\">Aubameyang<\/a>\u00a0conna\u00eet la maison et r\u00e9pond pr\u00e9sent (3 buts en 6 matches), tandis que<a href=\"http:\/\/www.lefigaro.fr\/sports\/football\/transferts\/piste-par-les-plus-grands-26e-bresilien-5-choses-a-savoir-sur-igor-paixao-qui-pourrait-devenir-la-recrue-la-plus-chere-de-l-histoire-de-l-om-20250723\" data-fig-type=\"NewsFlash\" data-gtm-custom-categorie=\"navigation\" data-gtm-custom-action=\"crossclick\" data-gtm-custom-label=\"Contextuel\" data-gtm-event=\"customEventSPE\" data-fig-domain=\"LEFIGARO\" target=\"_blank\" rel=\"noopener\">\u00a0la recrue la plus ch\u00e8re de l\u2019histoire du club, Paixao<\/a>, a besoin de temps pour s\u2019acclimater. Le Br\u00e9silien peut lancer son aventure marseillaise contre l\u2019Ajax. Le moment serait id\u00e9al.<\/p>\n<p><strong>Que vaut l\u2019Ajax\u00a0?\u00a0<\/strong><\/p>\n<p class=\"fig-paragraph\">Balay\u00e9 par l\u2019Inter Milan \u00e0 domicile (0-2) lors de la premi\u00e8re journ\u00e9e de Ligue des champions, le club n\u00e9erlandais effectue un d\u00e9but de saison poussif. La crise est proche. Ce n\u2019est pas la victoire \u00e9triqu\u00e9e contre le NAC Breda ce week-end (2-1), accompagn\u00e9e de sifflets, qui rassurera les supporters d\u2019un club victorieux de quatre Ligues des champions dans son histoire (1971, 1972, 1973, 1995). Apr\u00e8s sept journ\u00e9es, l\u2019Ajax pointe \u00e0 la troisi\u00e8me place du championnat (4 victoires, 3 nuls) \u00e0 quatre unit\u00e9s de Feyenoord, leader.<\/p>\n<p>    <a href=\"https:\/\/photo.lefigaro.fr\/sports\/football\/ligue-1\/ballon-d-or-les-celebrations-apres-psg-auxerre-en-images-20250928\" target=\"_blank\" rel=\"noopener\"><\/p>\n<p class=\"fig-slideshow__title\">\n                    Ballon d\u2019or\u00a0: les c\u00e9l\u00e9brations apr\u00e8s PSG-Auxerre en images\n                <\/p>\n<p>Acc\u00e9der au diaporama (15)<\/p>\n<p>    <\/a><\/p>\n<p class=\"fig-paragraph\">\u00abL\u2019Ajax n\u2019a pas \u00e9t\u00e9 tr\u00e8s impressionnant cette saison et contre le NAC Breda, l\u2019\u00e9quipe a vraiment touch\u00e9 le fond. C\u2019\u00e9tait dramatique, un fond de jeu inexistant\u00bb, a fustig\u00e9 l\u2019ancien joueur Pierre van Hooijdonk, analyste notamment pour le magazine sp\u00e9cialis\u00e9 Voetbal International. Successeur de Francesco Farioli (ex-Nice) sur le banc, Johnny Heintiga a du mal \u00e0 imposer sa patte. \u00c0 sa d\u00e9charge, l\u2019effectif est limit\u00e9, notamment devant. Wout Weghorst, un temps pressenti dans le groupe, est finalement forfait en raison de douleurs au dos. L\u2019ancien Ni\u00e7ois Kasper Dolberg, arriv\u00e9 le dernier jour du mercato en provenance d\u2019Anderlecht et accueilli comme le messie pour son retour dans un club qui l\u2019avait r\u00e9v\u00e9l\u00e9 entre 2015 et 2019, est lui bless\u00e9 aux abdominaux.<\/p>\n","protected":false},"excerpt":{"rendered":"Battu par le Real Madrid de Kylian Mbapp\u00e9 lors de la premi\u00e8re journ\u00e9e de Ligue des champions (2-1),&hellip;\n","protected":false},"author":2,"featured_media":427727,"comment_status":"","ping_status":"","sticky":false,"template":"","format":"standard","meta":{"footnotes":""},"categories":[1412],"tags":[55666,1451,1452,1453,1454,1455,1011,27,447,884,149,38746,60],"class_list":{"0":"post-427726","1":"post","2":"type-post","3":"status-publish","4":"format-standard","5":"has-post-thumbnail","7":"category-f1","8":"tag-ajax-amsterdam","9":"tag-f1","10":"tag-formula-1","11":"tag-formula1","12":"tag-formule-1","13":"tag-formule1","14":"tag-fr","15":"tag-france","16":"tag-ligue-des-champions","17":"tag-marseille","18":"tag-om","19":"tag-pierre-emerick-aubameyang","20":"tag-sports"},"share_on_mastodon":{"url":"https:\/\/pubeurope.com\/@fr\/115291367965294800","error":""},"_links":{"self":[{"href":"https:\/\/www.europesays.com\/fr\/wp-json\/wp\/v2\/posts\/427726","targetHints":{"allow":["GET"]}}],"collection":[{"href":"https:\/\/www.europesays.com\/fr\/wp-json\/wp\/v2\/posts"}],"about":[{"href":"https:\/\/www.europesays.com\/fr\/wp-json\/wp\/v2\/types\/post"}],"author":[{"embeddable":true,"href":"https:\/\/www.europesays.com\/fr\/wp-json\/wp\/v2\/users\/2"}],"replies":[{"embeddable":true,"href":"https:\/\/www.europesays.com\/fr\/wp-json\/wp\/v2\/comments?post=427726"}],"version-history":[{"count":0,"href":"https:\/\/www.europesays.com\/fr\/wp-json\/wp\/v2\/posts\/427726\/revisions"}],"wp:featuredmedia":[{"embeddable":true,"href":"https:\/\/www.europesays.com\/fr\/wp-json\/wp\/v2\/media\/427727"}],"wp:attachment":[{"href":"https:\/\/www.europesays.com\/fr\/wp-json\/wp\/v2\/media?parent=427726"}],"wp:term":[{"taxonomy":"category","embeddable":true,"href":"https:\/\/www.europesays.com\/fr\/wp-json\/wp\/v2\/categories?post=427726"},{"taxonomy":"post_tag","embeddable":true,"href":"https:\/\/www.europesays.com\/fr\/wp-json\/wp\/v2\/tags?post=427726"}],"curies":[{"name":"wp","href":"https:\/\/api.w.org\/{rel}","templated":true}]}}