{"id":427728,"date":"2025-09-30T04:30:23","date_gmt":"2025-09-30T04:30:23","guid":{"rendered":"https:\/\/www.europesays.com\/fr\/427728\/"},"modified":"2025-09-30T04:30:23","modified_gmt":"2025-09-30T04:30:23","slug":"sur-un-coup-de-tete-ces-trois-jeunes-ont-relie-dieppe-a-annecy-en-velo","status":"publish","type":"post","link":"https:\/\/www.europesays.com\/fr\/427728\/","title":{"rendered":"\u00ab Sur un coup de t\u00eate \u00bb, ces trois jeunes ont reli\u00e9 Dieppe \u00e0 Annecy en v\u00e9lo"},"content":{"rendered":"<p>            Par<br \/>\n        <strong><br \/>\n            <a href=\"https:\/\/actu.fr\/auteur\/mathieu-temorsche\" title=\"Consulter tous les articles de Mathieu Te Morsche\" target=\"_blank\" rel=\"noopener\">Mathieu Te Morsche<\/a><br \/>\n        <\/strong><\/p>\n<p>        Publi\u00e9 le<\/p>\n<p>            29 sept. 2025 \u00e0 13h39        <\/p>\n<p>Dans leurs familles, \u00ab personne n\u2019y croyait \u00bb, glisse Esteban Glachet. Pourtant, avec Nicolas Vauchel et Julian Delalleau, ils l\u2019ont fait : ces trois jeunes de <a href=\"https:\/\/actu.fr\/normandie\/dieppe_76217\" target=\"_blank\" rel=\"noopener\">Dieppe (Seine-Maritime)<\/a>, \u00e2g\u00e9s de 24 et 25 ans, ont ralli\u00e9 la cit\u00e9 d\u2019Ango \u00e0 <a href=\"https:\/\/actu.fr\/auvergne-rhone-alpes\/annecy_74010\" target=\"_blank\" rel=\"noopener\">Annecy<\/a> \u00e0 v\u00e9lo. \u00ab C\u2019est parti d\u2019une blague \u00e0 la base, lance Esteban Glachet. Je cherchais \u00e0 faire un <b>challenge<\/b>. \u00bb<\/p>\n<p class=\" wall-content\">Au d\u00e9part, Amsterdam \u00e9tait vis\u00e9, mais le choix s\u2019est finalement port\u00e9 sur Annecy \u00ab une destination parfaite pour le v\u00e9lo \u00bb, souligne Julian Delalleau.<\/p>\n<p>\u00ab\u00a0Sur un coup de t\u00eate\u00a0\u00bb<\/p>\n<p class=\" wall-content\">Les trois amis l\u2019avouent, toute la pr\u00e9paration de ce d\u00e9fi sportif s\u2019est faite \u00ab au dernier moment \u00bb. \u00ab Un mois avant le d\u00e9part, on a achet\u00e9 nos v\u00e9los \u00bb, sourit Nicolas Vauchel. \u00ab C\u2019est sur un <b>coup de t\u00eate<\/b>, on s\u2019est dit, on y va \u00bb, ajoute Esteban Glachet.<\/p>\n<p class=\" wall-content\">\u00ab \u00c0 force de vacances banales, je voulais le go\u00fbt des vacances <b>m\u00e9rit\u00e9es <\/b>! \u00bb, estime de son c\u00f4t\u00e9 Julian Delalleau. Les Dieppois s\u2019entra\u00eenent sur l\u2019Avenue verte jusqu\u2019\u00e0 <a href=\"https:\/\/actu.fr\/normandie\/neufchatel-en-bray_76462\" target=\"_blank\" rel=\"noopener\">Neufch\u00e2tel<\/a> ainsi qu\u2019\u00e0 la salle de sport.<\/p>\n<p class=\" wall-content\">\u00ab Mais nous avons sous-estim\u00e9 les difficult\u00e9s \u00bb, souffle Esteban Glachet, qui d\u2019ailleurs avoue qu\u2019avant ce d\u00e9fi, il n\u2019\u00e9tait pas remont\u00e9 sur un v\u00e9lo depuis son <b>enfance <\/b>!<\/p>\n<p>Vid\u00e9os : en ce moment sur Actu<\/p>\n<p class=\" wall-content\">Au rythme d\u2019environ <b>110\u00a0km<\/b> par jour, les amis partent de Dieppe le 4 ao\u00fbt 2025 pour arriver \u00e0 Annecy le 11, soit une distance totale d\u2019\u00e0 peu pr\u00e8s 800 km.<\/p>\n<p>Votre r\u00e9gion, votre actu !<\/p>\n<p>Recevez chaque jour les infos qui comptent pour vous.<\/p>\n<p>\t<a href=\"https:\/\/actu.fr\/newsletter\" class=\"ac-btn ac-btn--corner ac-btn--medium ac-btn--blue800\" target=\"_blank\" rel=\"noopener\">S&rsquo;incrire<\/a><\/p>\n<p class=\" wall-content\">Les trois amis embarquent \u00e0 bord de leurs cycles \u2013 non \u00e9lectriques \u2013 des tentes, une douche portative\u2026 mais dormiront finalement plut\u00f4t en chambre d\u2019h\u00f4tes. \u00ab Il n\u2019y avait rien pour planter les tentes \u00bb, t\u00e9moigne Esteban Glachet.<\/p>\n<p>Ni pompe, ni chambre \u00e0 air<\/p>\n<p class=\" wall-content\">Des douleurs \u00e9galement se font sentir, \u00ab mais au bout de deux jours, on ne ressent plus rien \u00bb, assurent les amis. Il y a enfin les al\u00e9as. Esteban raconte s\u2019\u00eatre fait voler ses gants, le porte-bagage de Julian n\u2019est pas adapt\u00e9 \u00e0 son <a href=\"https:\/\/actu.fr\/tag\/velo\" target=\"_blank\" rel=\"noopener\">v\u00e9lo<\/a>, et une crevaison a lieu au quatri\u00e8me jour : \u00ab Nous n\u2019avions<b> pas de pompe<\/b> ou de chambre \u00e0 air ! \u00bb, se souvient Nicolas Vauchel.<\/p>\n<p class=\" wall-content\">La ville la plus proche \u00e9tant \u00e0 20\u00a0km, ce sera Esteban qui fera le trajet aller-retour pour chercher le mat\u00e9riel n\u00e9cessaire \u00e0 la r\u00e9paration. Mais cet \u00e9pisode leur fait prendre conscience que \u00ab tout le monde vous <b>tend la main <\/b>\u00bb. \u00ab Tous les cyclistes se sont arr\u00eat\u00e9s \u00bb, t\u00e9moigne Nicolas Vauchel.<\/p>\n<p class=\" wall-content\">Le trio privil\u00e9gie les voies vertes, puis \u00ab apr\u00e8s Paris, il y avait moins de pistes cyclables \u00bb, constate Julian Delalleau. Si des questionnements se font de temps en temps \u2013 \u00ab Parfois on se demandait pourquoi on faisait ce d\u00e9fi de merde \u00bb, se souvient Nicolas Vauchel -, les Dieppois ne regrettent pas ce <b>trajet insolite<\/b>. Leur retour, quant \u00e0 lui, s\u2019est fait en train.<\/p>\n<p class=\" wall-content\">Leur meilleur souvenir ? \u00ab Pour moi, c\u2019\u00e9taient les <b>rencontres <\/b>\u00bb, estime Nicolas. Il est rejoint sur ce point par Esteban, qui cite la rencontre avec \u00ab G\u00e9g\u00e9 \u00bb, un cycliste qui leur a donn\u00e9 des conseils et avec qui ils sont rest\u00e9s en contact. Julian, lui, \u00e9voque les paysages, notamment une vue sur un village pr\u00e8s de Tonnerre, dans l\u2019<a href=\"https:\/\/actu.fr\/bourgogne-franche-comte\/yonne_89\" target=\"_blank\" rel=\"noopener\">Yonne<\/a>, qui l\u2019a marqu\u00e9.<\/p>\n<p class=\" wall-content\">Ce voyage leur a donn\u00e9 envie de renouveler l\u2019exp\u00e9rience, \u00ab mais en \u00e9tant <b>mieux organis\u00e9s <\/b>\u00bb, sourit Esteban. \u00ab Nous avions pris plein de choses qui n\u2019ont servi \u00e0 rien, comme trop de v\u00eatements \u00bb, ajoute-t-il.<\/p>\n<p class=\" wall-content\">Cette vir\u00e9e sportive a m\u00eame fait changer d\u2019habitudes certains : \u00ab Depuis ce voyage, je vais \u00e0 v\u00e9lo au travail \u00bb, confie Nicolas.<\/p>\n<p class=\" wall-content\">Personnalisez votre actualit\u00e9 en ajoutant vos villes et m\u00e9dias en favori avec <a href=\"https:\/\/moncompte.actu.fr\" title=\"D\u00e9couvez Mon Actu\" rel=\"nofollow noopener\" data-trk=\"{&quot;cta&quot;:{&quot;action&quot;:&quot;https:\\\/\\\/moncompte.actu.fr&quot;,&quot;category&quot;:&quot;mon compte&quot;,&quot;from&quot;:&quot;article footer&quot;,&quot;name&quot;:&quot;Mon actu&quot;,&quot;type&quot;:&quot;cta&quot;}}\" target=\"_blank\">Mon Actu<\/a>.<\/p>\n","protected":false},"excerpt":{"rendered":"Par Mathieu Te Morsche Publi\u00e9 le 29 sept. 2025 \u00e0 13h39 Dans leurs familles, \u00ab personne n\u2019y croyait&hellip;\n","protected":false},"author":2,"featured_media":427729,"comment_status":"","ping_status":"","sticky":false,"template":"","format":"standard","meta":{"footnotes":""},"categories":[1411],"tags":[1154,207,1011,27,1757,104,60,240,208],"class_list":{"0":"post-427728","1":"post","2":"type-post","3":"status-publish","4":"format-standard","5":"has-post-thumbnail","7":"category-cyclisme","8":"tag-cycling","9":"tag-cyclisme","10":"tag-fr","11":"tag-france","12":"tag-insolite","13":"tag-societe","14":"tag-sports","15":"tag-temoignage","16":"tag-velo"},"share_on_mastodon":{"url":"https:\/\/pubeurope.com\/@fr\/115291371887949511","error":""},"_links":{"self":[{"href":"https:\/\/www.europesays.com\/fr\/wp-json\/wp\/v2\/posts\/427728","targetHints":{"allow":["GET"]}}],"collection":[{"href":"https:\/\/www.europesays.com\/fr\/wp-json\/wp\/v2\/posts"}],"about":[{"href":"https:\/\/www.europesays.com\/fr\/wp-json\/wp\/v2\/types\/post"}],"author":[{"embeddable":true,"href":"https:\/\/www.europesays.com\/fr\/wp-json\/wp\/v2\/users\/2"}],"replies":[{"embeddable":true,"href":"https:\/\/www.europesays.com\/fr\/wp-json\/wp\/v2\/comments?post=427728"}],"version-history":[{"count":0,"href":"https:\/\/www.europesays.com\/fr\/wp-json\/wp\/v2\/posts\/427728\/revisions"}],"wp:featuredmedia":[{"embeddable":true,"href":"https:\/\/www.europesays.com\/fr\/wp-json\/wp\/v2\/media\/427729"}],"wp:attachment":[{"href":"https:\/\/www.europesays.com\/fr\/wp-json\/wp\/v2\/media?parent=427728"}],"wp:term":[{"taxonomy":"category","embeddable":true,"href":"https:\/\/www.europesays.com\/fr\/wp-json\/wp\/v2\/categories?post=427728"},{"taxonomy":"post_tag","embeddable":true,"href":"https:\/\/www.europesays.com\/fr\/wp-json\/wp\/v2\/tags?post=427728"}],"curies":[{"name":"wp","href":"https:\/\/api.w.org\/{rel}","templated":true}]}}