{"id":427732,"date":"2025-09-30T04:32:29","date_gmt":"2025-09-30T04:32:29","guid":{"rendered":"https:\/\/www.europesays.com\/fr\/427732\/"},"modified":"2025-09-30T04:32:29","modified_gmt":"2025-09-30T04:32:29","slug":"ces-deux-celebrites-doivent-se-battre-pres-de-lyon-la-prefete-linterdit","status":"publish","type":"post","link":"https:\/\/www.europesays.com\/fr\/427732\/","title":{"rendered":"Ces deux c\u00e9l\u00e9brit\u00e9s doivent se battre pr\u00e8s de Lyon, la pr\u00e9f\u00e8te l&rsquo;interdit"},"content":{"rendered":"<p>            Par<br \/>\n        <strong><br \/>\n            <a href=\"https:\/\/actu.fr\/auteur\/redaction-lyon\" title=\"Consulter tous les articles de R\u00e9daction Lyon\" target=\"_blank\" rel=\"noopener\">R\u00e9daction Lyon<\/a><br \/>\n        <\/strong><\/p>\n<p>        Publi\u00e9 le<\/p>\n<p>            29 sept. 2025 \u00e0 18h27        <\/p>\n<p>C\u2019est non. La pr\u00e9f\u00e8te de l\u2019Ain, Chantal Mauchet, a d\u00e9cid\u00e9 d\u2019interdire un combat de MMA pr\u00e9vu le 4 octobre entre les deux influenceurs, <strong>Illan Castronovo et Toto<\/strong>, qui devait avoir lieu au Tilt, club bien connu de Massieux (Ain) situ\u00e9 pr\u00e8s de la m\u00e9tropole de <a href=\"https:\/\/actu.fr\/auvergne-rhone-alpes\/lyon_69123\" target=\"_blank\" rel=\"noopener\">Lyon<\/a>.\u00a0<\/p>\n<p>    <a href=\"https:\/\/www.google.com\/maps\/embed?pb=!1m18!1m12!1m3!1d105739.54714358039!2d4.8854969586564625!3d45.85880012118179!2m3!1f0!2f0!3f0!3m2!1i1024!2i768!4f13.1!3m3!1m2!1s0x47f496e6ea73208d%3A0xdad795a6a46030bf!2sTilt*21%20-%20Pub%20%26%20Club%20-%20Massieux!5e0!3m2!1sfr!2sfr!4v1759160206372!5m2!1sfr!2sfr\" title=\"Ouvrie le lien\" target=\"_blank\" rel=\"noopener\">Cliquez ici pour visualiser le contenu<\/a><\/p>\n<p>Un \u00e9v\u00e9nement qui fait du bruit sur les r\u00e9seaux sociaux<\/p>\n<p class=\" wall-content\">Cet \u00e9v\u00e9nement annonc\u00e9 sur Tiktok et Instagram commen\u00e7ait \u00e0 prendre \u00e9norm\u00e9ment d\u2019ampleur\u2026 mais il ne respectait pas plusieurs r\u00e8gles. La pr\u00e9f\u00e8te donne des pr\u00e9cisions au <a href=\"https:\/\/www.leprogres.fr\/faits-divers-justice\/2025\/09\/29\/combat-de-mma-entre-influenceurs-a-massieux-la-prefete-explique-pourquoi-elle-interdit-l-evenement\" target=\"_blank\" rel=\"noopener\">Progr\u00e8s<\/a> sur ce qui a motiv\u00e9 l\u2019interdiction du combat.\u00a0<\/p>\n<p class=\" wall-content\">Chantal Mauchet reproche \u00e0 l\u2019association organisatrice de ce combat pr\u00e9vu dans une cage de ne pas \u00eatre \u00ab\u00a0affili\u00e9e \u00e0 la F\u00e9d\u00e9ration fran\u00e7aise de kickboxing, muay-tha\u00ef et disciplines associ\u00e9es\u00a0\u00bb pour la saison en cours. <strong>Un d\u00e9faut d\u2019organisation<\/strong> qui ne permet pas la tenue du duel entre les deux hommes connus pour avoir \u00e9t\u00e9 des candidats d\u2019\u00e9missions de t\u00e9l\u00e9r\u00e9alit\u00e9.\u00a0<\/p>\n<p>L\u2019\u00e9v\u00e9nement pas d\u00e9clar\u00e9 \u00ab\u00a0un mois \u00e0 l\u2019avance\u00a0\u00bb<\/p>\n<p class=\" wall-content\">La repr\u00e9sentante de l\u2019\u00c9tat ajoute que \u00ab\u00a0sans d\u00e9claration pr\u00e9alable un mois \u00e0 l\u2019avance, <strong>les conditions d\u2019organisation ne peuvent pas \u00eatre v\u00e9rifi\u00e9es<\/strong> \u00bb. Un arr\u00eat\u00e9 a donc \u00e9t\u00e9 pris pour interdire l\u2019\u00e9v\u00e9nement.<\/p>\n<p class=\" wall-content\"><a href=\"https:\/\/www.instagram.com\/p\/DPHeftVDTak\/embed\" title=\"Ouvrir le lien sur Instagram\" target=\"_blank\" rel=\"noopener\">Visualiser le contenu sur Instagram<\/a><\/p>\n<blockquote class=\"ac-article-quote wall-content\">\n<p>L\u2019\u00e9v\u00e9nement MMA pr\u00e9vu le 4 octobre \u00e0 Lyon est report\u00e9 suite \u00e0 un arr\u00eat\u00e9 pr\u00e9fectoral. Pas d\u2019inqui\u00e9tude : il sera reprogramm\u00e9 tr\u00e8s bient\u00f4t dans un nouveau lieu et \u00e0 une nouvelle date. Tous les billets sont int\u00e9gralement rembours\u00e9s.<\/p>\n<p>    <strong>Illan Castronovo sur Instagram<\/strong>\n            <\/p><\/blockquote>\n<p class=\" wall-content\">Illan Castronovo, Lyonnais d\u2019origine, a donc promis \u00e0 ses abonn\u00e9s de reprogrammer une date pour ce combat en cage qui a d\u00e9j\u00e0 \u00e9t\u00e9 annul\u00e9 une premi\u00e8re fois en mai, \u00e0 la derni\u00e8re minute. Illan avait alors choisi d\u2019abandonner avant le d\u00e9but du combat, provoquant la col\u00e8re des fans et g\u00e9n\u00e9rant des doutes sur sa capacit\u00e9 \u00e0 affronter Toto, combattant plus exp\u00e9riment\u00e9.<\/p>\n<p class=\" wall-content\">Personnalisez votre actualit\u00e9 en ajoutant vos villes et m\u00e9dias en favori avec <a href=\"https:\/\/moncompte.actu.fr\" title=\"D\u00e9couvez Mon Actu\" rel=\"nofollow noopener\" data-trk=\"{&quot;cta&quot;:{&quot;action&quot;:&quot;https:\\\/\\\/moncompte.actu.fr&quot;,&quot;category&quot;:&quot;mon compte&quot;,&quot;from&quot;:&quot;article footer&quot;,&quot;name&quot;:&quot;Mon actu&quot;,&quot;type&quot;:&quot;cta&quot;}}\" target=\"_blank\">Mon Actu<\/a>.<\/p>\n<p>                    <script async src=\"\/\/www.instagram.com\/embed.js\"><\/script><\/p>\n","protected":false},"excerpt":{"rendered":"Par R\u00e9daction Lyon Publi\u00e9 le 29 sept. 2025 \u00e0 18h27 C\u2019est non. La pr\u00e9f\u00e8te de l\u2019Ain, Chantal Mauchet,&hellip;\n","protected":false},"author":2,"featured_media":427733,"comment_status":"","ping_status":"","sticky":false,"template":"","format":"standard","meta":{"footnotes":""},"categories":[1359],"tags":[58,59,1011,27,2440,973,104,2439],"class_list":{"0":"post-427732","1":"post","2":"type-post","3":"status-publish","4":"format-standard","5":"has-post-thumbnail","7":"category-people","8":"tag-divertissement","9":"tag-entertainment","10":"tag-fr","11":"tag-france","12":"tag-instagram","13":"tag-people","14":"tag-societe","15":"tag-tiktok"},"share_on_mastodon":{"url":"https:\/\/pubeurope.com\/@fr\/115291379755604147","error":""},"_links":{"self":[{"href":"https:\/\/www.europesays.com\/fr\/wp-json\/wp\/v2\/posts\/427732","targetHints":{"allow":["GET"]}}],"collection":[{"href":"https:\/\/www.europesays.com\/fr\/wp-json\/wp\/v2\/posts"}],"about":[{"href":"https:\/\/www.europesays.com\/fr\/wp-json\/wp\/v2\/types\/post"}],"author":[{"embeddable":true,"href":"https:\/\/www.europesays.com\/fr\/wp-json\/wp\/v2\/users\/2"}],"replies":[{"embeddable":true,"href":"https:\/\/www.europesays.com\/fr\/wp-json\/wp\/v2\/comments?post=427732"}],"version-history":[{"count":0,"href":"https:\/\/www.europesays.com\/fr\/wp-json\/wp\/v2\/posts\/427732\/revisions"}],"wp:featuredmedia":[{"embeddable":true,"href":"https:\/\/www.europesays.com\/fr\/wp-json\/wp\/v2\/media\/427733"}],"wp:attachment":[{"href":"https:\/\/www.europesays.com\/fr\/wp-json\/wp\/v2\/media?parent=427732"}],"wp:term":[{"taxonomy":"category","embeddable":true,"href":"https:\/\/www.europesays.com\/fr\/wp-json\/wp\/v2\/categories?post=427732"},{"taxonomy":"post_tag","embeddable":true,"href":"https:\/\/www.europesays.com\/fr\/wp-json\/wp\/v2\/tags?post=427732"}],"curies":[{"name":"wp","href":"https:\/\/api.w.org\/{rel}","templated":true}]}}