{"id":427734,"date":"2025-09-30T04:33:21","date_gmt":"2025-09-30T04:33:21","guid":{"rendered":"https:\/\/www.europesays.com\/fr\/427734\/"},"modified":"2025-09-30T04:33:21","modified_gmt":"2025-09-30T04:33:21","slug":"mirepoix-quand-les-racines-dolivier-deviennent-oeuvres-dart","status":"publish","type":"post","link":"https:\/\/www.europesays.com\/fr\/427734\/","title":{"rendered":"Mirepoix. Quand les racines d\u2019olivier deviennent \u0153uvres d\u2019art"},"content":{"rendered":"<p>\n                                                                    l&rsquo;essentiel<br \/>\n                                                                Install\u00e9 dans l\u2019Aude, Giovanni Ricciardi d\u00e9voilera ses sculptures \u00e0 l\u2019Office de Tourisme. Entre baroque, racines d\u2019olivier et qu\u00eate int\u00e9rieure, l\u2019artiste italien expose un parcours aussi singulier qu\u2019inspir\u00e9.\n                            <\/p>\n<p>Le sculpteur italien Giovanni Ricciardi, install\u00e9 en France depuis pr\u00e8s de dix ans, pr\u00e9sentera ses \u0153uvres \u00e0 la galerie d\u2019art de l\u2019Office de Tourisme, du mardi 30 septembre au lundi 13 octobre inclus.<\/p>\n<p>Tr\u00e8s jeune, Giovanni s\u2019est d\u00e9couvert une passion pour la cr\u00e9ation en fa\u00e7onnant l\u2019argile, inspir\u00e9 par les sculptures napolitaines traditionnelles. Influenc\u00e9 par le baroque et le Caravage, il d\u00e9cide \u00e0 24 ans de quitter Naples pour le nord de l\u2019Italie.<\/p>\n<p>Dans ses d\u00e9buts, le sculpteur confie avoir manqu\u00e9 de confiance en lui. Il r\u00e9alisait des sculptures sans trouver le courage de s\u2019exprimer vraiment. La motivation est venue d\u2019une rencontre, d\u00e9terminante pour mon avenir d\u2019artiste, avec une personne c\u00e9l\u00e8bre du monde de la mode qui a montr\u00e9 l\u2019une de ses cr\u00e9ations \u00e0 un collectionneur de renom, lequel lui a confirm\u00e9 qu\u2019il avait du talent.<\/p>\n<p>Un parcours entre Italie et Aude, guid\u00e9 par l\u2019intuition artistique<\/p>\n<p>Par la suite, Giovanni a particip\u00e9 \u00e0 plusieurs expositions internationales et ouvert ses propres galeries en Sicile et en Toscane o\u00f9 il exposait des sculptures en marbre et en racines d\u2019olivier. Le d\u00e9fi pour l\u2019artiste avec ce mat\u00e9riau vivant \u00e9tait de capter son \u00e9nergie et de se laisser guider afin de cr\u00e9er une \u0153uvre abstraite harmonieuse, sans avoir une id\u00e9e bien d\u00e9finie du r\u00e9sultat final.<\/p>\n<p>Plus tard, des circonstances personnelles l\u2019ont conduit \u00e0 quitter l\u2019Italie pour se retrouver en France, en r\u00e9sidence \u00e0 Saint-Henri, une ferme audoise dans les collines de la Pi\u00e8ge o\u00f9, tous les ans, se d\u00e9roulait une vente aux ench\u00e8res d\u2019\u0153uvres d\u2019artistes de toutes nationalit\u00e9s. Aujourd\u2019hui install\u00e9 \u00e0 Villasavary (Aude), il se consacre enti\u00e8rement \u00e0 une pratique artistique en r\u00e9sonance avec lui-m\u00eame.<\/p>\n<p>\u00ab\u00a0C\u2019est une n\u00e9cessit\u00e9, une sorte de magie o\u00f9 le temps s\u2019arr\u00eate. Au fur et \u00e0 mesure de l\u2019exp\u00e9rience, mon regard s\u2019affine, ce qui me donne plus de possibilit\u00e9s de fa\u00e7onner l\u2019objet \u00e0 mon go\u00fbt\u00a0\u00bb, explique-t-il.<\/p>\n<p>S\u2019il s\u2019est aussi essay\u00e9 \u00e0 la peinture acrylique sur grand format, Giovanni demeure avant tout un sculpteur dans l\u2019\u00e2me.<\/p>\n","protected":false},"excerpt":{"rendered":"l&rsquo;essentiel Install\u00e9 dans l\u2019Aude, Giovanni Ricciardi d\u00e9voilera ses sculptures \u00e0 l\u2019Office de Tourisme. Entre baroque, racines d\u2019olivier et&hellip;\n","protected":false},"author":2,"featured_media":427735,"comment_status":"","ping_status":"","sticky":false,"template":"","format":"standard","meta":{"footnotes":""},"categories":[1358],"tags":[1348,1384,1385,1386,58,59,1011,27],"class_list":{"0":"post-427734","1":"post","2":"type-post","3":"status-publish","4":"format-standard","5":"has-post-thumbnail","7":"category-arts-et-design","8":"tag-arts","9":"tag-arts-and-design","10":"tag-arts-et-design","11":"tag-design","12":"tag-divertissement","13":"tag-entertainment","14":"tag-fr","15":"tag-france"},"share_on_mastodon":{"url":"https:\/\/pubeurope.com\/@fr\/115291383613155622","error":""},"_links":{"self":[{"href":"https:\/\/www.europesays.com\/fr\/wp-json\/wp\/v2\/posts\/427734","targetHints":{"allow":["GET"]}}],"collection":[{"href":"https:\/\/www.europesays.com\/fr\/wp-json\/wp\/v2\/posts"}],"about":[{"href":"https:\/\/www.europesays.com\/fr\/wp-json\/wp\/v2\/types\/post"}],"author":[{"embeddable":true,"href":"https:\/\/www.europesays.com\/fr\/wp-json\/wp\/v2\/users\/2"}],"replies":[{"embeddable":true,"href":"https:\/\/www.europesays.com\/fr\/wp-json\/wp\/v2\/comments?post=427734"}],"version-history":[{"count":0,"href":"https:\/\/www.europesays.com\/fr\/wp-json\/wp\/v2\/posts\/427734\/revisions"}],"wp:featuredmedia":[{"embeddable":true,"href":"https:\/\/www.europesays.com\/fr\/wp-json\/wp\/v2\/media\/427735"}],"wp:attachment":[{"href":"https:\/\/www.europesays.com\/fr\/wp-json\/wp\/v2\/media?parent=427734"}],"wp:term":[{"taxonomy":"category","embeddable":true,"href":"https:\/\/www.europesays.com\/fr\/wp-json\/wp\/v2\/categories?post=427734"},{"taxonomy":"post_tag","embeddable":true,"href":"https:\/\/www.europesays.com\/fr\/wp-json\/wp\/v2\/tags?post=427734"}],"curies":[{"name":"wp","href":"https:\/\/api.w.org\/{rel}","templated":true}]}}