{"id":427736,"date":"2025-09-30T04:34:20","date_gmt":"2025-09-30T04:34:20","guid":{"rendered":"https:\/\/www.europesays.com\/fr\/427736\/"},"modified":"2025-09-30T04:34:20","modified_gmt":"2025-09-30T04:34:20","slug":"bagneres-de-bigorre-le-livre-sexpose-aussi-en-bd-et-photographies","status":"publish","type":"post","link":"https:\/\/www.europesays.com\/fr\/427736\/","title":{"rendered":"Bagn\u00e8res-de-Bigorre. Le livre s\u2019expose aussi en BD et photographies"},"content":{"rendered":"<p>C\u2019est un partenariat qui va de soi. La m\u00e9diath\u00e8que est au c\u00f4t\u00e9 de Binaros au Salon du Livre pyr\u00e9n\u00e9en. Si les deux structures ont en commun le livre et, par cons\u00e9quent, la lecture, cette derni\u00e8re s\u2019exprime sous diff\u00e9rentes formes. Le \u00ab\u00a0bouquin\u00a0\u00bb est toujours l\u00e0, mais se d\u00e9finit de diverses mani\u00e8res. Ainsi, l\u2019organisation de l\u2019exposition de SB Cazes compl\u00e8te et illustre le propos, d\u2019autant que le sujet des chauves-souris fascine dans tout le pi\u00e9mont pyr\u00e9n\u00e9en, un territoire comme fil conducteur du salon.<\/p>\n<p>Le partenariat avec Seb n\u2019est pas nouveau puisqu\u2019il avait r\u00e9alis\u00e9 l\u2019affiche il y a deux ans avant de se pencher, t\u00eate haute, dans cette \u00ab\u00a0Chronique d\u2019une vie \u00e0 l\u2019envers. Une nuit avec les chauves-souris\u00a0\u00bb, une BD didactique et humoriste, cosign\u00e9e avec Laurent Tillon.<\/p>\n<p>L\u2019occasion donc d\u2019aller faire un tour au Salon du Livre pour d\u00e9couvrir toutes les nouveaut\u00e9s du monde pyr\u00e9n\u00e9en et surtout les prim\u00e9s Binaros 2025. On y feuillette des ouvrages, on regarde des photos et des films, on rentre dans des d\u00e9bats contemporains gr\u00e2ce aux caf\u00e9s litt\u00e9raires, et lors des tables rondes, on rencontre autrices et auteurs. Les partenaires locaux et les professionnels de l\u2019\u00e9dition sont aussi pr\u00e9sents, et les jeunes sont particuli\u00e8rement g\u00e2t\u00e9s avec des animations, des ateliers\u2026 et m\u00eame un rallye. On ne doute pas que les adultes les suivront de pr\u00e8s !<\/p>\n<p>Salon : 4 et 5 oct. au Carr\u00e9 PyEntr\u00e9e gratuite \u2013Programme : salondulivre-pyreneen.frExpo \u00e0 la m\u00e9diath\u00e8que jusqu\u2019au 11 octobre.<\/p>\n","protected":false},"excerpt":{"rendered":"C\u2019est un partenariat qui va de soi. La m\u00e9diath\u00e8que est au c\u00f4t\u00e9 de Binaros au Salon du Livre&hellip;\n","protected":false},"author":2,"featured_media":427737,"comment_status":"","ping_status":"","sticky":false,"template":"","format":"standard","meta":{"footnotes":""},"categories":[1357],"tags":[1379,58,59,1011,27,1380],"class_list":{"0":"post-427736","1":"post","2":"type-post","3":"status-publish","4":"format-standard","5":"has-post-thumbnail","7":"category-livres","8":"tag-books","9":"tag-divertissement","10":"tag-entertainment","11":"tag-fr","12":"tag-france","13":"tag-livres"},"share_on_mastodon":{"url":"https:\/\/pubeurope.com\/@fr\/115291387680966568","error":""},"_links":{"self":[{"href":"https:\/\/www.europesays.com\/fr\/wp-json\/wp\/v2\/posts\/427736","targetHints":{"allow":["GET"]}}],"collection":[{"href":"https:\/\/www.europesays.com\/fr\/wp-json\/wp\/v2\/posts"}],"about":[{"href":"https:\/\/www.europesays.com\/fr\/wp-json\/wp\/v2\/types\/post"}],"author":[{"embeddable":true,"href":"https:\/\/www.europesays.com\/fr\/wp-json\/wp\/v2\/users\/2"}],"replies":[{"embeddable":true,"href":"https:\/\/www.europesays.com\/fr\/wp-json\/wp\/v2\/comments?post=427736"}],"version-history":[{"count":0,"href":"https:\/\/www.europesays.com\/fr\/wp-json\/wp\/v2\/posts\/427736\/revisions"}],"wp:featuredmedia":[{"embeddable":true,"href":"https:\/\/www.europesays.com\/fr\/wp-json\/wp\/v2\/media\/427737"}],"wp:attachment":[{"href":"https:\/\/www.europesays.com\/fr\/wp-json\/wp\/v2\/media?parent=427736"}],"wp:term":[{"taxonomy":"category","embeddable":true,"href":"https:\/\/www.europesays.com\/fr\/wp-json\/wp\/v2\/categories?post=427736"},{"taxonomy":"post_tag","embeddable":true,"href":"https:\/\/www.europesays.com\/fr\/wp-json\/wp\/v2\/tags?post=427736"}],"curies":[{"name":"wp","href":"https:\/\/api.w.org\/{rel}","templated":true}]}}