{"id":427738,"date":"2025-09-30T04:35:10","date_gmt":"2025-09-30T04:35:10","guid":{"rendered":"https:\/\/www.europesays.com\/fr\/427738\/"},"modified":"2025-09-30T04:35:10","modified_gmt":"2025-09-30T04:35:10","slug":"vers-des-baisses-dimpots-en-faveur-du-travail","status":"publish","type":"post","link":"https:\/\/www.europesays.com\/fr\/427738\/","title":{"rendered":"vers des baisses d&rsquo;imp\u00f4ts \u00ab\u00a0en faveur du travail\u00a0\u00bb ?"},"content":{"rendered":"<p>Budget: vers des baisses d&rsquo;imp\u00f4ts \u00ab\u00a0en faveur du travail\u00a0\u00bb ?Sur le m\u00eame sujet<a href=\"https:\/\/www.bfmtv.com\/politique\/video-budget-vers-des-baisses-d-impots-en-faveur-du-travail_VN-202509300062.html\" title=\"Budget: vers des baisses d&#039;imp\u00f4ts &quot;en faveur du travail&quot; ?\" rel=\"nofollow noopener\" target=\"_blank\"><img width=\"16\" height=\"9\" class=\"lozad\"  alt=\"Budget: vers des baisses d'imp\u00f4ts &quot;en faveur du travail&quot; ?\"\/>en lectureBudget: vers des baisses d&rsquo;imp\u00f4ts \u00ab\u00a0en faveur du travail\u00a0\u00bb ?<\/a><a href=\"https:\/\/www.bfmtv.com\/replay-emissions\/bfm-grand-soir\/video-2027-percee-de-glucksmann-dans-les-sondages-29-09_VN-202509291050.html\" title=\"2027 : perc\u00e9e de Glucksmann dans les sondages - 29\/09\" rel=\"nofollow noopener\" target=\"_blank\"><img width=\"16\" height=\"9\" class=\"lozad\"  alt=\"2027 : perc\u00e9e de Glucksmann dans les sondages - 29\/09\"\/>4:152027 : perc\u00e9e de Glucksmann dans les sondages &#8211; 29\/09<\/a><a href=\"https:\/\/www.bfmtv.com\/societe\/video-une-affiche-d-une-strasbourgeoise-voilee-fait-polemique_VN-202509291024.html\" title=\"Une affiche d&#039;une strasbourgeoise voil\u00e9e fait pol\u00e9mique\" rel=\"nofollow noopener\" target=\"_blank\"><img width=\"16\" height=\"9\" class=\"lozad\"  alt=\"Une affiche d'une strasbourgeoise voil\u00e9e fait pol\u00e9mique\"\/>2:56Une affiche d&rsquo;une strasbourgeoise voil\u00e9e fait pol\u00e9mique<\/a><a href=\"https:\/\/www.bfmtv.com\/replay-emissions\/bfm-grand-soir\/video-impots-budget-qui-va-payer-29-09_VN-202509291023.html\" title=\"Imp\u00f4ts, budget : qui va payer ? - 29\/09\" rel=\"nofollow noopener\" target=\"_blank\"><img width=\"16\" height=\"9\" class=\"lozad\"  alt=\"Imp\u00f4ts, budget : qui va payer ? - 29\/09\"\/>41:27Imp\u00f4ts, budget : qui va payer ? &#8211; 29\/09<\/a><a href=\"https:\/\/www.bfmtv.com\/economie\/video-economie-le-sujet-de-la-france-il-est-simple-c-est-notre-decrochage-depuis-20-ans-en-termes-de-creation-de-richesse-estime-alexandre-saubot-president-de-france-industrie_VN-202509291012.html\" title=\"\u00c9conomie: &quot;Le sujet de la France, il est simple, c&#039;est notre d\u00e9crochage depuis 20 ans en termes de cr\u00e9ation de richesse&quot;, estime Alexandre Saubot, pr\u00e9sident de France Industrie\" rel=\"nofollow noopener\" target=\"_blank\"><img width=\"16\" height=\"9\" class=\"lozad\"  alt=\"\u00c9conomie: &quot;Le sujet de la France, il est simple, c'est notre d\u00e9crochage depuis 20 ans en termes de cr\u00e9ation de richesse&quot;, estime Alexandre Saubot, pr\u00e9sident de France Industrie\"\/>0:57\u00c9conomie: \u00ab\u00a0Le sujet de la France, il est simple, c&rsquo;est notre d\u00e9crochage depuis 20 ans en termes de cr\u00e9ation de richesse\u00a0\u00bb, estime Alexandre Saubot, pr\u00e9sident de France Industrie<\/a><a href=\"https:\/\/www.bfmtv.com\/police-justice\/video-henri-guaino-ancien-conseiller-special-de-nicolas-sarkozy-a-l-elysee-evoque-une-derive-de-l-institution-judiciaire_VN-202509290997.html\" title=\"Henri Guaino, ancien conseiller sp\u00e9cial de Nicolas Sarkozy \u00e0 l&#039;\u00c9lys\u00e9e, \u00e9voque une &quot;d\u00e9rive&quot; de l&#039;institution judiciaire\" rel=\"nofollow noopener\" target=\"_blank\"><img width=\"16\" height=\"9\" class=\"lozad\"  alt=\"Henri Guaino, ancien conseiller sp\u00e9cial de Nicolas Sarkozy \u00e0 l'\u00c9lys\u00e9e, \u00e9voque une &quot;d\u00e9rive&quot; de l'institution judiciaire\"\/>2:07Henri Guaino, ancien conseiller sp\u00e9cial de Nicolas Sarkozy \u00e0 l&rsquo;\u00c9lys\u00e9e, \u00e9voque une \u00ab\u00a0d\u00e9rive\u00a0\u00bb de l&rsquo;institution judiciaire<\/a><a href=\"https:\/\/www.bfmtv.com\/economie\/video-le-choix-d-amelie-pourquoi-y-a-t-il-un-tel-ecart-entre-le-salaire-net-et-le-salaire-brut_VN-202509290922.html\" title=\"LE CHOIX D&#039;AM\u00c9LIE - Pourquoi y a-t-il un tel \u00e9cart entre le salaire net et le salaire brut?\" rel=\"nofollow noopener\" target=\"_blank\"><img width=\"16\" height=\"9\" class=\"lozad\"  alt=\"LE CHOIX D'AM\u00c9LIE - Pourquoi y a-t-il un tel \u00e9cart entre le salaire net et le salaire brut?\"\/>4:23LE CHOIX D&rsquo;AM\u00c9LIE &#8211; Pourquoi y a-t-il un tel \u00e9cart entre le salaire net et le salaire brut?<\/a><a href=\"https:\/\/www.bfmtv.com\/politique\/video-condamnation-de-nicolas-sarkozy-il-n-a-pas-ete-juge-dans-des-conditions-ordinaires-estime-patrick-klugman-avocat-au-barreau-de-paris_VN-202509290894.html\" title=\"Condamnation de Nicolas Sarkozy: &quot;Il n&#039;a pas \u00e9t\u00e9 jug\u00e9 dans des conditions ordinaires&quot;, estime Patrick Klugman, avocat au barreau de Paris\" rel=\"nofollow noopener\" target=\"_blank\"><img width=\"16\" height=\"9\" class=\"lozad\"  alt=\"Condamnation de Nicolas Sarkozy: &quot;Il n'a pas \u00e9t\u00e9 jug\u00e9 dans des conditions ordinaires&quot;, estime Patrick Klugman, avocat au barreau de Paris\"\/>0:48Condamnation de Nicolas Sarkozy: \u00ab\u00a0Il n&rsquo;a pas \u00e9t\u00e9 jug\u00e9 dans des conditions ordinaires\u00a0\u00bb, estime Patrick Klugman, avocat au barreau de Paris<\/a><a href=\"https:\/\/www.bfmtv.com\/politique\/video-condamnation-de-nicolas-sarkozy-pour-patrick-klugman-avocat-au-barreau-de-paris-un-tribunal-peut-se-tromper-sur-une-decision_VN-202509290872.html\" title=\"Condamnation de Nicolas Sarkozy: pour Patrick Klugman, avocat au barreau de Paris, &quot;un tribunal peut se tromper&quot; sur une d\u00e9cision\" rel=\"nofollow noopener\" target=\"_blank\"><img width=\"16\" height=\"9\" class=\"lozad\"  alt=\"Condamnation de Nicolas Sarkozy: pour Patrick Klugman, avocat au barreau de Paris, &quot;un tribunal peut se tromper&quot; sur une d\u00e9cision\"\/>2:26Condamnation de Nicolas Sarkozy: pour Patrick Klugman, avocat au barreau de Paris, \u00ab\u00a0un tribunal peut se tromper\u00a0\u00bb sur une d\u00e9cision<\/a><a href=\"https:\/\/www.bfmtv.com\/politique\/video-condamnation-de-nicolas-sarkozy-la-reaction-de-jean-pierre-raffarin-ancien-premier-ministre_VN-202509290861.html\" title=\"Condamnation de Nicolas Sarkozy: la r\u00e9action de Jean-Pierre Raffarin, ancien Premier ministre\" rel=\"nofollow noopener\" target=\"_blank\"><img width=\"16\" height=\"9\" class=\"lozad\"  alt=\"Condamnation de Nicolas Sarkozy: la r\u00e9action de Jean-Pierre Raffarin, ancien Premier ministre\"\/>17:29Condamnation de Nicolas Sarkozy: la r\u00e9action de Jean-Pierre Raffarin, ancien Premier ministre<\/a><a href=\"https:\/\/www.bfmtv.com\/police-justice\/video-condamnation-de-nicolas-sarkozy-fabrice-arfi-mediapart-assure-que-la-note-n-est-pas-fausse_VN-202509290856.html\" title=\"Condamnation de Nicolas Sarkozy: Fabrice Arfi, (Mediapart), assure que la note &quot;n&#039;est pas fausse&quot;\" rel=\"nofollow noopener\" target=\"_blank\"><img width=\"16\" height=\"9\" class=\"lozad\"  alt=\"Condamnation de Nicolas Sarkozy: Fabrice Arfi, (Mediapart), assure que la note &quot;n'est pas fausse&quot;\"\/>1:49Condamnation de Nicolas Sarkozy: Fabrice Arfi, (Mediapart), assure que la note \u00ab\u00a0n&rsquo;est pas fausse\u00a0\u00bb<\/a><a href=\"https:\/\/www.bfmtv.com\/police-justice\/video-condamnation-de-nicolas-sarkozy-quel-role-a-joue-mediapart-dans-cette-affaire_VN-202509290839.html\" title=\"Condamnation de Nicolas Sarkozy: quel r\u00f4le a jou\u00e9 M\u00e9diapart dans cette affaire?\" rel=\"nofollow noopener\" target=\"_blank\"><img width=\"16\" height=\"9\" class=\"lozad\"  alt=\"Condamnation de Nicolas Sarkozy: quel r\u00f4le a jou\u00e9 M\u00e9diapart dans cette affaire?\"\/>1:13Condamnation de Nicolas Sarkozy: quel r\u00f4le a jou\u00e9 M\u00e9diapart dans cette affaire?<\/a><a href=\"https:\/\/www.bfmtv.com\/politique\/gouvernement\/video-sebastien-lecornu-a-matignon-un-premier-ministre-sans-majorite-ce-n-est-pas-un-ministre-tres-fort-declare-jean-pierre-raffarin_VN-202509290819.html\" title=\"S\u00e9bastien Lecornu \u00e0 Matignon: &quot;Un Premier ministre sans majorit\u00e9, ce n&#039;est pas un ministre tr\u00e8s fort&quot;, d\u00e9clare Jean-Pierre Raffarin\" rel=\"nofollow noopener\" target=\"_blank\"><img width=\"16\" height=\"9\" class=\"lozad\"  alt=\"S\u00e9bastien Lecornu \u00e0 Matignon: &quot;Un Premier ministre sans majorit\u00e9, ce n'est pas un ministre tr\u00e8s fort&quot;, d\u00e9clare Jean-Pierre Raffarin\"\/>0:54S\u00e9bastien Lecornu \u00e0 Matignon: \u00ab\u00a0Un Premier ministre sans majorit\u00e9, ce n&rsquo;est pas un ministre tr\u00e8s fort\u00a0\u00bb, d\u00e9clare Jean-Pierre Raffarin<\/a><a href=\"https:\/\/www.bfmtv.com\/replay-emissions\/bfm-story\/video-marschall-truchot-nicolas-sarkozy-la-chasse-aux-juges-est-ouverte-29-09_VN-202509290812.html\" title=\"Marschall Truchot : Nicolas Sarkozy, la chasse aux juges est ouverte - 29\/09\" rel=\"nofollow noopener\" target=\"_blank\"><img width=\"16\" height=\"9\" class=\"lozad\"  alt=\"Marschall Truchot : Nicolas Sarkozy, la chasse aux juges est ouverte - 29\/09\"\/>18:29Marschall Truchot : Nicolas Sarkozy, la chasse aux juges est ouverte &#8211; 29\/09<\/a><a class=\"jumpToVideo\" target=\"_blank\"><img class=\"thumbnailPreview\"\/><\/a><\/p>\n","protected":false},"excerpt":{"rendered":"Budget: vers des baisses d&rsquo;imp\u00f4ts \u00ab\u00a0en faveur du travail\u00a0\u00bb ?Sur le m\u00eame sujeten lectureBudget: vers des baisses d&rsquo;imp\u00f4ts&hellip;\n","protected":false},"author":2,"featured_media":427739,"comment_status":"","ping_status":"","sticky":false,"template":"","format":"standard","meta":{"footnotes":""},"categories":[1356],"tags":[58,59,1011,27,252,1364],"class_list":{"0":"post-427738","1":"post","2":"type-post","3":"status-publish","4":"format-standard","5":"has-post-thumbnail","7":"category-television","8":"tag-divertissement","9":"tag-entertainment","10":"tag-fr","11":"tag-france","12":"tag-television","13":"tag-tv"},"share_on_mastodon":{"url":"https:\/\/pubeurope.com\/@fr\/115291391607578976","error":""},"_links":{"self":[{"href":"https:\/\/www.europesays.com\/fr\/wp-json\/wp\/v2\/posts\/427738","targetHints":{"allow":["GET"]}}],"collection":[{"href":"https:\/\/www.europesays.com\/fr\/wp-json\/wp\/v2\/posts"}],"about":[{"href":"https:\/\/www.europesays.com\/fr\/wp-json\/wp\/v2\/types\/post"}],"author":[{"embeddable":true,"href":"https:\/\/www.europesays.com\/fr\/wp-json\/wp\/v2\/users\/2"}],"replies":[{"embeddable":true,"href":"https:\/\/www.europesays.com\/fr\/wp-json\/wp\/v2\/comments?post=427738"}],"version-history":[{"count":0,"href":"https:\/\/www.europesays.com\/fr\/wp-json\/wp\/v2\/posts\/427738\/revisions"}],"wp:featuredmedia":[{"embeddable":true,"href":"https:\/\/www.europesays.com\/fr\/wp-json\/wp\/v2\/media\/427739"}],"wp:attachment":[{"href":"https:\/\/www.europesays.com\/fr\/wp-json\/wp\/v2\/media?parent=427738"}],"wp:term":[{"taxonomy":"category","embeddable":true,"href":"https:\/\/www.europesays.com\/fr\/wp-json\/wp\/v2\/categories?post=427738"},{"taxonomy":"post_tag","embeddable":true,"href":"https:\/\/www.europesays.com\/fr\/wp-json\/wp\/v2\/tags?post=427738"}],"curies":[{"name":"wp","href":"https:\/\/api.w.org\/{rel}","templated":true}]}}