{"id":427753,"date":"2025-09-30T04:43:13","date_gmt":"2025-09-30T04:43:13","guid":{"rendered":"https:\/\/www.europesays.com\/fr\/427753\/"},"modified":"2025-09-30T04:43:13","modified_gmt":"2025-09-30T04:43:13","slug":"repression-pillage-au-moins-22-morts-lors-des-emeutes-contre-le-president","status":"publish","type":"post","link":"https:\/\/www.europesays.com\/fr\/427753\/","title":{"rendered":"R\u00e9pression, pillage\u2026 Au moins 22 morts lors des \u00e9meutes contre le pr\u00e9sident"},"content":{"rendered":"<p>Le bilan humain de la contestation \u00e0 <a href=\"https:\/\/www.20minutes.fr\/dossier\/madagascar\" target=\"_blank\" class=\"c-link c-link--is-underlined\" rel=\"noopener\">Madagascar<\/a> est terrible. Selon l\u2019ONU, au moins 22 personnes ont \u00e9t\u00e9 tu\u00e9es depuis le d\u00e9but jeudi des manifestations ayant embras\u00e9 le pays.<\/p>\n<p>Il y a \u00e9galement \u00ab\u00a0plus d\u2019une centaine\u00a0\u00bb de bless\u00e9s, a affirm\u00e9 le Haut-Commissariat des Nations unies aux <a href=\"https:\/\/www.20minutes.fr\/monde\/droits_de_l_homme-1\/\" target=\"_blank\" class=\"c-link c-link--is-underlined\" rel=\"noopener\">droits de l&rsquo;homme<\/a> dans un communiqu\u00e9 diffus\u00e9 lundi. \u00ab\u00a0Parmi les victimes figurent des manifestants et des passants tu\u00e9s par des membres des forces de s\u00e9curit\u00e9, mais aussi d\u2019autres tu\u00e9s lors des violences et des pillages g\u00e9n\u00e9ralis\u00e9s qui ont suivi, perp\u00e9tr\u00e9s par des individus et des gangs sans lien avec les manifestants\u00a0\u00bb, poursuit le texte du Haut-Commissaire, Volker T\u00fcrk, qui se dit \u00ab\u00a0choqu\u00e9\u00a0\u00bb par la \u00ab\u00a0r\u00e9ponse violente des forces de s\u00e9curit\u00e9\u00a0\u00bb.<\/p>\n<p>Un mouvement baptis\u00e9 Gen Z<\/p>\n<p>Mobilis\u00e9s depuis jeudi, des milliers de protestataires sollicit\u00e9s via les r\u00e9seaux sociaux \u00e0 travers un mouvement baptis\u00e9 Gen Z, sont descendus lundi dans les rues de la capitale Antananarivo. Les revendications y d\u00e9passent d\u00e9sormais le ras-le-bol initial qui s\u2019exprimait contre les coupures incessantes d\u2019eau et d\u2019\u00e9lectricit\u00e9.<\/p>\n<\/p>\n<p>Contest\u00e9 personnellement, le pr\u00e9sident <a href=\"https:\/\/www.20minutes.fr\/dossier\/andry_rajoelina\" target=\"_blank\" class=\"c-link c-link--is-underlined\" rel=\"noopener\">Andry Rajoelina<\/a> a annonc\u00e9 lors d\u2019une allocution solennelle lundi soir \u00ab\u00a0mettre fin aux fonctions\u00a0\u00bb de son gouvernement, y compris de l\u2019ind\u00e9boulonnable Christian Ntsay, Premier ministre depuis\u00a02018, quand il avait \u00e9t\u00e9 nomm\u00e9 par le pr\u00e9c\u00e9dent pr\u00e9sident.<\/p>\n<p>Plus nombreux que lors du dernier rassemblement samedi et pour beaucoup v\u00eatus de noir, les manifestants, partis de l\u2019universit\u00e9 d\u2019Antananarivo, ont scand\u00e9 lundi des chants appelant \u00e0 la d\u00e9mission du pr\u00e9sident. Ancien maire d\u2019Antananarivo, Andry Rajoelina, 51 ans, s\u2019\u00e9tait install\u00e9 une premi\u00e8re fois au pouvoir de\u00a02009 \u00e0\u00a02014 \u00e0 la faveur d\u2019un coup d\u2019Etat faisant suite \u00e0 un soul\u00e8vement populaire. Il s\u2019est ensuite fait \u00e9lire en\u00a02018 puis r\u00e9\u00e9lire en\u00a02023 lors d\u2019un scrutin contest\u00e9. Un des mots d\u2019ordre affich\u00e9s par la Gen Z via ses canaux est \u00ab\u00a0Rajoelina, d\u00e9gage\u00a0\u00bb.<\/p>\n<p>Une \u00ab\u00a0force non-n\u00e9cessaire\u00a0\u00bb, fustige l\u2019ONU<\/p>\n<p>\u00ab\u00a0A peine sommes nous sortis dans la rue que les forces de l\u2019ordre ont d\u00e9cid\u00e9 de nous tirer dessus\u00a0\u00bb, a accus\u00e9 un porte-parole de la Gen Z pour expliquer ce durcissement du positionnement du mouvement. Le Haut-Commissariat des Nations unies aux droits de l&rsquo;homme a mis en cause la \u00ab\u00a0force non-n\u00e9cessaire\u00a0\u00bb avec laquelle les forces de s\u00e9curit\u00e9 sont intervenues en relevant que \u00ab\u00a0certains officiers ont \u00e9galement utilis\u00e9 des balles r\u00e9elles\u00a0\u00bb. \u00ab\u00a0Aucun chiffre officiel ne corrobore ce bilan\u00a0\u00bb, a pour sa part d\u00e9menti le minist\u00e8re des Affaires \u00e9trang\u00e8res malgache \u00e0 propos des 22 morts.<\/p>\n<p><a href=\"https:\/\/www.20minutes.fr\/dossier\/madagascar\" target=\"_blank\" class=\"c-link c-btn c-btn--primary\" rel=\"noopener\">Notre dossier sur Madagascar<\/a><\/p>\n<p>Le mouvement Gen Z reprend \u00e0 son compte le drapeau pirate tir\u00e9 du manga One Piece, signe de ralliement vu en Indon\u00e9sie ou au N\u00e9pal de mouvements de contestation. Il s\u2019est baptis\u00e9 en r\u00e9f\u00e9rence \u00e0 la g\u00e9n\u00e9ration des personnes n\u00e9es entre la fin des ann\u00e9es\u00a01990 et le d\u00e9but des ann\u00e9es\u00a02010. Et plusieurs protestataires affichaient lundi des pancartes \u00ab\u00a0On veut vivre, pas survivre\u00a0\u00bb, un slogan devenu embl\u00e9matique du mouvement.<\/p>\n","protected":false},"excerpt":{"rendered":"Le bilan humain de la contestation \u00e0 Madagascar est terrible. Selon l\u2019ONU, au moins 22 personnes ont \u00e9t\u00e9&hellip;\n","protected":false},"author":2,"featured_media":427754,"comment_status":"","ping_status":"","sticky":false,"template":"","format":"standard","meta":{"footnotes":""},"categories":[5],"tags":[47,11,55667,352,10199,10643,1011,27,14,8459,1272,74,12,3521,133,809,28],"class_list":{"0":"post-427753","1":"post","2":"type-post","3":"status-publish","4":"format-standard","5":"has-post-thumbnail","7":"category-international","8":"tag-actualite","9":"tag-actualites","10":"tag-andry-rajoelina","11":"tag-crise","12":"tag-crise-politique","13":"tag-emeutes","14":"tag-fr","15":"tag-france","16":"tag-international","17":"tag-madagascar","18":"tag-manifestations","19":"tag-monde","20":"tag-news","21":"tag-onu","22":"tag-video","23":"tag-violence","24":"tag-world"},"share_on_mastodon":{"url":"https:\/\/pubeurope.com\/@fr\/115291423024492938","error":""},"_links":{"self":[{"href":"https:\/\/www.europesays.com\/fr\/wp-json\/wp\/v2\/posts\/427753","targetHints":{"allow":["GET"]}}],"collection":[{"href":"https:\/\/www.europesays.com\/fr\/wp-json\/wp\/v2\/posts"}],"about":[{"href":"https:\/\/www.europesays.com\/fr\/wp-json\/wp\/v2\/types\/post"}],"author":[{"embeddable":true,"href":"https:\/\/www.europesays.com\/fr\/wp-json\/wp\/v2\/users\/2"}],"replies":[{"embeddable":true,"href":"https:\/\/www.europesays.com\/fr\/wp-json\/wp\/v2\/comments?post=427753"}],"version-history":[{"count":0,"href":"https:\/\/www.europesays.com\/fr\/wp-json\/wp\/v2\/posts\/427753\/revisions"}],"wp:featuredmedia":[{"embeddable":true,"href":"https:\/\/www.europesays.com\/fr\/wp-json\/wp\/v2\/media\/427754"}],"wp:attachment":[{"href":"https:\/\/www.europesays.com\/fr\/wp-json\/wp\/v2\/media?parent=427753"}],"wp:term":[{"taxonomy":"category","embeddable":true,"href":"https:\/\/www.europesays.com\/fr\/wp-json\/wp\/v2\/categories?post=427753"},{"taxonomy":"post_tag","embeddable":true,"href":"https:\/\/www.europesays.com\/fr\/wp-json\/wp\/v2\/tags?post=427753"}],"curies":[{"name":"wp","href":"https:\/\/api.w.org\/{rel}","templated":true}]}}