{"id":427771,"date":"2025-09-30T04:52:13","date_gmt":"2025-09-30T04:52:13","guid":{"rendered":"https:\/\/www.europesays.com\/fr\/427771\/"},"modified":"2025-09-30T04:52:13","modified_gmt":"2025-09-30T04:52:13","slug":"un-evenement-aquatique-original-pour-proteger-son-coeur","status":"publish","type":"post","link":"https:\/\/www.europesays.com\/fr\/427771\/","title":{"rendered":"un \u00e9v\u00e9nement aquatique original pour prot\u00e9ger son c\u0153ur"},"content":{"rendered":"<p>            Par<br \/>\n        <strong><br \/>\n            <a href=\"https:\/\/actu.fr\/auteur\/metropoop\" title=\"Consulter tous les articles de R\u00e9daction M\u00e9tropolitain\" target=\"_blank\" rel=\"noopener\">R\u00e9daction M\u00e9tropolitain<\/a><br \/>\n        <\/strong><\/p>\n<p>        Publi\u00e9 le<\/p>\n<p>            30 sept. 2025 \u00e0 6h12        <\/p>\n<p><a href=\"https:\/\/actu.fr\/occitanie\/montpellier_34172\/montpellier-la-nage-du-coeur-un-plongeon-pour-lutter-contre-la-cardiomyopathie_61473258.html\" target=\"_blank\" rel=\"noopener\">Le 21 septembre dernier<\/a>, plus de 250 nageurs s\u2019\u00e9taient mobilis\u00e9s pour la premi\u00e8re Nage du C\u0153ur. Un d\u00e9fi collectif qui avait permis de parcourir plus de 900 kilom\u00e8tres \u00e0 la piscine olympique Angelotti de Montpellier. Fort de ce succ\u00e8s, l\u2019Association de Cardiologie du Languedoc-Roussillon (ACLR) et le Club C\u0153ur et Sant\u00e9 (CCS) de Montpellier remettent le maillot. Une nouvelle \u00e9dition aura lieu <strong>ce samedi 4 octobre 2025<\/strong>, de 10h \u00e0 17h.<\/p>\n<p>    <a href=\"https:\/\/www.google.com\/maps\/embed?pb=!1m18!1m12!1m3!1d23114.090373704526!2d3.8535167999999995!3d43.6011008!2m3!1f0!2f0!3f0!3m2!1i1024!2i768!4f13.1!3m3!1m2!1s0x12b6ac269c6b91f5%3A0x883ef811af409bff!2sPiscine%20Olympique%20Angelotti!5e0!3m2!1sfr!2sfr!4v1757922665282!5m2!1sfr!2sfr\" title=\"Ouvrie le lien\" target=\"_blank\" rel=\"noopener\">Cliquez ici pour visualiser le contenu<\/a><\/p>\n<p class=\" wall-content\">L\u2019objectif reste clair : promouvoir la natation comme alli\u00e9e de la pr\u00e9vention des maladies cardiovasculaires. Ces pathologies repr\u00e9sentent <a href=\"https:\/\/sante.gouv.fr\/soins-et-maladies\/maladies\/maladies-cardiovasculaires-et-avc\/article\/maladies-cardiovasculaires#:~:text=Les%20maladies%20cardio%2Dneurovasculaires%20et,de%2085%20ans%20et%20plus.\" target=\"_blank\" rel=\"noopener\">la deuxi\u00e8me cause de mortalit\u00e9 en France<\/a>, juste derri\u00e8re le cancer. L\u2019\u00e9v\u00e9nement vise \u00e0 toucher un public large. Chaque participant pourra choisir son rythme et sa distance, sans aucun esprit de comp\u00e9tition.<\/p>\n<p>    <img   decoding=\"async\" loading=\"lazy\" src=\"https:\/\/www.europesays.com\/fr\/wp-content\/uploads\/2025\/09\/img-5-2-960x640.jpg\" alt=\"Les gestes qui sauvent : des formations accessibles \u00e0 tous au fil de la journ\u00e9e.\" width=\"960\" height=\"640\"\/><br \/>\n    Les gestes qui sauvent : des formations accessibles \u00e0 tous au fil de la journ\u00e9e.Une journ\u00e9e ouverte \u00e0 tous<\/p>\n<p class=\" wall-content\">Gr\u00e2ce au soutien de la Ville de Montpellier et de la M\u00e9tropole, l\u2019\u00e9v\u00e9nement s\u2019adresse \u00e0 toutes les g\u00e9n\u00e9rations. Les enfants profiteront de structures gonflables dans l\u2019eau. Les adultes pourront tester l\u2019aqua bike ou l\u2019aquagym. Deux cr\u00e9neaux sp\u00e9cifiques sont propos\u00e9s pour l\u2019aquabike, le matin<strong> de 10h \u00e0 10h45<\/strong> et l\u2019apr\u00e8s-midi<strong> de 14h \u00e0 14h45<\/strong>. Chaque session sera accessible au tarif de cinq euros, en plus du ticket d\u2019entr\u00e9e habituel \u00e0 la piscine. En dehors de ces cr\u00e9neaux, la participation \u00e0 la journ\u00e9e reste gratuite pour tous. L\u2019initiative veut donner le go\u00fbt du mouvement et de l\u2019eau \u00e0 chacun, quel que soit son \u00e2ge ou sa condition physique.<\/p>\n<p>Vid\u00e9os : en ce moment sur Actu<\/p>\n<p class=\" wall-content\">Au-del\u00e0 des longueurs de bassin, la journ\u00e9e offrira aussi des formations aux gestes qui sauvent. Des conf\u00e9rences viendront compl\u00e9ter ce programme riche. Les professeurs Messner et Pasqui\u00e9 co-animeront une rencontre avec le Dr Cade sur les effets de la natation en pr\u00e9vention. Le Dr H\u00e9don pr\u00e9sentera quant \u00e0 lui les b\u00e9n\u00e9fices pour les patients d\u00e9j\u00e0 atteints de maladies cardiaques. Pour clore la partie scientifique, Jacques Tuset, nageur reconnu pour ses travers\u00e9es extr\u00eames, partagera son exp\u00e9rience. Ambassadeur de l\u2019\u00e9v\u00e9nement, il racontera sa passion pour la nage en conditions extr\u00eames.<\/p>\n<p><strong>&gt;<\/strong> Pour r\u00e9server votre place \u00e0 l\u2019aquabike et d\u00e9couvrir toutes les informations pratiques, rendez-vous directement <a href=\"https:\/\/www.helloasso.com\/associations\/association-de-cardiologie-languedoc-roussillon\/evenements\/nage-du-coeur-2025\" target=\"_blank\" rel=\"noopener\">sur le site de l\u2019\u00e9v\u00e9nement<\/a><\/p>\n<p class=\" wall-content\">Personnalisez votre actualit\u00e9 en ajoutant vos villes et m\u00e9dias en favori avec <a href=\"https:\/\/moncompte.actu.fr\" title=\"D\u00e9couvez Mon Actu\" rel=\"nofollow noopener\" data-trk=\"{&quot;cta&quot;:{&quot;action&quot;:&quot;https:\\\/\\\/moncompte.actu.fr&quot;,&quot;category&quot;:&quot;mon compte&quot;,&quot;from&quot;:&quot;article footer&quot;,&quot;name&quot;:&quot;Mon actu&quot;,&quot;type&quot;:&quot;cta&quot;}}\" target=\"_blank\">Mon Actu<\/a>.<\/p>\n","protected":false},"excerpt":{"rendered":"Par R\u00e9daction M\u00e9tropolitain Publi\u00e9 le 30 sept. 2025 \u00e0 6h12 Le 21 septembre dernier, plus de 250 nageurs&hellip;\n","protected":false},"author":2,"featured_media":427772,"comment_status":"","ping_status":"","sticky":false,"template":"","format":"standard","meta":{"footnotes":""},"categories":[9599],"tags":[1111,11,1777,674,1011,27,2208,12,2680,25,71,3400,517,60,15103],"class_list":{"0":"post-427771","1":"post","2":"type-post","3":"status-publish","4":"format-standard","5":"has-post-thumbnail","7":"category-montpellier","8":"tag-actu","9":"tag-actualites","10":"tag-eu","11":"tag-europe","12":"tag-fr","13":"tag-france","14":"tag-montpellier","15":"tag-news","16":"tag-occitanie","17":"tag-republique-francaise","18":"tag-sante","19":"tag-solidarite","20":"tag-sport","21":"tag-sports","22":"tag-sports-nautiques"},"share_on_mastodon":{"url":"https:\/\/pubeurope.com\/@fr\/115291458721546831","error":""},"_links":{"self":[{"href":"https:\/\/www.europesays.com\/fr\/wp-json\/wp\/v2\/posts\/427771","targetHints":{"allow":["GET"]}}],"collection":[{"href":"https:\/\/www.europesays.com\/fr\/wp-json\/wp\/v2\/posts"}],"about":[{"href":"https:\/\/www.europesays.com\/fr\/wp-json\/wp\/v2\/types\/post"}],"author":[{"embeddable":true,"href":"https:\/\/www.europesays.com\/fr\/wp-json\/wp\/v2\/users\/2"}],"replies":[{"embeddable":true,"href":"https:\/\/www.europesays.com\/fr\/wp-json\/wp\/v2\/comments?post=427771"}],"version-history":[{"count":0,"href":"https:\/\/www.europesays.com\/fr\/wp-json\/wp\/v2\/posts\/427771\/revisions"}],"wp:featuredmedia":[{"embeddable":true,"href":"https:\/\/www.europesays.com\/fr\/wp-json\/wp\/v2\/media\/427772"}],"wp:attachment":[{"href":"https:\/\/www.europesays.com\/fr\/wp-json\/wp\/v2\/media?parent=427771"}],"wp:term":[{"taxonomy":"category","embeddable":true,"href":"https:\/\/www.europesays.com\/fr\/wp-json\/wp\/v2\/categories?post=427771"},{"taxonomy":"post_tag","embeddable":true,"href":"https:\/\/www.europesays.com\/fr\/wp-json\/wp\/v2\/tags?post=427771"}],"curies":[{"name":"wp","href":"https:\/\/api.w.org\/{rel}","templated":true}]}}