{"id":427775,"date":"2025-09-30T04:55:10","date_gmt":"2025-09-30T04:55:10","guid":{"rendered":"https:\/\/www.europesays.com\/fr\/427775\/"},"modified":"2025-09-30T04:55:10","modified_gmt":"2025-09-30T04:55:10","slug":"pendant-plus-de-24-h-aucun-train-ne-roulera-entre-dieppe-et-rouen","status":"publish","type":"post","link":"https:\/\/www.europesays.com\/fr\/427775\/","title":{"rendered":"Pendant plus de 24 h, aucun train ne roulera entre Dieppe et Rouen"},"content":{"rendered":"<p>            Par<br \/>\n        <strong><br \/>\n            <a href=\"https:\/\/actu.fr\/auteur\/mathieu-temorsche\" title=\"Consulter tous les articles de Mathieu Te Morsche\" rel=\"nofollow noopener\" target=\"_blank\">Mathieu Te Morsche<\/a><br \/>\n        <\/strong><\/p>\n<p>        Publi\u00e9 le<\/p>\n<p>            30 sept. 2025 \u00e0 6h14        <\/p>\n<p>Faites attention si vous prenez le train entre <a href=\"https:\/\/actu.fr\/normandie\/dieppe_76217\" rel=\"nofollow noopener\" target=\"_blank\">Dieppe (Seine-Maritime)<\/a> et <a href=\"https:\/\/actu.fr\/normandie\/rouen_76540\" rel=\"nofollow noopener\" target=\"_blank\">Rouen<\/a> ces prochains jours. Il y aura d\u2019abord la <b>gr\u00e8ve <\/b>du jeudi 2\u00a0octobre 2025. Les syndicats de la <b>SNCF<\/b> se joignent \u00e0 la mobilisation de ce jour.<\/p>\n<p class=\" wall-content\">L\u2019impact de la gr\u00e8ve sur le trafic des trains devrait \u00eatre pr\u00e9sent\u00e9 en d\u00e9tail ce mardi 30\u00a0septembre dans l\u2019apr\u00e8s-midi.<\/p>\n<p>Aucun train entre Dieppe et Rouen<\/p>\n<p class=\" wall-content\">Ensuite, le trafic ferroviaire sur la ligne Dieppe \u2013 Rouen sera de nouveau perturb\u00e9 le <b>week-end<\/b> du samedi\u00a04 et dimanche 5\u00a0octobre.<\/p>\n<p class=\" wall-content\">Aucun train ne circulera \u00e0 partir de samedi \u00e0 12\u2009h, et jusqu\u2019au dimanche \u00e0 16\u2009h.<\/p>\n<p class=\" wall-content\">\n<p class=\" wall-content\">La SNCF met en place des <b>bus de substitution<\/b>, \u00e0 r\u00e9servation obligatoire, le samedi midi.<\/p>\n<p>Vid\u00e9os : en ce moment sur Actu<\/p>\n<p class=\" wall-content\">Cette perturbation est li\u00e9e \u00e0 des travaux pour \u00ab\u2009la <b>modernisation <\/b>de l\u2019\u00e9toile ferroviaire de Rouen\u2009\u00bb, explique la SNCF. Le chantier a lieu pendant six week-ends de septembre\u00a02025 \u00e0 f\u00e9vrier\u00a02026.<\/p>\n<p class=\" wall-content\">Personnalisez votre actualit\u00e9 en ajoutant vos villes et m\u00e9dias en favori avec <a href=\"https:\/\/moncompte.actu.fr\" title=\"D\u00e9couvez Mon Actu\" rel=\"nofollow noopener\" data-trk=\"{&quot;cta&quot;:{&quot;action&quot;:&quot;https:\\\/\\\/moncompte.actu.fr&quot;,&quot;category&quot;:&quot;mon compte&quot;,&quot;from&quot;:&quot;article footer&quot;,&quot;name&quot;:&quot;Mon actu&quot;,&quot;type&quot;:&quot;cta&quot;}}\" target=\"_blank\">Mon Actu<\/a>.<\/p>\n","protected":false},"excerpt":{"rendered":"Par Mathieu Te Morsche Publi\u00e9 le 30 sept. 2025 \u00e0 6h14 Faites attention si vous prenez le train&hellip;\n","protected":false},"author":2,"featured_media":427776,"comment_status":"","ping_status":"","sticky":false,"template":"","format":"standard","meta":{"footnotes":""},"categories":[9587],"tags":[1111,11,1777,674,1011,27,54872,12,5161,25,9590,2215,104,2086],"class_list":{"0":"post-427775","1":"post","2":"type-post","3":"status-publish","4":"format-standard","5":"has-post-thumbnail","7":"category-rouen","8":"tag-actu","9":"tag-actualites","10":"tag-eu","11":"tag-europe","12":"tag-fr","13":"tag-france","14":"tag-greve-du-2-octobre-2025","15":"tag-news","16":"tag-normandie","17":"tag-republique-francaise","18":"tag-rouen","19":"tag-sncf","20":"tag-societe","21":"tag-travaux"},"share_on_mastodon":{"url":"https:\/\/pubeurope.com\/@fr\/115291470147567288","error":""},"_links":{"self":[{"href":"https:\/\/www.europesays.com\/fr\/wp-json\/wp\/v2\/posts\/427775","targetHints":{"allow":["GET"]}}],"collection":[{"href":"https:\/\/www.europesays.com\/fr\/wp-json\/wp\/v2\/posts"}],"about":[{"href":"https:\/\/www.europesays.com\/fr\/wp-json\/wp\/v2\/types\/post"}],"author":[{"embeddable":true,"href":"https:\/\/www.europesays.com\/fr\/wp-json\/wp\/v2\/users\/2"}],"replies":[{"embeddable":true,"href":"https:\/\/www.europesays.com\/fr\/wp-json\/wp\/v2\/comments?post=427775"}],"version-history":[{"count":0,"href":"https:\/\/www.europesays.com\/fr\/wp-json\/wp\/v2\/posts\/427775\/revisions"}],"wp:featuredmedia":[{"embeddable":true,"href":"https:\/\/www.europesays.com\/fr\/wp-json\/wp\/v2\/media\/427776"}],"wp:attachment":[{"href":"https:\/\/www.europesays.com\/fr\/wp-json\/wp\/v2\/media?parent=427775"}],"wp:term":[{"taxonomy":"category","embeddable":true,"href":"https:\/\/www.europesays.com\/fr\/wp-json\/wp\/v2\/categories?post=427775"},{"taxonomy":"post_tag","embeddable":true,"href":"https:\/\/www.europesays.com\/fr\/wp-json\/wp\/v2\/tags?post=427775"}],"curies":[{"name":"wp","href":"https:\/\/api.w.org\/{rel}","templated":true}]}}