{"id":427777,"date":"2025-09-30T04:56:11","date_gmt":"2025-09-30T04:56:11","guid":{"rendered":"https:\/\/www.europesays.com\/fr\/427777\/"},"modified":"2025-09-30T04:56:11","modified_gmt":"2025-09-30T04:56:11","slug":"isere-un-debut-dincendie-dans-un-bar-du-cours-jean-jaures-a-grenoble","status":"publish","type":"post","link":"https:\/\/www.europesays.com\/fr\/427777\/","title":{"rendered":"Is\u00e8re. Un d\u00e9but d&rsquo;incendie dans un bar du cours Jean-Jaur\u00e8s \u00e0 Grenoble"},"content":{"rendered":"<p>Un incendie, dont on ignore l&rsquo;origine, s&rsquo;est d\u00e9clar\u00e9 vers 23h30 ce lundi 29 septembre dans le bar \u00ab\u00a0Le Madness\u00a0\u00bb situ\u00e9 \u00e0 l&rsquo;angle du cours Jean-Jaures et de la rue Irvoy \u00e0 Grenoble.<\/p>\n<p>Les sapeurs-pompiers ont rapidement \u00e9teint le sinistre qui n&rsquo;a pas occasionn\u00e9 de d\u00e9g\u00e2ts majeurs : trois m\u00e8tres carr\u00e9s seulement ont br\u00fbl\u00e9 \u00e0 l&rsquo;int\u00e9rieur de l&rsquo;\u00e9tablissement qui a \u00e9t\u00e9 envahi par les fum\u00e9es.<\/p>\n<p>Pour autant, il n&rsquo;a pas \u00e9t\u00e9 n\u00e9cessaire d&rsquo;\u00e9vacuer l&rsquo;immeuble de ses habitants et aucun ch\u00f4mage technique ne semble \u00e0 craindre.<\/p>\n","protected":false},"excerpt":{"rendered":"Un incendie, dont on ignore l&rsquo;origine, s&rsquo;est d\u00e9clar\u00e9 vers 23h30 ce lundi 29 septembre dans le bar \u00ab\u00a0Le&hellip;\n","protected":false},"author":2,"featured_media":427778,"comment_status":"","ping_status":"","sticky":false,"template":"","format":"standard","meta":{"footnotes":""},"categories":[9566],"tags":[1111,11,2430,112,1777,674,274,107,1011,27,2731,1310,108,12,25],"class_list":{"0":"post-427777","1":"post","2":"type-post","3":"status-publish","4":"format-standard","5":"has-post-thumbnail","7":"category-grenoble","8":"tag-actu","9":"tag-actualites","10":"tag-auvergne-rhone-alpes","11":"tag-edition-grenoble-agglomeration","12":"tag-eu","13":"tag-europe","14":"tag-faits-divers-justice","15":"tag-fil-info","16":"tag-fr","17":"tag-france","18":"tag-grenoble","19":"tag-incendie","20":"tag-isere","21":"tag-news","22":"tag-republique-francaise"},"share_on_mastodon":{"url":"https:\/\/pubeurope.com\/@fr\/115291474065612992","error":""},"_links":{"self":[{"href":"https:\/\/www.europesays.com\/fr\/wp-json\/wp\/v2\/posts\/427777","targetHints":{"allow":["GET"]}}],"collection":[{"href":"https:\/\/www.europesays.com\/fr\/wp-json\/wp\/v2\/posts"}],"about":[{"href":"https:\/\/www.europesays.com\/fr\/wp-json\/wp\/v2\/types\/post"}],"author":[{"embeddable":true,"href":"https:\/\/www.europesays.com\/fr\/wp-json\/wp\/v2\/users\/2"}],"replies":[{"embeddable":true,"href":"https:\/\/www.europesays.com\/fr\/wp-json\/wp\/v2\/comments?post=427777"}],"version-history":[{"count":0,"href":"https:\/\/www.europesays.com\/fr\/wp-json\/wp\/v2\/posts\/427777\/revisions"}],"wp:featuredmedia":[{"embeddable":true,"href":"https:\/\/www.europesays.com\/fr\/wp-json\/wp\/v2\/media\/427778"}],"wp:attachment":[{"href":"https:\/\/www.europesays.com\/fr\/wp-json\/wp\/v2\/media?parent=427777"}],"wp:term":[{"taxonomy":"category","embeddable":true,"href":"https:\/\/www.europesays.com\/fr\/wp-json\/wp\/v2\/categories?post=427777"},{"taxonomy":"post_tag","embeddable":true,"href":"https:\/\/www.europesays.com\/fr\/wp-json\/wp\/v2\/tags?post=427777"}],"curies":[{"name":"wp","href":"https:\/\/api.w.org\/{rel}","templated":true}]}}