{"id":427779,"date":"2025-09-30T04:57:12","date_gmt":"2025-09-30T04:57:12","guid":{"rendered":"https:\/\/www.europesays.com\/fr\/427779\/"},"modified":"2025-09-30T04:57:12","modified_gmt":"2025-09-30T04:57:12","slug":"edition-le-patrimoine-scientifique-de-luniversite-grenoble-alpesse-raconte","status":"publish","type":"post","link":"https:\/\/www.europesays.com\/fr\/427779\/","title":{"rendered":"Edition. Le patrimoine scientifique de l&rsquo;Universit\u00e9 Grenoble Alpesse raconte"},"content":{"rendered":"<p>Depuis pr\u00e8s de 30 ans,<a href=\"https:\/\/www.ledauphine.com\/\" target=\"_blank\" rel=\"noopener\"> Le Dauphin\u00e9 Lib\u00e9r\u00e9<\/a>, en partenariat avec le <a href=\"https:\/\/www.ledauphine.com\/culture-loisirs\/2025\/09\/22\/au-musee-dauphinois-des-visites-flash-autour-du-pays-bassari\" target=\"_blank\" rel=\"noopener\">Mus\u00e9e dauphinois<\/a>, raconte la r\u00e9gion \u00e0 travers \u201cLes Patrimoines\u201d. Cette collection vient de s&rsquo;enrichir d&rsquo;un nouvel ouvrage d\u00e9di\u00e9 au patrimoine scientifique de l&rsquo;Universit\u00e9 Grenoble Alpes, \u201cObjets du savoir\u201d.<\/p>\n<p>Ce livre est le fruit d&rsquo;une collaboration entre deux auteures averties. La premi\u00e8re Rebecca Bilon-Marchesini, en qualit\u00e9 de conservatrice du patrimoine, est actuellement directrice du Mus\u00e9um de Grenoble, poste qu&rsquo;elle occupe depuis novembre 2019. Auparavant, elle a \u00e9t\u00e9 conservatrice du Mus\u00e9um d\u00e9partemental du Var. Elle a particip\u00e9 \u00e0 des projets de recherche environnementaux \u00e0 l&rsquo;Institut national de la recherche agronomique (Inra, aujourd&rsquo;hui Inrae), \u00e0 Dijon et en Martinique.\u00a0<\/p>\n<p>La seconde,\u00a0Marion Maine, a \u00e9t\u00e9 charg\u00e9e des collections historiques, scientifiques et techniques de l\u2019Universit\u00e9 Grenoble Alpes (UGA) de 2023 \u00e0 2025, veillant \u00e0 l\u2019inventaire et \u00e0 la conservation du patrimoine universitaire. Elle a \u00e9galement r\u00e9alis\u00e9 plusieurs expositions mettant en lumi\u00e8re ces objets m\u00e9connus.<\/p>\n<p>  A d\u00e9couvrir<\/p>\n<p>\u00c0 Grenoble, le patrimoine scientifique rev\u00eat des caract\u00e9ristiques parti\u00adculi\u00e8res. D\u00e8s le XIXe si\u00e8cle, les collaborations \u00e9troites entre le monde acad\u00e9mique et les entreprises locales ont donn\u00e9 naissance \u00e0 des avan\u00adc\u00e9es technologiques majeures. Les innovations grenobloises se sont appuy\u00e9es sur les richesses alpines comme l\u2019\u00e9lectricit\u00e9 d\u2019origine hydraulique ou les mat\u00e9\u00adriaux de construction tel le ciment, contribuant ainsi \u00e0 l\u2019essor industriel de la r\u00e9gion. Ce dynamisme scientifique, qui s\u2019est encore diversifi\u00e9 au XXe si\u00e8cle, en particulier autour du campus universitaire et du Polygone scientifique, a laiss\u00e9 derri\u00e8re lui un h\u00e9ritage riche et encore m\u00e9connu.<\/p>\n<p>Ce patrimoine constitue en effet un tr\u00e9sor inestimable. Reflet de notre qu\u00eate de connaissances, il t\u00e9moigne des d\u00e9couvertes et des innovations qui fa\u00e7onnent notre monde. Loin d\u2019\u00eatre de simples reliques du pass\u00e9, les instruments, sp\u00e9ci\u00admens et documents produits ou collect\u00e9s pour et par la recherche et l\u2019ensei\u00adgnement sont des outils pr\u00e9cieux pour comprendre les enjeux scientifiques d\u2019aujourd\u2019hui et de demain. <\/p>\n<p>Conserver ces fonds implique de bien les conna\u00eetre et de les faire conna\u00eetre. Ces dix derni\u00e8res ann\u00e9es, l\u2019Universit\u00e9 Grenoble Alpes a mis en place une poli\u00adtique volontariste afin d\u2019identifier les objets physiques et les \u00e9l\u00e9ments immat\u00e9\u00adriels qui font patrimoine, r\u00e9unir les conditions pour leur pr\u00e9servation et les pr\u00e9senter au public de mani\u00e8re contextualis\u00e9e. La culture scientifique est plus que jamais indispensable pour former des citoyennes et des citoyens \u00e9clair\u00e9s, capables de prendre des d\u00e9cisions inform\u00e9es face aux enjeux environ\u00adnementaux, techniques et \u00e9thiques qui se pr\u00e9sentent \u00e0 nous.<\/p>\n","protected":false},"excerpt":{"rendered":"Depuis pr\u00e8s de 30 ans, Le Dauphin\u00e9 Lib\u00e9r\u00e9, en partenariat avec le Mus\u00e9e dauphinois, raconte la r\u00e9gion \u00e0&hellip;\n","protected":false},"author":2,"featured_media":427780,"comment_status":"","ping_status":"","sticky":false,"template":"","format":"standard","meta":{"footnotes":""},"categories":[9566],"tags":[1111,11,2430,9810,112,1777,674,1011,27,2731,2732,108,12,25,767,20932],"class_list":{"0":"post-427779","1":"post","2":"type-post","3":"status-publish","4":"format-standard","5":"has-post-thumbnail","7":"category-grenoble","8":"tag-actu","9":"tag-actualites","10":"tag-auvergne-rhone-alpes","11":"tag-direct-entreprises","12":"tag-edition-grenoble-agglomeration","13":"tag-eu","14":"tag-europe","15":"tag-fr","16":"tag-france","17":"tag-grenoble","18":"tag-grenoble-bassin","19":"tag-isere","20":"tag-news","21":"tag-republique-francaise","22":"tag-science-et-technologie","23":"tag-tech-and-fest"},"share_on_mastodon":{"url":"https:\/\/pubeurope.com\/@fr\/115291477990376865","error":""},"_links":{"self":[{"href":"https:\/\/www.europesays.com\/fr\/wp-json\/wp\/v2\/posts\/427779","targetHints":{"allow":["GET"]}}],"collection":[{"href":"https:\/\/www.europesays.com\/fr\/wp-json\/wp\/v2\/posts"}],"about":[{"href":"https:\/\/www.europesays.com\/fr\/wp-json\/wp\/v2\/types\/post"}],"author":[{"embeddable":true,"href":"https:\/\/www.europesays.com\/fr\/wp-json\/wp\/v2\/users\/2"}],"replies":[{"embeddable":true,"href":"https:\/\/www.europesays.com\/fr\/wp-json\/wp\/v2\/comments?post=427779"}],"version-history":[{"count":0,"href":"https:\/\/www.europesays.com\/fr\/wp-json\/wp\/v2\/posts\/427779\/revisions"}],"wp:featuredmedia":[{"embeddable":true,"href":"https:\/\/www.europesays.com\/fr\/wp-json\/wp\/v2\/media\/427780"}],"wp:attachment":[{"href":"https:\/\/www.europesays.com\/fr\/wp-json\/wp\/v2\/media?parent=427779"}],"wp:term":[{"taxonomy":"category","embeddable":true,"href":"https:\/\/www.europesays.com\/fr\/wp-json\/wp\/v2\/categories?post=427779"},{"taxonomy":"post_tag","embeddable":true,"href":"https:\/\/www.europesays.com\/fr\/wp-json\/wp\/v2\/tags?post=427779"}],"curies":[{"name":"wp","href":"https:\/\/api.w.org\/{rel}","templated":true}]}}