{"id":427781,"date":"2025-09-30T04:58:09","date_gmt":"2025-09-30T04:58:09","guid":{"rendered":"https:\/\/www.europesays.com\/fr\/427781\/"},"modified":"2025-09-30T04:58:09","modified_gmt":"2025-09-30T04:58:09","slug":"nouvelle-chaine-de-la-tnt-basee-a-rennes-novo19-vient-a-la-rencontre-des-rennais-samedi-4-octobre","status":"publish","type":"post","link":"https:\/\/www.europesays.com\/fr\/427781\/","title":{"rendered":"Nouvelle cha\u00eene de la TNT bas\u00e9e \u00e0 Rennes, NOVO19 vient \u00e0 la rencontre des Rennais, samedi 4 octobre"},"content":{"rendered":"<p>            Par<br \/>\n        <strong><br \/>\n            <a href=\"https:\/\/actu.fr\/auteur\/brian-legoff\" title=\"Consulter tous les articles de Brian Le Goff\" rel=\"nofollow noopener\" target=\"_blank\">Brian Le Goff<\/a><br \/>\n        <\/strong><\/p>\n<p>        Publi\u00e9 le<\/p>\n<p>            30 sept. 2025 \u00e0 6h32        <\/p>\n<p><strong>\u00ab\u2009Faire entendre la voix des citoyens.\u2009\u00bb<\/strong> Tel est le leitmotiv de la tourn\u00e9e de <strong>NOVO19, la nouvelle cha\u00eene de la TNT,<\/strong> du groupe SIPA Ouest-France (dont <a href=\"https:\/\/actu.fr\/\" rel=\"nofollow noopener\" target=\"_blank\">actu.fr<\/a> fait partie, N.D.L.R.) bas\u00e9e \u00e0 Rennes et visible sur le canal 19, comme son nom l\u2019indique.<\/p>\n<p class=\" wall-content\">Quelques semaines apr\u00e8s son lancement, cette tourn\u00e9e vise \u00e0 rencontrer les Fran\u00e7ais et <strong>\u00ab\u2009recueillir leurs premi\u00e8res impressions, leurs avis et leurs envies\u2009\u00bb,<\/strong> explique la cha\u00eene dans un communiqu\u00e9 transmis \u00e0 <a href=\"https:\/\/actu.fr\/rennes\/\" rel=\"nofollow noopener\" target=\"_blank\">actu Rennes<\/a>.<\/p>\n<blockquote class=\"ac-article-quote wall-content\">\n<p>Cette tourn\u00e9e a pour vocation d\u2019alimenter l\u2019\u00e9cosyst\u00e8me et les projets de NOVO19 avec de r\u00e9els retours de terrain. Elle vise \u00e0 cr\u00e9er un lien de proximit\u00e9 avec nos t\u00e9l\u00e9spectateurs. Ce sera \u00e9galement l\u2019occasion d\u2019assister nos t\u00e9l\u00e9spectateurs dans la d\u00e9couverte de notre plateforme en ligne, novo19.fr, et de la faire d\u00e9couvrir au plus grand nombre. <\/p>\n<p>    <strong>NOVO19<\/strong>\n            <\/p><\/blockquote>\n<p class=\" wall-content\">C\u2019est donc \u00e0 travers <strong>l\u2019implantation au c\u0153ur de la ville du Kiosque19<\/strong> que la cha\u00eene proposera aux habitants de venir la d\u00e9couvrir.<\/p>\n<p>Samedi, de 8h \u00e0 14h<\/p>\n<p class=\" wall-content\">\u00c0 Rennes, samedi 4\u00a0octobre, le kiosque sera install\u00e9<strong> au c\u0153ur du march\u00e9 des Lices<\/strong>, de 8h \u00e0 14h. Chacun pourra ainsi<strong> b\u00e9n\u00e9ficier d\u2019un caf\u00e9 Joyeux,<\/strong> partenaire de la tourn\u00e9e. Mais ce n\u2019est pas tout.<\/p>\n<p class=\" wall-content\">Des <strong>animations<\/strong> (jeux, quiz, instants gagnants) et deux <strong>grands temps forts<\/strong> sont pr\u00e9vus. D\u2019abord, le portrait du territoire\u2009: un correspondant local de la cha\u00eene <strong>mettra en avant un talent<\/strong> de la r\u00e9gion (entrepreneur, association, culture, sport\u2026). Ensuite, il y aura une <strong>partie \u00ab\u2009questions ouvertes aux habitants\u2009\u00bb.<\/strong> Il s\u2019agit l\u00e0 d\u2019un \u00ab\u2009micro ouvert pour comprendre les pr\u00e9occupations, attentes et id\u00e9es, mais aussi recueillir ce qui rend les habitants fiers de leur ville\u2009\u00bb.<\/p>\n<p>Votre r\u00e9gion, votre actu !<\/p>\n<p>Recevez chaque jour les infos qui comptent pour vous.<\/p>\n<p>\t<a href=\"https:\/\/actu.fr\/newsletter\" class=\"ac-btn ac-btn--corner ac-btn--medium ac-btn--blue800\" rel=\"nofollow noopener\" target=\"_blank\">S&rsquo;incrire<\/a><br \/>\nPlusieurs personnalit\u00e9s pr\u00e9sentent<\/p>\n<p class=\" wall-content\">\u00c0 cette occasion, <strong>vous pourrez \u00e9changer<\/strong> avec <a href=\"https:\/\/actu.fr\/loisirs-culture\/c-est-rock-n-roll-on-a-assiste-a-l-ultime-repetition-du-jt-de-novo19-quelques-heures-avant-le-lancement_63101249.html\" rel=\"nofollow noopener\" target=\"_blank\">Martin Cangelosi, pr\u00e9sentateur du journal t\u00e9l\u00e9vis\u00e9 \u00ab\u2009On a de l\u2019info\u2009\u00bb sur le canal 19<\/a>, tourn\u00e9 dans la capitale bretonne\u2026<\/p>\n<p class=\" wall-content\">Parmi les invit\u00e9s, <strong>Catherine Delente<\/strong>, manager au sein du Caf\u00e9 Joyeux de Rennes, sera pr\u00e9sente, <strong>en compagnie d\u2019artisans du march\u00e9.<\/strong> Du c\u00f4t\u00e9 des influenceurs, <a href=\"https:\/\/actu.fr\/rennes\/\" rel=\"nofollow noopener\" target=\"_blank\">Les Inachev\u00e9s<\/a> pr\u00e9senteront l\u2019\u00e9v\u00e9nement via leurs r\u00e9seaux sociaux. D\u2019autres invit\u00e9s devraient s\u2019ajouter \u00e0 cette liste.<\/p>\n<p>\u00c0 la rencontre de NOVO19\u2009: rendez-vous sur le march\u00e9 des Lices \u00e0 Rennes, samedi 4\u00a0octobre, de 8h \u00e0 14h.<\/p>\n<p class=\" wall-content\">Personnalisez votre actualit\u00e9 en ajoutant vos villes et m\u00e9dias en favori avec <a href=\"https:\/\/moncompte.actu.fr\" title=\"D\u00e9couvez Mon Actu\" rel=\"nofollow noopener\" data-trk=\"{&quot;cta&quot;:{&quot;action&quot;:&quot;https:\\\/\\\/moncompte.actu.fr&quot;,&quot;category&quot;:&quot;mon compte&quot;,&quot;from&quot;:&quot;article footer&quot;,&quot;name&quot;:&quot;Mon actu&quot;,&quot;type&quot;:&quot;cta&quot;}}\" target=\"_blank\">Mon Actu<\/a>.<\/p>\n","protected":false},"excerpt":{"rendered":"Par Brian Le Goff Publi\u00e9 le 30 sept. 2025 \u00e0 6h32 \u00ab\u2009Faire entendre la voix des citoyens.\u2009\u00bb Tel&hellip;\n","protected":false},"author":2,"featured_media":427782,"comment_status":"","ping_status":"","sticky":false,"template":"","format":"standard","meta":{"footnotes":""},"categories":[2821],"tags":[1111,11,829,1777,674,118,1011,27,12,584,25,252],"class_list":{"0":"post-427781","1":"post","2":"type-post","3":"status-publish","4":"format-standard","5":"has-post-thumbnail","7":"category-rennes","8":"tag-actu","9":"tag-actualites","10":"tag-bretagne","11":"tag-eu","12":"tag-europe","13":"tag-faits-divers","14":"tag-fr","15":"tag-france","16":"tag-news","17":"tag-rennes","18":"tag-republique-francaise","19":"tag-television"},"share_on_mastodon":{"url":"https:\/\/pubeurope.com\/@fr\/115291481893643380","error":""},"_links":{"self":[{"href":"https:\/\/www.europesays.com\/fr\/wp-json\/wp\/v2\/posts\/427781","targetHints":{"allow":["GET"]}}],"collection":[{"href":"https:\/\/www.europesays.com\/fr\/wp-json\/wp\/v2\/posts"}],"about":[{"href":"https:\/\/www.europesays.com\/fr\/wp-json\/wp\/v2\/types\/post"}],"author":[{"embeddable":true,"href":"https:\/\/www.europesays.com\/fr\/wp-json\/wp\/v2\/users\/2"}],"replies":[{"embeddable":true,"href":"https:\/\/www.europesays.com\/fr\/wp-json\/wp\/v2\/comments?post=427781"}],"version-history":[{"count":0,"href":"https:\/\/www.europesays.com\/fr\/wp-json\/wp\/v2\/posts\/427781\/revisions"}],"wp:featuredmedia":[{"embeddable":true,"href":"https:\/\/www.europesays.com\/fr\/wp-json\/wp\/v2\/media\/427782"}],"wp:attachment":[{"href":"https:\/\/www.europesays.com\/fr\/wp-json\/wp\/v2\/media?parent=427781"}],"wp:term":[{"taxonomy":"category","embeddable":true,"href":"https:\/\/www.europesays.com\/fr\/wp-json\/wp\/v2\/categories?post=427781"},{"taxonomy":"post_tag","embeddable":true,"href":"https:\/\/www.europesays.com\/fr\/wp-json\/wp\/v2\/tags?post=427781"}],"curies":[{"name":"wp","href":"https:\/\/api.w.org\/{rel}","templated":true}]}}