{"id":427783,"date":"2025-09-30T04:59:10","date_gmt":"2025-09-30T04:59:10","guid":{"rendered":"https:\/\/www.europesays.com\/fr\/427783\/"},"modified":"2025-09-30T04:59:10","modified_gmt":"2025-09-30T04:59:10","slug":"loperation-antidrogue-xxl-avait-tourne-au-fiasco-a-rennes-voici-ce-qua-donne-lenquete-de-ligpn","status":"publish","type":"post","link":"https:\/\/www.europesays.com\/fr\/427783\/","title":{"rendered":"L\u2019op\u00e9ration antidrogue XXL avait tourn\u00e9 au fiasco \u00e0 Rennes\u00a0: voici ce qu\u2019a donn\u00e9 l\u2019enqu\u00eate de l\u2019IGPN"},"content":{"rendered":"<p>Mardi 23 janvier 2024, \u00e0 6 h 30, sur le parking du Castorama de Saint-Jacques-de-la-Lande, alors qu\u2019une op\u00e9ration polici\u00e8re d\u2019ampleur se pr\u00e9pare pour interpeller \u00ab\ufeff 15 objectifs majeurs \u00bb du trafic de stup\u00e9fiants au Blosne, une Audi, balis\u00e9e par la police, fait le tour du dispositif policier. \u00c0 l\u2019int\u00e9rieur du v\u00e9hicule, les d\u00e9linquants qui devaient \u00eatre interpell\u00e9s poussent la moquerie jusqu\u2019\u00e0 filmer le dispositif. L\u2019op\u00e9ration \u00e9vent\u00e9e,\ufeff les policiers se r\u00e9signent \u00e0 lever le dispositif, avec l\u2019accord de l\u2019autorit\u00e9 judiciaire. Pr\u00e8s de 160 fonctionnaires avaient \u00e9t\u00e9 mobilis\u00e9s : \u00e9quipes cynophiles, PJ de Rennes avec des renforts venus d\u2019Angers et de Nantes, le Raid de Rennes, la BRI de Nantes et des \u00e9l\u00e9ments de la CRS 82 de Saint-Herblain.<\/p>\n<p>Aussit\u00f4t, une \u00ab fuite polici\u00e8re \u00bb est soup\u00e7onn\u00e9e. Le parquet de Rennes ouvre imm\u00e9diatement une enqu\u00eate, confi\u00e9e \u00e0 l\u2019Inspection g\u00e9n\u00e9rale de la police (IGPN), \u00ab afin de rechercher les raisons de ce dysfonctionnement inadmissible et identifier les \u00e9ventuels auteurs d\u2019une violation du secret de l\u2019instruction \u00bb, expliquait, Philippe Astruc, le procureur de l\u2019\u00e9poque. Objectif : chercher qui a pu donner l\u2019information aux trafiquants. Analyses des t\u00e9l\u00e9phones, v\u00e9rification des consultations de fichiers, audition des fonctionnaires\u2026.<\/p>\n<p> Quelques dizaines de mois plus tard, l\u2019IGPN n\u2019a rien trouv\u00e9, indique une source au fait du dossier. \u00ab L\u2019affaire a \u00e9t\u00e9 cl\u00f4tur\u00e9e sans que rien ne soit trouv\u00e9. La proc\u00e9dure a \u00e9t\u00e9 transmise au procureur. \u00bb Contact\u00e9 la semaine derni\u00e8re, celui-ci n\u2019a pas r\u00e9pondu \u00e0 nos sollicitations.<\/p>\n<p>Le commissariat surveill\u00e9 ?<\/p>\n<p>Une autre piste est \u00e9voqu\u00e9e en off. \u00ab Nous avons su, qu\u2019afin de donner l\u2019alerte en cas d\u2019op\u00e9ration de police de grande ampleur, le mardi matin entre 5 h et 6 h 30, des trafiquants avaient mis en place une surveillance discr\u00e8te du commissariat, explique une source proche du dossier. Les d\u00e9linquants savent bien qu\u2019en mati\u00e8re de trafic de stup\u00e9fiants, les gardes \u00e0 vue peuvent durer 96 h. Ce qui permet que les d\u00e9ferrements soient termin\u00e9s vendredi apr\u00e8s-midi. \u00bb<\/p>\n<p>Si l\u2019origine d\u2019une \u00e9ventuelle fuite n\u2019a pas \u00e9t\u00e9 d\u00e9tect\u00e9e, la police a tout de m\u00eame r\u00e9ussi \u00e0 interpeller une dizaine de personnes recherch\u00e9es. \u00ab Les t\u00eates de r\u00e9seau sont parties au Maroc. Il n\u2019est pas exclu que nous r\u00e9ussissions quand m\u00eame \u00e0 les interpeller. \u00bb<\/p>\n","protected":false},"excerpt":{"rendered":"Mardi 23 janvier 2024, \u00e0 6 h 30, sur le parking du Castorama de Saint-Jacques-de-la-Lande, alors qu\u2019une op\u00e9ration&hellip;\n","protected":false},"author":2,"featured_media":427784,"comment_status":"","ping_status":"","sticky":false,"template":"","format":"standard","meta":{"footnotes":""},"categories":[2821],"tags":[1111,11,829,1777,674,118,3383,1011,27,848,12,584,25],"class_list":{"0":"post-427783","1":"post","2":"type-post","3":"status-publish","4":"format-standard","5":"has-post-thumbnail","7":"category-rennes","8":"tag-actu","9":"tag-actualites","10":"tag-bretagne","11":"tag-eu","12":"tag-europe","13":"tag-faits-divers","14":"tag-faits-divers-a-rennes","15":"tag-fr","16":"tag-france","17":"tag-ille-et-vilaine","18":"tag-news","19":"tag-rennes","20":"tag-republique-francaise"},"share_on_mastodon":{"url":"https:\/\/pubeurope.com\/@fr\/115291485804891054","error":""},"_links":{"self":[{"href":"https:\/\/www.europesays.com\/fr\/wp-json\/wp\/v2\/posts\/427783","targetHints":{"allow":["GET"]}}],"collection":[{"href":"https:\/\/www.europesays.com\/fr\/wp-json\/wp\/v2\/posts"}],"about":[{"href":"https:\/\/www.europesays.com\/fr\/wp-json\/wp\/v2\/types\/post"}],"author":[{"embeddable":true,"href":"https:\/\/www.europesays.com\/fr\/wp-json\/wp\/v2\/users\/2"}],"replies":[{"embeddable":true,"href":"https:\/\/www.europesays.com\/fr\/wp-json\/wp\/v2\/comments?post=427783"}],"version-history":[{"count":0,"href":"https:\/\/www.europesays.com\/fr\/wp-json\/wp\/v2\/posts\/427783\/revisions"}],"wp:featuredmedia":[{"embeddable":true,"href":"https:\/\/www.europesays.com\/fr\/wp-json\/wp\/v2\/media\/427784"}],"wp:attachment":[{"href":"https:\/\/www.europesays.com\/fr\/wp-json\/wp\/v2\/media?parent=427783"}],"wp:term":[{"taxonomy":"category","embeddable":true,"href":"https:\/\/www.europesays.com\/fr\/wp-json\/wp\/v2\/categories?post=427783"},{"taxonomy":"post_tag","embeddable":true,"href":"https:\/\/www.europesays.com\/fr\/wp-json\/wp\/v2\/tags?post=427783"}],"curies":[{"name":"wp","href":"https:\/\/api.w.org\/{rel}","templated":true}]}}