{"id":427785,"date":"2025-09-30T05:00:11","date_gmt":"2025-09-30T05:00:11","guid":{"rendered":"https:\/\/www.europesays.com\/fr\/427785\/"},"modified":"2025-09-30T05:00:11","modified_gmt":"2025-09-30T05:00:11","slug":"pres-de-strasbourg-un-centre-unique-pour-soulager-lendometriose","status":"publish","type":"post","link":"https:\/\/www.europesays.com\/fr\/427785\/","title":{"rendered":"pr\u00e8s de Strasbourg, un centre unique pour soulager l\u2019endom\u00e9triose"},"content":{"rendered":"<p>Charline, 22 ans, s\u2019est fait tatouer \u00ab\u00a0Tutto passa\u00a0\u00bb sur son bras gauche, \u00ab\u00a0c\u00f4t\u00e9 c\u0153ur\u00a0\u00bb. \u00ab\u00a0C\u2019est pour me rappeler que tout passe, m\u00eame la douleur. La crise n\u2019est que passag\u00e8re. Ma maladie fait partie de moi.\u00a0\u00bb \u00c9tudiante en master 2 communication et publicit\u00e9 \u00e0 Paris, elle vit avec <a href=\"https:\/\/www.dna.fr\/magazine-sante\/2024\/08\/30\/endometriose-une-association-pour-agir-en-alsace\" target=\"_blank\" rel=\"noopener\">l\u2019endom\u00e9triose, une maladie gyn\u00e9cologique chronique<\/a> , qui touche une personne menstru\u00e9e sur dix en France.<\/p>\n<p>Depuis ses 15 ans, Charline souffre de douleurs aigu\u00ebs au bassin parfois si intenses qu\u2019elle perd connaissance. \u00ab\u00a0Il\u00a0m\u2019arrive de tomber de toute ma hauteur ou d\u2019\u00eatre hospitalis\u00e9e \u00e0 cause de r\u00e8gles h\u00e9morragiques.\u00a0\u00bb<\/p>\n<p>Ce mardi 23\u00a0septembre, ses douleurs se sont quelque peu apais\u00e9es. Elle sort d\u2019une s\u00e9ance d\u2019acupuncture suivie de kin\u00e9sith\u00e9rapie au Centre de l\u2019endom\u00e9triose, install\u00e9 au centre m\u00e9dico-chirurgical obst\u00e9trique (CMCO) de Schiltigheim, pr\u00e8s de Strasbourg. \u00ab\u00a0Je me sens physiquement soulag\u00e9e, reconnect\u00e9e \u00e0 mon corps.\u00a0\u00bb<\/p>\n<p>Apr\u00e8s sept ans \u00e0 encha\u00eener les pilules et les antalgiques, Charline d\u00e9couvre enfin une&#8230;<\/p>\n","protected":false},"excerpt":{"rendered":"Charline, 22 ans, s\u2019est fait tatouer \u00ab\u00a0Tutto passa\u00a0\u00bb sur son bras gauche, \u00ab\u00a0c\u00f4t\u00e9 c\u0153ur\u00a0\u00bb. \u00ab\u00a0C\u2019est pour me rappeler&hellip;\n","protected":false},"author":2,"featured_media":427786,"comment_status":"","ping_status":"","sticky":false,"template":"","format":"standard","meta":{"footnotes":""},"categories":[2820],"tags":[1111,11,2389,2649,2880,1777,674,107,1011,27,775,12,25,71,5512,640,3265],"class_list":{"0":"post-427785","1":"post","2":"type-post","3":"status-publish","4":"format-standard","5":"has-post-thumbnail","7":"category-strasbourg","8":"tag-actu","9":"tag-actualites","10":"tag-alsace","11":"tag-bas-rhin","12":"tag-edition-strasbourg","13":"tag-eu","14":"tag-europe","15":"tag-fil-info","16":"tag-fr","17":"tag-france","18":"tag-grand-est","19":"tag-news","20":"tag-republique-francaise","21":"tag-sante","22":"tag-schiltigheim","23":"tag-strasbourg","24":"tag-strasbourg-nord"},"share_on_mastodon":{"url":"https:\/\/pubeurope.com\/@fr\/115291489809624215","error":""},"_links":{"self":[{"href":"https:\/\/www.europesays.com\/fr\/wp-json\/wp\/v2\/posts\/427785","targetHints":{"allow":["GET"]}}],"collection":[{"href":"https:\/\/www.europesays.com\/fr\/wp-json\/wp\/v2\/posts"}],"about":[{"href":"https:\/\/www.europesays.com\/fr\/wp-json\/wp\/v2\/types\/post"}],"author":[{"embeddable":true,"href":"https:\/\/www.europesays.com\/fr\/wp-json\/wp\/v2\/users\/2"}],"replies":[{"embeddable":true,"href":"https:\/\/www.europesays.com\/fr\/wp-json\/wp\/v2\/comments?post=427785"}],"version-history":[{"count":0,"href":"https:\/\/www.europesays.com\/fr\/wp-json\/wp\/v2\/posts\/427785\/revisions"}],"wp:featuredmedia":[{"embeddable":true,"href":"https:\/\/www.europesays.com\/fr\/wp-json\/wp\/v2\/media\/427786"}],"wp:attachment":[{"href":"https:\/\/www.europesays.com\/fr\/wp-json\/wp\/v2\/media?parent=427785"}],"wp:term":[{"taxonomy":"category","embeddable":true,"href":"https:\/\/www.europesays.com\/fr\/wp-json\/wp\/v2\/categories?post=427785"},{"taxonomy":"post_tag","embeddable":true,"href":"https:\/\/www.europesays.com\/fr\/wp-json\/wp\/v2\/tags?post=427785"}],"curies":[{"name":"wp","href":"https:\/\/api.w.org\/{rel}","templated":true}]}}