{"id":427787,"date":"2025-09-30T05:01:21","date_gmt":"2025-09-30T05:01:21","guid":{"rendered":"https:\/\/www.europesays.com\/fr\/427787\/"},"modified":"2025-09-30T05:01:21","modified_gmt":"2025-09-30T05:01:21","slug":"strasbourg-rencontre-le-2-octobre-avec-daniel-baal-et-nicolas-thery-aux-bibliotheques-ideales","status":"publish","type":"post","link":"https:\/\/www.europesays.com\/fr\/427787\/","title":{"rendered":"Strasbourg. Rencontre le 2\u00a0octobre avec Daniel Baal et Nicolas Th\u00e9ry aux Biblioth\u00e8ques id\u00e9ales"},"content":{"rendered":"<p>Savez-vous qu\u2019il existe un mod\u00e8le d\u2019entreprise b\u00e9n\u00e9fique pour la soci\u00e9t\u00e9, l\u2019environnement et la d\u00e9mocratie\u00a0? Une alternative \u00e0 l\u2019ultralib\u00e9ralisme\u00a0? Ce mod\u00e8le, le mutualisme, est n\u00e9 au XIXe \u00a0si\u00e8cle pour lutter contre la mis\u00e8re rurale et reste aujourd\u2019hui encore un formidable levier pour changer la soci\u00e9t\u00e9. Deux praticiens de ce mouvement vertueux, Daniel Baal et Nicolas Th\u00e9ry, le d\u00e9cryptent dans un livre, Pour une soci\u00e9t\u00e9 plus mutuelle, sortir de l\u2019ultralib\u00e9ralisme est possible , publi\u00e9 en mai dernier. Ils en racontent les r\u00e9ussites mais aussi les difficult\u00e9s. Ils nous parlent d\u2019un monde o\u00f9 les dirigeants ne touchent pas de stock-options, o\u00f9 les actionnaires-soci\u00e9taires ne sont que \u00ab\u00a0locataires\u00a0\u00bb d\u2019un capital pr\u00e9serv\u00e9 pour les g\u00e9n\u00e9rations futures, o\u00f9 une part des r\u00e9sultats est r\u00e9inject\u00e9e dans l\u2019\u00e9conomie sociale et solidaire, o\u00f9 la plan\u00e8te fait partie des priorit\u00e9s et o\u00f9 l\u2019engagement b\u00e9n\u00e9vole et la d\u00e9mocratie sont le socle de l\u2019\u00e9conomie. Ils nous donnent des clefs pour construire une soci\u00e9t\u00e9 plus mutuelle, qui combine int\u00e9r\u00eat des personnes et b\u00e9n\u00e9fice collectif.<\/p>\n<p>Daniel Baal est pr\u00e9sident du Cr\u00e9dit Mutuel depuis avril\u00a02024, apr\u00e8s avoir \u00e9t\u00e9 directeur g\u00e9n\u00e9ral de sa principale entit\u00e9. En parall\u00e8le \u00e0 sa carri\u00e8re dans le groupe mutualiste, il a pr\u00e9sid\u00e9 la F\u00e9d\u00e9ration fran\u00e7aise de cyclisme.<\/p>\n<p>Nicolas Th\u00e9ry, son pr\u00e9d\u00e9cesseur, a rejoint la banque mutualiste en 2009 apr\u00e8s avoir travaill\u00e9 \u00e0 la Commission europ\u00e9enne, \u00e0 la CFDT et \u00e0 Bercy.<\/p>\n<p class=\"note\">Le Cr\u00e9dit Mutuel Alliance F\u00e9d\u00e9rale est l\u2019actionnaire du groupe Ebra auquel appartient notre journal.<\/p>\n<p class=\"note\">Jeudi 2\u00a0octobre \u00e0 18\u00a0h \u00e0 Saint-Guillaume \u00e0 Strasbourg.<\/p>\n<p class=\"note\">Pour une soci\u00e9t\u00e9 plus mutuelle, sortir de l\u2019ultralib\u00e9ralisme est possible , par Daniel Baal et Nicolas Th\u00e9ry, publi\u00e9 par Ebra \u00c9ditions et les \u00c9ditions de l\u2019aube. 15\u00a0\u20ac. Les droits d\u2019auteur seront revers\u00e9s \u00e0 l\u2019association \u201cLa Chance, pour la diversit\u00e9 dans les m\u00e9dias\u201d.<\/p>\n","protected":false},"excerpt":{"rendered":"Savez-vous qu\u2019il existe un mod\u00e8le d\u2019entreprise b\u00e9n\u00e9fique pour la soci\u00e9t\u00e9, l\u2019environnement et la d\u00e9mocratie\u00a0? Une alternative \u00e0 l\u2019ultralib\u00e9ralisme\u00a0?&hellip;\n","protected":false},"author":2,"featured_media":427788,"comment_status":"","ping_status":"","sticky":false,"template":"","format":"standard","meta":{"footnotes":""},"categories":[2820],"tags":[1111,11,4406,6211,1687,33,2880,1777,674,107,1011,27,775,12,5486,25,640,2879],"class_list":{"0":"post-427787","1":"post","2":"type-post","3":"status-publish","4":"format-standard","5":"has-post-thumbnail","7":"category-strasbourg","8":"tag-actu","9":"tag-actualites","10":"tag-commerce-et-services","11":"tag-conference","12":"tag-culture-loisirs","13":"tag-economie","14":"tag-edition-strasbourg","15":"tag-eu","16":"tag-europe","17":"tag-fil-info","18":"tag-fr","19":"tag-france","20":"tag-grand-est","21":"tag-news","22":"tag-rencontre","23":"tag-republique-francaise","24":"tag-strasbourg","25":"tag-strasbourg-ville"},"share_on_mastodon":{"url":"https:\/\/pubeurope.com\/@fr\/115291493733802089","error":""},"_links":{"self":[{"href":"https:\/\/www.europesays.com\/fr\/wp-json\/wp\/v2\/posts\/427787","targetHints":{"allow":["GET"]}}],"collection":[{"href":"https:\/\/www.europesays.com\/fr\/wp-json\/wp\/v2\/posts"}],"about":[{"href":"https:\/\/www.europesays.com\/fr\/wp-json\/wp\/v2\/types\/post"}],"author":[{"embeddable":true,"href":"https:\/\/www.europesays.com\/fr\/wp-json\/wp\/v2\/users\/2"}],"replies":[{"embeddable":true,"href":"https:\/\/www.europesays.com\/fr\/wp-json\/wp\/v2\/comments?post=427787"}],"version-history":[{"count":0,"href":"https:\/\/www.europesays.com\/fr\/wp-json\/wp\/v2\/posts\/427787\/revisions"}],"wp:featuredmedia":[{"embeddable":true,"href":"https:\/\/www.europesays.com\/fr\/wp-json\/wp\/v2\/media\/427788"}],"wp:attachment":[{"href":"https:\/\/www.europesays.com\/fr\/wp-json\/wp\/v2\/media?parent=427787"}],"wp:term":[{"taxonomy":"category","embeddable":true,"href":"https:\/\/www.europesays.com\/fr\/wp-json\/wp\/v2\/categories?post=427787"},{"taxonomy":"post_tag","embeddable":true,"href":"https:\/\/www.europesays.com\/fr\/wp-json\/wp\/v2\/tags?post=427787"}],"curies":[{"name":"wp","href":"https:\/\/api.w.org\/{rel}","templated":true}]}}