{"id":427797,"date":"2025-09-30T05:06:12","date_gmt":"2025-09-30T05:06:12","guid":{"rendered":"https:\/\/www.europesays.com\/fr\/427797\/"},"modified":"2025-09-30T05:06:12","modified_gmt":"2025-09-30T05:06:12","slug":"ou-en-est-le-programme-petites-villes-de-demain-en-gironde","status":"publish","type":"post","link":"https:\/\/www.europesays.com\/fr\/427797\/","title":{"rendered":"O\u00f9 en est le programme \u00ab\u202fPetites villes de demain\u202f\u00bb en Gironde\u2009?"},"content":{"rendered":"<p>\u00ab\u202fGr\u00e2ce \u00e0 vos projets, vous faites de la Gironde un d\u00e9partement o\u00f9 il fait bon vivre\u202f\u00bb, lance Matthieu Doligez, sous-pr\u00e9fet de Libourne, aux \u00e9lus et chefs de projets \u00ab\u202fPetites villes de demain\u202f\u00bb. Ces derniers, aux c\u00f4t\u00e9s des sous-pr\u00e9fets &#8211; ou leurs secr\u00e9taires &#8211; du d\u00e9partement, \u00e9taient r\u00e9unis \u00e0 Saint-Andr\u00e9-de-Cubzac le 15\u202fseptembre pour un s\u00e9minaire.<\/p>\n<p>Lanc\u00e9 en 2020 \u00e0 destination des communes de moins de 20\u2009000 habitants, le programme \u00ab\u202fPetites villes de demain\u202f\u00bb a pour but de restructurer les villes concern\u00e9es. L\u2019objectif \u00e9tant de revitaliser les centres-villes, mais \u00e9galement am\u00e9liorer l\u2019attractivit\u00e9 des communes et renforcer les services offerts aux habitants. Le programme doit arriver \u00e0 \u00e9ch\u00e9ance en mars\u202f2026. Il devrait \u00eatre prolong\u00e9 a minima jusqu\u2019au 31\u202fd\u00e9cembre. \u00ab\u202fOn ne peut pas s\u2019engager sur un temps plus long pour l\u2019instant. Le budget pour 2026 n\u2019est pas vot\u00e9 et nous ne savons pas quelle sera la situation en 2027\u2026 Mais nous souhaitons vous affirmer, chers \u00e9lus, notre volont\u00e9 de poursuivre le programme\u202f\u00bb, assure Dominique Consille, directrice du programme national \u00ab\u202fPetites villes de demain\u202f\u00bb \u00e0 l\u2019agence nationale de la coh\u00e9sion des territoires.<\/p>\n<p><strong>Au moins 37\u202fmillions d\u2019euros investis en Gironde<\/strong><\/p>\n<p>Pour les communes laur\u00e9ates, seize en Gironde (lire&#8230;<\/p>\n","protected":false},"excerpt":{"rendered":"\u00ab\u202fGr\u00e2ce \u00e0 vos projets, vous faites de la Gironde un d\u00e9partement o\u00f9 il fait bon vivre\u202f\u00bb, lance Matthieu&hellip;\n","protected":false},"author":2,"featured_media":427798,"comment_status":"","ping_status":"","sticky":false,"template":"","format":"standard","meta":{"footnotes":""},"categories":[2817],"tags":[1111,11,1997,1777,674,1011,27,12,2219,25],"class_list":{"0":"post-427797","1":"post","2":"type-post","3":"status-publish","4":"format-standard","5":"has-post-thumbnail","7":"category-bordeaux","8":"tag-actu","9":"tag-actualites","10":"tag-bordeaux","11":"tag-eu","12":"tag-europe","13":"tag-fr","14":"tag-france","15":"tag-news","16":"tag-nouvelle-aquitaine","17":"tag-republique-francaise"},"share_on_mastodon":{"url":"https:\/\/pubeurope.com\/@fr\/115291513454832063","error":""},"_links":{"self":[{"href":"https:\/\/www.europesays.com\/fr\/wp-json\/wp\/v2\/posts\/427797","targetHints":{"allow":["GET"]}}],"collection":[{"href":"https:\/\/www.europesays.com\/fr\/wp-json\/wp\/v2\/posts"}],"about":[{"href":"https:\/\/www.europesays.com\/fr\/wp-json\/wp\/v2\/types\/post"}],"author":[{"embeddable":true,"href":"https:\/\/www.europesays.com\/fr\/wp-json\/wp\/v2\/users\/2"}],"replies":[{"embeddable":true,"href":"https:\/\/www.europesays.com\/fr\/wp-json\/wp\/v2\/comments?post=427797"}],"version-history":[{"count":0,"href":"https:\/\/www.europesays.com\/fr\/wp-json\/wp\/v2\/posts\/427797\/revisions"}],"wp:featuredmedia":[{"embeddable":true,"href":"https:\/\/www.europesays.com\/fr\/wp-json\/wp\/v2\/media\/427798"}],"wp:attachment":[{"href":"https:\/\/www.europesays.com\/fr\/wp-json\/wp\/v2\/media?parent=427797"}],"wp:term":[{"taxonomy":"category","embeddable":true,"href":"https:\/\/www.europesays.com\/fr\/wp-json\/wp\/v2\/categories?post=427797"},{"taxonomy":"post_tag","embeddable":true,"href":"https:\/\/www.europesays.com\/fr\/wp-json\/wp\/v2\/tags?post=427797"}],"curies":[{"name":"wp","href":"https:\/\/api.w.org\/{rel}","templated":true}]}}