{"id":427799,"date":"2025-09-30T05:07:13","date_gmt":"2025-09-30T05:07:13","guid":{"rendered":"https:\/\/www.europesays.com\/fr\/427799\/"},"modified":"2025-09-30T05:07:13","modified_gmt":"2025-09-30T05:07:13","slug":"lyon-et-bordeaux-veulent-experimenter-un-encadrement-des-loyers-commerciaux","status":"publish","type":"post","link":"https:\/\/www.europesays.com\/fr\/427799\/","title":{"rendered":"Lyon et Bordeaux veulent exp\u00e9rimenter un encadrement des loyers commerciaux"},"content":{"rendered":"<p>\u00ab\u2009A pr\u00e9sent, nous ne pouvons plus agir seuls sur l\u2019un des facteurs les plus p\u00e9nalisants pour le commerce ind\u00e9pendant : le niveau des loyers commerciaux\u2009\u00bb, arguent Pierre Hurmic (Bordeaux) et Gr\u00e9gory Doucet (Lyon) dans leur courrier au nouveau Premier ministre. Un certain nombre de loyers serait largement \u00ab\u2009d\u00e9connect\u00e9\u2009\u00bb de la r\u00e9alit\u00e9 et de la capacit\u00e9 des commerces ind\u00e9pendants, laissant uniquement la place \u00e0 l&rsquo;implantation de grandes enseignes.<\/p>\n","protected":false},"excerpt":{"rendered":"\u00ab\u2009A pr\u00e9sent, nous ne pouvons plus agir seuls sur l\u2019un des facteurs les plus p\u00e9nalisants pour le commerce&hellip;\n","protected":false},"author":2,"featured_media":427800,"comment_status":"","ping_status":"","sticky":false,"template":"","format":"standard","meta":{"footnotes":""},"categories":[2817],"tags":[17,1111,11,1997,154,33,32581,1777,674,55670,1011,27,1116,2428,12,2219,25,4925],"class_list":{"0":"post-427799","1":"post","2":"type-post","3":"status-publish","4":"format-standard","5":"has-post-thumbnail","7":"category-bordeaux","8":"tag-17","9":"tag-actu","10":"tag-actualites","11":"tag-bordeaux","12":"tag-des","13":"tag-economie","14":"tag-encadrement","15":"tag-eu","16":"tag-europe","17":"tag-experimenter","18":"tag-fr","19":"tag-france","20":"tag-immobilier","21":"tag-lyon","22":"tag-news","23":"tag-nouvelle-aquitaine","24":"tag-republique-francaise","25":"tag-veulent"},"share_on_mastodon":{"url":"https:\/\/pubeurope.com\/@fr\/115291517433934126","error":""},"_links":{"self":[{"href":"https:\/\/www.europesays.com\/fr\/wp-json\/wp\/v2\/posts\/427799","targetHints":{"allow":["GET"]}}],"collection":[{"href":"https:\/\/www.europesays.com\/fr\/wp-json\/wp\/v2\/posts"}],"about":[{"href":"https:\/\/www.europesays.com\/fr\/wp-json\/wp\/v2\/types\/post"}],"author":[{"embeddable":true,"href":"https:\/\/www.europesays.com\/fr\/wp-json\/wp\/v2\/users\/2"}],"replies":[{"embeddable":true,"href":"https:\/\/www.europesays.com\/fr\/wp-json\/wp\/v2\/comments?post=427799"}],"version-history":[{"count":0,"href":"https:\/\/www.europesays.com\/fr\/wp-json\/wp\/v2\/posts\/427799\/revisions"}],"wp:featuredmedia":[{"embeddable":true,"href":"https:\/\/www.europesays.com\/fr\/wp-json\/wp\/v2\/media\/427800"}],"wp:attachment":[{"href":"https:\/\/www.europesays.com\/fr\/wp-json\/wp\/v2\/media?parent=427799"}],"wp:term":[{"taxonomy":"category","embeddable":true,"href":"https:\/\/www.europesays.com\/fr\/wp-json\/wp\/v2\/categories?post=427799"},{"taxonomy":"post_tag","embeddable":true,"href":"https:\/\/www.europesays.com\/fr\/wp-json\/wp\/v2\/tags?post=427799"}],"curies":[{"name":"wp","href":"https:\/\/api.w.org\/{rel}","templated":true}]}}