{"id":427801,"date":"2025-09-30T05:08:11","date_gmt":"2025-09-30T05:08:11","guid":{"rendered":"https:\/\/www.europesays.com\/fr\/427801\/"},"modified":"2025-09-30T05:08:11","modified_gmt":"2025-09-30T05:08:11","slug":"toulouse-une-nouvelle-journee-de-manifestation-sannonce-dans-la-ville-rose-ce-qui-est-prevu","status":"publish","type":"post","link":"https:\/\/www.europesays.com\/fr\/427801\/","title":{"rendered":"Toulouse. Une nouvelle journ\u00e9e de manifestation s&rsquo;annonce dans la Ville rose, ce qui est pr\u00e9vu"},"content":{"rendered":"<p>            Par<br \/>\n        <strong><br \/>\n            <a href=\"https:\/\/actu.fr\/auteur\/lucie-2\" title=\"Consulter tous les articles de Lucie Fraisse\" target=\"_blank\" rel=\"noopener\">Lucie Fraisse<\/a><br \/>\n        <\/strong><\/p>\n<p>        Publi\u00e9 le<\/p>\n<p>            30 sept. 2025 \u00e0 6h46        <\/p>\n<p>Une nouvelle journ\u00e9e de manifestations s\u2019annonce dans toute la France <a href=\"https:\/\/actu.fr\/societe\/une-nouvelle-greve-prevue-le-2-octobre-vers-une-mobilisation-plus-dure_63211137.html\" target=\"_blank\" rel=\"noopener\">pour ce jeudi 2 octobre 2025<\/a>. L\u2019intersyndicale (CGT, CFDT, FO, CFE-CGC, CFTC, Unsa, FSU et Solidaires) appelle en effet \u00e0 la mobilisation, estimant,<a href=\"https:\/\/actu.fr\/politique\/le-plus-faible-de-la-ve-republique-l-etonnant-aveu-de-sebastien-lecornu-face-aux-syndicats_63209658.html\" target=\"_blank\" rel=\"noopener\"> apr\u00e8s sa rencontre avec le Premier ministre<\/a> le 24 septembre, n\u2019avoir eu \u00ab\u00a0<strong>aucune r\u00e9ponse claire<\/strong> [\u2026] apport\u00e9e \u00e0 la col\u00e8re des salari\u00e9s, des agents, des demandeurs d\u2019emplois, des jeunes, des retrait\u00e9s\u2026\u00a0\u00bb<\/p>\n<p>D\u00e9part de Saint-Cyprien<\/p>\n<p class=\" wall-content\">\u00c0<strong> Toulouse<\/strong>, la manifestation partira de <strong>Saint-Cyprien<\/strong> \u00e0 14 heures, pour emprunter le m\u00eame parcours que celui que les manifestants ont parcouru le jeudi 18 septembre dernier. Ce jour-l\u00e0, <a href=\"https:\/\/actu.fr\/occitanie\/toulouse_31555\/greve-du-18-septembre-entre-18-000-et-40-000-personnes-rassemblees-dans-les-rues-de-toulouse_63181496.html\" target=\"_blank\" rel=\"noopener\">entre 18 000 (chiffres de la pr\u00e9fecture) et 40 000 personnes (d\u00e9compte des syndicats)<\/a> avaient arpent\u00e9 les rues de la Ville rose.\u00a0<\/p>\n<p class=\" wall-content\">\u00ab\u00a0En refusant de reporter l\u2019\u00e2ge l\u00e9gal de d\u00e9part \u00e0 la retraite ou d\u2019appliquer la taxe Zucman pour davantage de justice fiscale, le Premier ministre ne r\u00e9pond pas \u00e0 nos revendications\u00a0\u00bb, souligne Herv\u00e9 Aussel pour la CFDT Haute-Garonne.<\/p>\n<p>De nombreux secteurs mobilis\u00e9s<\/p>\n<p class=\" wall-content\">Selon le syndicaliste, de<strong> nombreux secteurs devraient se mobiliser<\/strong> ce jeudi en Haute-Garonne : \u00ab\u00a0Il y a un pr\u00e9avis de gr\u00e8ve \u00e0 la Poste, je pense qu\u2019il y aura aussi des mobilisations dans les transports, l\u2019\u00e9nergie, les transports, l\u2019\u00c9ducation nationale, la sant\u00e9\u2026\u00a0\u00bb<\/p>\n<p>Vid\u00e9os : en ce moment sur Actu<\/p>\n<p class=\" wall-content\">Certains Clae de la Ville rose ont ainsi d\u2019ores et d\u00e9j\u00e0 annonc\u00e9 leur fermeture pour ce jeudi 2 octobre.\u00a0<\/p>\n<p class=\" wall-content\">\u00c0 Muret, le cort\u00e8ge s\u2019\u00e9lancera \u00e0 10 heures. Une mobilisation est aussi annonc\u00e9e \u00e0 Saint-Gaudens, mais l\u2019heure n\u2019est pas encore pr\u00e9cis\u00e9e.<\/p>\n<p class=\" wall-content\">Personnalisez votre actualit\u00e9 en ajoutant vos villes et m\u00e9dias en favori avec <a href=\"https:\/\/moncompte.actu.fr\" title=\"D\u00e9couvez Mon Actu\" rel=\"nofollow noopener\" data-trk=\"{&quot;cta&quot;:{&quot;action&quot;:&quot;https:\\\/\\\/moncompte.actu.fr&quot;,&quot;category&quot;:&quot;mon compte&quot;,&quot;from&quot;:&quot;article footer&quot;,&quot;name&quot;:&quot;Mon actu&quot;,&quot;type&quot;:&quot;cta&quot;}}\" target=\"_blank\">Mon Actu<\/a>.<\/p>\n","protected":false},"excerpt":{"rendered":"Par Lucie Fraisse Publi\u00e9 le 30 sept. 2025 \u00e0 6h46 Une nouvelle journ\u00e9e de manifestations s\u2019annonce dans toute&hellip;\n","protected":false},"author":2,"featured_media":427802,"comment_status":"","ping_status":"","sticky":false,"template":"","format":"standard","meta":{"footnotes":""},"categories":[2816],"tags":[1111,11,1777,674,1011,27,1272,12,2680,25,104,2312],"class_list":{"0":"post-427801","1":"post","2":"type-post","3":"status-publish","4":"format-standard","5":"has-post-thumbnail","7":"category-toulouse","8":"tag-actu","9":"tag-actualites","10":"tag-eu","11":"tag-europe","12":"tag-fr","13":"tag-france","14":"tag-manifestations","15":"tag-news","16":"tag-occitanie","17":"tag-republique-francaise","18":"tag-societe","19":"tag-toulouse"},"share_on_mastodon":{"url":"https:\/\/pubeurope.com\/@fr\/115291521354691094","error":""},"_links":{"self":[{"href":"https:\/\/www.europesays.com\/fr\/wp-json\/wp\/v2\/posts\/427801","targetHints":{"allow":["GET"]}}],"collection":[{"href":"https:\/\/www.europesays.com\/fr\/wp-json\/wp\/v2\/posts"}],"about":[{"href":"https:\/\/www.europesays.com\/fr\/wp-json\/wp\/v2\/types\/post"}],"author":[{"embeddable":true,"href":"https:\/\/www.europesays.com\/fr\/wp-json\/wp\/v2\/users\/2"}],"replies":[{"embeddable":true,"href":"https:\/\/www.europesays.com\/fr\/wp-json\/wp\/v2\/comments?post=427801"}],"version-history":[{"count":0,"href":"https:\/\/www.europesays.com\/fr\/wp-json\/wp\/v2\/posts\/427801\/revisions"}],"wp:featuredmedia":[{"embeddable":true,"href":"https:\/\/www.europesays.com\/fr\/wp-json\/wp\/v2\/media\/427802"}],"wp:attachment":[{"href":"https:\/\/www.europesays.com\/fr\/wp-json\/wp\/v2\/media?parent=427801"}],"wp:term":[{"taxonomy":"category","embeddable":true,"href":"https:\/\/www.europesays.com\/fr\/wp-json\/wp\/v2\/categories?post=427801"},{"taxonomy":"post_tag","embeddable":true,"href":"https:\/\/www.europesays.com\/fr\/wp-json\/wp\/v2\/tags?post=427801"}],"curies":[{"name":"wp","href":"https:\/\/api.w.org\/{rel}","templated":true}]}}