{"id":427805,"date":"2025-09-30T05:11:44","date_gmt":"2025-09-30T05:11:44","guid":{"rendered":"https:\/\/www.europesays.com\/fr\/427805\/"},"modified":"2025-09-30T05:11:44","modified_gmt":"2025-09-30T05:11:44","slug":"football-seconde-ligue-unique-lille-chute-a-domicile-contre-rodez","status":"publish","type":"post","link":"https:\/\/www.europesays.com\/fr\/427805\/","title":{"rendered":"Football &#8211; Seconde Ligue unique : Lille chute \u00e0 domicile contre Rodez"},"content":{"rendered":"<p>                    Dans la rencontre l&rsquo;opposant \u00e0 Rodez, Lille n&rsquo;a pas r\u00e9ussi \u00e0 s&rsquo;imposer \u00e0 la maison, ce 28 septembre 2025, lors de la 3\u00e8me journ\u00e9e du championnat.<\/p>\n<p>                Le match s&rsquo;est termin\u00e9 sur le score de 1-2.<\/p>\n<p>                Lille enregistre ainsi sa 1\u00e8re d\u00e9faite de la saison (pour 0 nul et 2 victoires).<\/p>\n<p>                Suite \u00e0 ce match, le club de Lille pointe \u00e0 la 5\u00e8me place (6 points, 2 de diff\u00e9rence de buts) au classement g\u00e9n\u00e9ral de Seconde Ligue unique.<\/p>\n<p>                Quant \u00e0 Rodez, cette 2\u00e8me victoire de l&rsquo;ann\u00e9e (pour 1 d\u00e9faite et 0 nul) lui permet de prendre la 2\u00e8me place (6 points, 0).\u00a0<\/p>\n<p>D&rsquo;autres rencontres se sont d\u00e9roul\u00e9es lors de cette 3\u00e8me journ\u00e9e : <\/p>\n<ul>\n<li>Grenoble 2-1 Thonon Evian Gg Fc <\/li>\n<li>Le Mans 3-0 Reims <\/li>\n<li>Auxerre 1-1 US SAINT-MALO <\/li>\n<li>Nice 0-0 Toulouse <\/li>\n<li>Metz 2-0 EN AVANT GUINGAMP <\/li>\n<\/ul>\n<p>\u00a0<\/p>\n<p>Au programme de la prochaine journ\u00e9e de championnat, le 4 octobre 2025 : <\/p>\n<ul>\n<li>Reims &#8211; Auxerre <\/li>\n<li>Toulouse &#8211; EN AVANT GUINGAMP <\/li>\n<li>Rodez &#8211; Grenoble <\/li>\n<li>Thonon Evian Gg Fc &#8211; Le Mans <\/li>\n<li>Lille &#8211; Metz <\/li>\n<li>US SAINT-MALO &#8211; Nice <\/li>\n<\/ul>\n<p>.<\/p>\n","protected":false},"excerpt":{"rendered":"Dans la rencontre l&rsquo;opposant \u00e0 Rodez, Lille n&rsquo;a pas r\u00e9ussi \u00e0 s&rsquo;imposer \u00e0 la maison, ce 28 septembre&hellip;\n","protected":false},"author":2,"featured_media":5425,"comment_status":"","ping_status":"","sticky":false,"template":"","format":"standard","meta":{"footnotes":""},"categories":[2815],"tags":[1111,11,3299,1777,674,63,1011,27,811,1307,12,25,26119],"class_list":{"0":"post-427805","1":"post","2":"type-post","3":"status-publish","4":"format-standard","5":"has-post-thumbnail","7":"category-lille","8":"tag-actu","9":"tag-actualites","10":"tag-clubs-amateurs-texte-auto","11":"tag-eu","12":"tag-europe","13":"tag-football","14":"tag-fr","15":"tag-france","16":"tag-hauts-de-france","17":"tag-lille","18":"tag-news","19":"tag-republique-francaise","20":"tag-rodez"},"share_on_mastodon":{"url":"https:\/\/pubeurope.com\/@fr\/115291533190131045","error":""},"_links":{"self":[{"href":"https:\/\/www.europesays.com\/fr\/wp-json\/wp\/v2\/posts\/427805","targetHints":{"allow":["GET"]}}],"collection":[{"href":"https:\/\/www.europesays.com\/fr\/wp-json\/wp\/v2\/posts"}],"about":[{"href":"https:\/\/www.europesays.com\/fr\/wp-json\/wp\/v2\/types\/post"}],"author":[{"embeddable":true,"href":"https:\/\/www.europesays.com\/fr\/wp-json\/wp\/v2\/users\/2"}],"replies":[{"embeddable":true,"href":"https:\/\/www.europesays.com\/fr\/wp-json\/wp\/v2\/comments?post=427805"}],"version-history":[{"count":0,"href":"https:\/\/www.europesays.com\/fr\/wp-json\/wp\/v2\/posts\/427805\/revisions"}],"wp:featuredmedia":[{"embeddable":true,"href":"https:\/\/www.europesays.com\/fr\/wp-json\/wp\/v2\/media\/5425"}],"wp:attachment":[{"href":"https:\/\/www.europesays.com\/fr\/wp-json\/wp\/v2\/media?parent=427805"}],"wp:term":[{"taxonomy":"category","embeddable":true,"href":"https:\/\/www.europesays.com\/fr\/wp-json\/wp\/v2\/categories?post=427805"},{"taxonomy":"post_tag","embeddable":true,"href":"https:\/\/www.europesays.com\/fr\/wp-json\/wp\/v2\/tags?post=427805"}],"curies":[{"name":"wp","href":"https:\/\/api.w.org\/{rel}","templated":true}]}}