{"id":427806,"date":"2025-09-30T05:12:12","date_gmt":"2025-09-30T05:12:12","guid":{"rendered":"https:\/\/www.europesays.com\/fr\/427806\/"},"modified":"2025-09-30T05:12:12","modified_gmt":"2025-09-30T05:12:12","slug":"le-commissariat-de-la-police-municipale-ouvrira-avant-noel-rue-loubon","status":"publish","type":"post","link":"https:\/\/www.europesays.com\/fr\/427806\/","title":{"rendered":"le commissariat de la police municipale ouvrira \u00ab\u00a0avant No\u00ebl\u00a0\u00bb rue Loubon"},"content":{"rendered":"<p>Dans un conseil d\u2019arrondissements des 2e-3e majoritairement d\u00e9di\u00e9 aux subventions \u00e0 des associations culturelles ou sportives, la s\u00e9ance qui s\u2019est tenue lundi 29\u00a0septembre au soir \u00e9tait \u00e9galement l\u2019occasion de voter \u00ab\u00a0la cr\u00e9ation d\u2019un <a href=\"https:\/\/www.laprovence.com\/article\/politique\/114587107103214\/marseille-lantenne-de-la-police-municipale-a-la-belle-de-mai-ouvrira-en-septembre\" target=\"_blank\" rel=\"noopener\">poste de police municipale de proximit\u00e9<\/a>\u00ab\u00a0, au 16 rue Loubon (3e). Une formalit\u00e9 apr\u00e8s une premi\u00e8re annonce du maire (PS) du secteur et le vote d\u2019une d\u00e9lib\u00e9ration en conseil municipal en janvier dernier.<\/p>\n<p>\u00ab\u00a0Les travaux sont quasiment termin\u00e9s et on peut annoncer une ouverture avant No\u00ebl, a pr\u00e9cis\u00e9 Anthony Krehmeier, l\u2019\u00e9dile des 2e-3e. C&rsquo;est un endroit, avec le parvis de la <a href=\"https:\/\/www.laprovence.com\/article\/region\/23960876002582\/marseille-en-grand-le-ministre-francois-rebsamen-en-visite-eclair-des-chantiers-des-ecoles-et-du-tramway\" target=\"_blank\" rel=\"noopener\">nouvelle \u00e9cole Jolie-Manon<\/a> et la <a href=\"https:\/\/www.laprovence.com\/article\/region\/1596354088516715\/a-la-belle-de-mai-a-marseille-la-plus-belle-mediatheque-de-la-ville-se-devoile\" target=\"_blank\" rel=\"noopener\">future plus belle m\u00e9diath\u00e8que de la ville<\/a>, o\u00f9 on remet une police de proximit\u00e9, avec des policiers qui ressemblent \u00e0 leur ville.\u00a0\u00bb \u00ab\u00a0Au moins une douzaine d\u2019agents\u00a0\u00bb doivent occuper ce bureau annexe, dans un immeuble de 824\u00a0m\u00b2 acquis par la Ville pour pr\u00e8s d\u2019un million d\u2019euros.<\/p>\n<p>Cette s\u00e9ance a aussi permis de valider la r\u00e9habilitation du groupe scolaire Montolieu (2e). Apr\u00e8s \u00ab\u00a0des difficult\u00e9s\u00a0\u00bb li\u00e9es \u00e0 sa proximit\u00e9 avec le march\u00e9 du Soleil et une copropri\u00e9t\u00e9, Pierre-Marie Ganozzi, \u00e9lu de secteur et adjoint (PM) en mairie centrale en charge du b\u00e2ti scolaire, a confirm\u00e9 \u00ab\u00a0le d\u00e9but en mars d\u2019un chantier de deux ans, enti\u00e8rement port\u00e9 par la Ville\u00a0\u00bb. Il a aussi pr\u00e9sent\u00e9 \u00ab\u00a0l\u2019approbation et l\u2019autorisation du nouveau march\u00e9 de partenariat\u00a0\u00bb pour la r\u00e9novation de 31\u00a0nouvelles \u00e9coles, port\u00e9e cette fois par la Soci\u00e9t\u00e9 publique des \u00e9coles marseillaises, dont deux dans le secteur (National et Parc-Bellevue).<\/p>\n","protected":false},"excerpt":{"rendered":"Dans un conseil d\u2019arrondissements des 2e-3e majoritairement d\u00e9di\u00e9 aux subventions \u00e0 des associations culturelles ou sportives, la s\u00e9ance&hellip;\n","protected":false},"author":2,"featured_media":427807,"comment_status":"","ping_status":"","sticky":false,"template":"","format":"standard","meta":{"footnotes":""},"categories":[2814],"tags":[17,1111,11,3917,14367,2826,1777,674,1011,27,884,16009,12,16089,1072,882,16,25],"class_list":{"0":"post-427806","1":"post","2":"type-post","3":"status-publish","4":"format-standard","5":"has-post-thumbnail","7":"category-marseille","8":"tag-17","9":"tag-actu","10":"tag-actualites","11":"tag-avant","12":"tag-commissariat","13":"tag-confidentiels","14":"tag-eu","15":"tag-europe","16":"tag-fr","17":"tag-france","18":"tag-marseille","19":"tag-municipale","20":"tag-news","21":"tag-ouvrira","22":"tag-police","23":"tag-provence-alpes-cote-dazur","24":"tag-region","25":"tag-republique-francaise"},"share_on_mastodon":{"url":"https:\/\/pubeurope.com\/@fr\/115291537116228812","error":""},"_links":{"self":[{"href":"https:\/\/www.europesays.com\/fr\/wp-json\/wp\/v2\/posts\/427806","targetHints":{"allow":["GET"]}}],"collection":[{"href":"https:\/\/www.europesays.com\/fr\/wp-json\/wp\/v2\/posts"}],"about":[{"href":"https:\/\/www.europesays.com\/fr\/wp-json\/wp\/v2\/types\/post"}],"author":[{"embeddable":true,"href":"https:\/\/www.europesays.com\/fr\/wp-json\/wp\/v2\/users\/2"}],"replies":[{"embeddable":true,"href":"https:\/\/www.europesays.com\/fr\/wp-json\/wp\/v2\/comments?post=427806"}],"version-history":[{"count":0,"href":"https:\/\/www.europesays.com\/fr\/wp-json\/wp\/v2\/posts\/427806\/revisions"}],"wp:featuredmedia":[{"embeddable":true,"href":"https:\/\/www.europesays.com\/fr\/wp-json\/wp\/v2\/media\/427807"}],"wp:attachment":[{"href":"https:\/\/www.europesays.com\/fr\/wp-json\/wp\/v2\/media?parent=427806"}],"wp:term":[{"taxonomy":"category","embeddable":true,"href":"https:\/\/www.europesays.com\/fr\/wp-json\/wp\/v2\/categories?post=427806"},{"taxonomy":"post_tag","embeddable":true,"href":"https:\/\/www.europesays.com\/fr\/wp-json\/wp\/v2\/tags?post=427806"}],"curies":[{"name":"wp","href":"https:\/\/api.w.org\/{rel}","templated":true}]}}