{"id":427810,"date":"2025-09-30T05:14:12","date_gmt":"2025-09-30T05:14:12","guid":{"rendered":"https:\/\/www.europesays.com\/fr\/427810\/"},"modified":"2025-09-30T05:14:12","modified_gmt":"2025-09-30T05:14:12","slug":"pres-de-lyon-en-grand-exces-de-vitesse-pour-aller-voir-un-match-de-foot","status":"publish","type":"post","link":"https:\/\/www.europesays.com\/fr\/427810\/","title":{"rendered":"Pr\u00e8s de Lyon : en grand exc\u00e8s de vitesse \u00ab\u00a0pour aller voir un match de foot\u00a0\u00bb"},"content":{"rendered":"<p>Ce samedi 27 septembre, un conducteur a \u00e9t\u00e9 contr\u00f4l\u00e9 \u00e0 135 km\/h au lieu de 90 km\/h sur une route d\u00e9partementale de Janneyrias, en Is\u00e8re. Son permis a \u00e9t\u00e9 suspendu.<\/p>\n<p>Un chauffard a \u00e9t\u00e9 intercept\u00e9 en grand exc\u00e8s de vitesse, ce samedi en <b>Is\u00e8re<\/b> : 135 km\/h au lieu de 90 km\/h sur une route d\u00e9partementale \u00e0 <b>Janneyrias<\/b>, soit + de 40 km\/h au-dessus de la vitesse autoris\u00e9e.<\/p>\n<p>Le conducteur, un homme de 20 ans originaire de Chavanoz, a expliqu\u00e9 aux gendarmes qu&rsquo;il \u00e9tait \u00ab\u00a0press\u00e9 d&rsquo;aller \u00e0 un match de foot\u00a0\u00bb, <a class=\"url\" href=\"https:\/\/c.ledauphine.com\/faits-divers-justice\/2025\/09\/29\/a-143-km-h-sur-une-departementale-il-explique-aux-gendarmes-qu-il-etait-presse-d-aller-voir-un-match-de-foot?login=1\" target=\"_blank\" rel=\"noopener\">d&rsquo;apr\u00e8s Le Dauphin\u00e9 Lib\u00e9r\u00e9<\/a>.<\/p>\n<p>Son permis a \u00e9t\u00e9 <b>suspendu<\/b>.<\/p>\n<p><img loading=\"lazy\" decoding=\"async\" src=\"https:\/\/www.europesays.com\/fr\/wp-content\/uploads\/2025\/09\/1759209252_13_img\" width=\"350\" height=\"200\" border=\"0\" title=\"Une voiture de la police nationale\"\/><\/p>\n<p>\u25baFaits divers<\/p>\n<p style=\"font-size: 22px;\"><b>Enfant renvers\u00e9 \u00e0 Lyon : un homme s&rsquo;est rendu \u00e0 la police, il s&rsquo;agirait du conducteur<\/b><\/p>\n<p>Alors qu&rsquo;il venait de percuter un enfant, un automobiliste&#8230;<\/p>\n<p><\/p>\n","protected":false},"excerpt":{"rendered":"Ce samedi 27 septembre, un conducteur a \u00e9t\u00e9 contr\u00f4l\u00e9 \u00e0 135 km\/h au lieu de 90 km\/h sur&hellip;\n","protected":false},"author":2,"featured_media":427811,"comment_status":"","ping_status":"","sticky":false,"template":"","format":"standard","meta":{"footnotes":""},"categories":[1889],"tags":[1111,11,2430,25784,1777,674,20531,2257,1011,27,3381,15583,25831,2428,955,12,25,209],"class_list":{"0":"post-427810","1":"post","2":"type-post","3":"status-publish","4":"format-standard","5":"has-post-thumbnail","7":"category-lyon","8":"tag-actu","9":"tag-actualites","10":"tag-auvergne-rhone-alpes","11":"tag-chavanoz","12":"tag-eu","13":"tag-europe","14":"tag-excs-de-vitesse","15":"tag-foot","16":"tag-fr","17":"tag-france","18":"tag-gendarmerie","19":"tag-isre","20":"tag-janneyrias","21":"tag-lyon","22":"tag-match","23":"tag-news","24":"tag-republique-francaise","25":"tag-route"},"share_on_mastodon":{"url":"https:\/\/pubeurope.com\/@fr\/115291546056495465","error":""},"_links":{"self":[{"href":"https:\/\/www.europesays.com\/fr\/wp-json\/wp\/v2\/posts\/427810","targetHints":{"allow":["GET"]}}],"collection":[{"href":"https:\/\/www.europesays.com\/fr\/wp-json\/wp\/v2\/posts"}],"about":[{"href":"https:\/\/www.europesays.com\/fr\/wp-json\/wp\/v2\/types\/post"}],"author":[{"embeddable":true,"href":"https:\/\/www.europesays.com\/fr\/wp-json\/wp\/v2\/users\/2"}],"replies":[{"embeddable":true,"href":"https:\/\/www.europesays.com\/fr\/wp-json\/wp\/v2\/comments?post=427810"}],"version-history":[{"count":0,"href":"https:\/\/www.europesays.com\/fr\/wp-json\/wp\/v2\/posts\/427810\/revisions"}],"wp:featuredmedia":[{"embeddable":true,"href":"https:\/\/www.europesays.com\/fr\/wp-json\/wp\/v2\/media\/427811"}],"wp:attachment":[{"href":"https:\/\/www.europesays.com\/fr\/wp-json\/wp\/v2\/media?parent=427810"}],"wp:term":[{"taxonomy":"category","embeddable":true,"href":"https:\/\/www.europesays.com\/fr\/wp-json\/wp\/v2\/categories?post=427810"},{"taxonomy":"post_tag","embeddable":true,"href":"https:\/\/www.europesays.com\/fr\/wp-json\/wp\/v2\/tags?post=427810"}],"curies":[{"name":"wp","href":"https:\/\/api.w.org\/{rel}","templated":true}]}}