{"id":427812,"date":"2025-09-30T05:15:55","date_gmt":"2025-09-30T05:15:55","guid":{"rendered":"https:\/\/www.europesays.com\/fr\/427812\/"},"modified":"2025-09-30T05:15:55","modified_gmt":"2025-09-30T05:15:55","slug":"medef-lyon-rhone-ca-match-le-rendez-vous-des-entrepreneurs-a-lyon","status":"publish","type":"post","link":"https:\/\/www.europesays.com\/fr\/427812\/","title":{"rendered":"MEDEF Lyon-Rh\u00f4ne. \u00ab \u00c7a match \u00bb, le rendez-vous des entrepreneurs \u00e0 Lyon"},"content":{"rendered":"<p>\t\t\t\t<img loading=\"lazy\" decoding=\"async\" width=\"900\" height=\"600\" src=\"data:image\/svg+xml,%3Csvg%20xmlns=\" http:=\"\" alt=\"\" title=\"01 Medef C\u0327a Match MS\" class=\"wp-image-164933\" data-lazy- data-lazy- data-lazy-src=\"https:\/\/www.europesays.com\/fr\/wp-content\/uploads\/2025\/09\/01-Medef-C\u0327a-Match-MS.jpg\"\/><\/p>\n<p>Photos \u00a9 Saby Maviel pour Lyon People <\/p>\n<p><strong>Texte\u00a0: Morgan Couturier \u2013<\/strong> Plus de 2 000 dirigeants, entrepreneurs, jeunes et partenaires se sont retrouv\u00e9s le 16 septembre \u00e0 La Sucri\u00e8re pour une nouvelle \u00e9dition de \u00ab La rencontre des entrepreneurs : \u00e7a match ! \u00bb. Un moment f\u00e9d\u00e9rateur, plac\u00e9 sous le signe de l\u2019\u00e9change, du partage et d\u2019une \u00e9nergie communicative.<\/p>\n<p>Magie et optimisme ont rythm\u00e9 la journ\u00e9e. Si le talentueux illusionniste <strong>Mathieu Stepson<\/strong> a \u00e9bloui le public, c\u2019est surtout l\u2019\u00e9lan collectif insuffl\u00e9 par le MEDEF Lyon-Rh\u00f4ne et par son pr\u00e9sident <strong>Gilles Courteix<\/strong> qui a marqu\u00e9 les esprits.<\/p>\n<p>Tous ont d\u00e9montr\u00e9 que, malgr\u00e9 un contexte incertain, l\u2019entrepreneuriat reste une formidable source de dynamisme, d\u2019innovation et d\u2019esp\u00e9rance. L\u2019\u00e9v\u00e9nement a donn\u00e9 des cl\u00e9s, mais surtout l\u2019envie de continuer \u00e0 avancer ensemble.<\/p>\n<p><a href=\"https:\/\/www.lyonpeople.com\/?attachment_id=164931\" rel=\"attachment wp-att-164931 nofollow noopener\" target=\"_blank\"><img loading=\"lazy\" decoding=\"async\" class=\"alignnone size-full wp-image-164931\" src=\"data:image\/svg+xml,%3Csvg%20xmlns=\" http:=\"\" alt=\"\" width=\"900\" height=\"600\" data-lazy- data-lazy- data-lazy-src=\"https:\/\/www.europesays.com\/fr\/wp-content\/uploads\/2025\/09\/03-Medef-C\u0327a-Match-MS.jpg\"\/><\/a><\/p>\n<p>Telle est l\u2019ambition de cet \u00e9v\u00e9nement, \u00ab\u00a0La rencontre des entrepreneurs\u00a0: \u00e7a match\u00a0!\u00a0\u00bb, o\u00f9 les temps d\u2019\u00e9changes permettent de partager les doutes, de mettre des mots sur un \u00e9chec et de valoriser les r\u00e9ussites.<br \/>Tous impact\u00e9s \u00e0 leur \u00e9chelle, les quelque 2000 participants pr\u00e9sents ont donc eu le droit de s\u2019exprimer, de b\u00e9n\u00e9ficier de moments d\u2019\u00e9coute, dans un climat marqu\u00e9 par la recherche de stabilit\u00e9 et de coh\u00e9sion.<\/p>\n<p><a href=\"https:\/\/www.lyonpeople.com\/?attachment_id=164932\" rel=\"attachment wp-att-164932 nofollow noopener\" target=\"_blank\"><img loading=\"lazy\" decoding=\"async\" class=\"alignnone size-full wp-image-164932\" src=\"data:image\/svg+xml,%3Csvg%20xmlns=\" http:=\"\" alt=\"\" width=\"900\" height=\"600\" data-lazy- data-lazy- data-lazy-src=\"https:\/\/www.europesays.com\/fr\/wp-content\/uploads\/2025\/09\/05-Medef-C\u0327a-Match-MS.jpg\"\/><\/a><\/p>\n<p>D\u00e8s lors, si les jeunes purent \u00e9galement tirer leur \u00e9pingle du jeu en se rapprochant des entrepreneurs, ces derniers auront eu le plaisir d\u2019\u00e9voquer en profondeur les\u00a0\u00ab\u00a0probl\u00e9matiques de fond qui impactent l\u2019entreprise d\u2019aujourd\u2019hui et de demain\u00a0\u00bb.<\/p>\n<p>\u00c0 commencer par l\u2019\u00e9pineux d\u00e9fi de l\u2019intelligence artificielle. \u00ab Quel \u00e9quilibre pour l\u2019entreprise de demain \u00bb ? Le MEDEF Lyon-Rh\u00f4ne a fait appara\u00eetre des pistes.\u00a0L\u2019\u00e9v\u00e9nement a rassur\u00e9. L\u00e0 est toute la magie du rendez-vous.<\/p>\n<p style=\"text-align: center;\"><strong>La Sucri\u00e8re<br \/><\/strong><strong>Mardi 16 septembre 2025<\/strong><\/p>\n<p>                                <a href=\"https:\/\/www.europesays.com\/fr\/wp-content\/uploads\/2025\/09\/1-Medef-C\u0327a-Match-MS.jpg\" title=\"1. Isabelle Manaut et Anne Dupraz (Adecco Training)\" data-rl_title=\"1. Isabelle Manaut et Anne Dupraz (Adecco Training)\" class=\"rl-gallery-link\" data-rl_caption=\"\" data-rel=\"lightbox-gallery-bGlnaHRib3gtZ2FsbGVyeS0w\" data-rl_><img loading=\"lazy\" decoding=\"async\" width=\"900\" height=\"600\" src=\"data:image\/svg+xml,%3Csvg%20xmlns=\" http:=\"\" class=\"attachment-large size-large\" alt=\"\" aria-describedby=\"gallery--164934\" data-lazy- data-lazy- data-lazy-src=\"https:\/\/www.europesays.com\/fr\/wp-content\/uploads\/2025\/09\/1-Medef-C\u0327a-Match-MS.jpg\"\/><\/a><\/p>\n<p>\n                                1. Isabelle Manaut et Anne Dupraz (Adecco Training)<\/p>\n<p>                                <a href=\"https:\/\/www.europesays.com\/fr\/wp-content\/uploads\/2025\/09\/2-Medef-C\u0327a-Match-MS.jpg\" title=\"2. Nadjet Taarabit et Fabienne Gamez (Bref Eco)\" data-rl_title=\"2. Nadjet Taarabit et Fabienne Gamez (Bref Eco)\" class=\"rl-gallery-link\" data-rl_caption=\"\" data-rel=\"lightbox-gallery-bGlnaHRib3gtZ2FsbGVyeS0w\" data-rl_><img loading=\"lazy\" decoding=\"async\" width=\"900\" height=\"600\" src=\"data:image\/svg+xml,%3Csvg%20xmlns=\" http:=\"\" class=\"attachment-large size-large\" alt=\"\" aria-describedby=\"gallery--164935\" data-lazy- data-lazy- data-lazy-src=\"https:\/\/www.europesays.com\/fr\/wp-content\/uploads\/2025\/09\/2-Medef-C\u0327a-Match-MS.jpg\"\/><\/a><\/p>\n<p>\n                                2. Nadjet Taarabit et Fabienne Gamez (Bref Eco)<\/p>\n<p><br style=\"clear: both\"\/><\/p>\n<p>                                <a href=\"https:\/\/www.europesays.com\/fr\/wp-content\/uploads\/2025\/09\/3-Medef-C\u0327a-Match-MS.jpg\" title=\"3. B\u00e9reng\u00e8re Thomas, Fabrice Aoun, R\u00e9gis Falaise et \u00c9lodie Maurin (CIC Lyonnaise de Banque)\" data-rl_title=\"3. B\u00e9reng\u00e8re Thomas, Fabrice Aoun, R\u00e9gis Falaise et \u00c9lodie Maurin (CIC Lyonnaise de Banque)\" class=\"rl-gallery-link\" data-rl_caption=\"\" data-rel=\"lightbox-gallery-bGlnaHRib3gtZ2FsbGVyeS0w\" data-rl_><img loading=\"lazy\" decoding=\"async\" width=\"900\" height=\"600\" src=\"data:image\/svg+xml,%3Csvg%20xmlns=\" http:=\"\" class=\"attachment-large size-large\" alt=\"\" aria-describedby=\"gallery--164936\" data-lazy- data-lazy- data-lazy-src=\"https:\/\/www.europesays.com\/fr\/wp-content\/uploads\/2025\/09\/3-Medef-C\u0327a-Match-MS.jpg\"\/><\/a><\/p>\n<p>\n                                3. B\u00e9reng\u00e8re Thomas, Fabrice Aoun, R\u00e9gis Falaise et \u00c9lodie Maurin (CIC Lyonnaise de Banque)<\/p>\n<p>                                <a href=\"https:\/\/www.europesays.com\/fr\/wp-content\/uploads\/2025\/09\/4-Medef-C\u0327a-Match-MS.jpg\" title=\"4. David Canestrari et Dorian Binard (Project Conquerors)\" data-rl_title=\"4. David Canestrari et Dorian Binard (Project Conquerors)\" class=\"rl-gallery-link\" data-rl_caption=\"\" data-rel=\"lightbox-gallery-bGlnaHRib3gtZ2FsbGVyeS0w\" data-rl_><img loading=\"lazy\" decoding=\"async\" width=\"900\" height=\"600\" src=\"data:image\/svg+xml,%3Csvg%20xmlns=\" http:=\"\" class=\"attachment-large size-large\" alt=\"\" aria-describedby=\"gallery--164937\" data-lazy- data-lazy- data-lazy-src=\"https:\/\/www.europesays.com\/fr\/wp-content\/uploads\/2025\/09\/4-Medef-C\u0327a-Match-MS.jpg\"\/><\/a><\/p>\n<p>\n                                4. David Canestrari et Dorian Binard (Project Conquerors)<\/p>\n<p><br style=\"clear: both\"\/><\/p>\n<p>                                <a href=\"https:\/\/www.europesays.com\/fr\/wp-content\/uploads\/2025\/09\/5-Medef-C\u0327a-Match-MS.jpg\" title=\"5. Davy Perez (Radio Scoop) et Caroline Goulier (Lord Nelson)\" data-rl_title=\"5. Davy Perez (Radio Scoop) et Caroline Goulier (Lord Nelson)\" class=\"rl-gallery-link\" data-rl_caption=\"\" data-rel=\"lightbox-gallery-bGlnaHRib3gtZ2FsbGVyeS0w\" data-rl_><img loading=\"lazy\" decoding=\"async\" width=\"900\" height=\"600\" src=\"data:image\/svg+xml,%3Csvg%20xmlns=\" http:=\"\" class=\"attachment-large size-large\" alt=\"\" aria-describedby=\"gallery--164938\" data-lazy- data-lazy- data-lazy-src=\"https:\/\/www.europesays.com\/fr\/wp-content\/uploads\/2025\/09\/5-Medef-C\u0327a-Match-MS.jpg\"\/><\/a><\/p>\n<p>\n                                5. Davy Perez (Radio Scoop) et Caroline Goulier (Lord Nelson)<\/p>\n<p>                                <a href=\"https:\/\/www.europesays.com\/fr\/wp-content\/uploads\/2025\/09\/6-Medef-C\u0327a-Match-MS.jpg\" title=\"6. Bruno Lalo et Antoine Carret (RCF Radio)\" data-rl_title=\"6. Bruno Lalo et Antoine Carret (RCF Radio)\" class=\"rl-gallery-link\" data-rl_caption=\"\" data-rel=\"lightbox-gallery-bGlnaHRib3gtZ2FsbGVyeS0w\" data-rl_><img loading=\"lazy\" decoding=\"async\" width=\"900\" height=\"600\" src=\"data:image\/svg+xml,%3Csvg%20xmlns=\" http:=\"\" class=\"attachment-large size-large\" alt=\"\" aria-describedby=\"gallery--164939\" data-lazy- data-lazy- data-lazy-src=\"https:\/\/www.europesays.com\/fr\/wp-content\/uploads\/2025\/09\/6-Medef-C\u0327a-Match-MS.jpg\"\/><\/a><\/p>\n<p>\n                                6. Bruno Lalo et Antoine Carret (RCF Radio)<\/p>\n<p><br style=\"clear: both\"\/><\/p>\n<p>                                <a href=\"https:\/\/www.europesays.com\/fr\/wp-content\/uploads\/2025\/09\/7-Medef-C\u0327a-Match-MS.jpg\" title=\"7. Florian Ondel, Thanh Huynh et Samuel Gully (The Progress Factory)\" data-rl_title=\"7. Florian Ondel, Thanh Huynh et Samuel Gully (The Progress Factory)\" class=\"rl-gallery-link\" data-rl_caption=\"\" data-rel=\"lightbox-gallery-bGlnaHRib3gtZ2FsbGVyeS0w\" data-rl_><img loading=\"lazy\" decoding=\"async\" width=\"900\" height=\"600\" src=\"data:image\/svg+xml,%3Csvg%20xmlns=\" http:=\"\" class=\"attachment-large size-large\" alt=\"\" aria-describedby=\"gallery--164940\" data-lazy- data-lazy- data-lazy-src=\"https:\/\/www.europesays.com\/fr\/wp-content\/uploads\/2025\/09\/7-Medef-C\u0327a-Match-MS.jpg\"\/><\/a><\/p>\n<p>\n                                7. Florian Ondel, Thanh Huynh et Samuel Gully (The Progress Factory)<\/p>\n<p>                                <a href=\"https:\/\/www.europesays.com\/fr\/wp-content\/uploads\/2025\/09\/8-Medef-C\u0327a-Match-MS.jpg\" title=\"8. Antoine de Decker (Inceptive), S\u00e9bastien Brault (Caisse d\u2019\u00c9pargne Rh\u00f4ne-Alpes) et Arthur Mayeux (Inceptive)\" data-rl_title=\"8. Antoine de Decker (Inceptive), S\u00e9bastien Brault (Caisse d\u2019\u00c9pargne Rh\u00f4ne-Alpes) et Arthur Mayeux (Inceptive)\" class=\"rl-gallery-link\" data-rl_caption=\"\" data-rel=\"lightbox-gallery-bGlnaHRib3gtZ2FsbGVyeS0w\" data-rl_><img loading=\"lazy\" decoding=\"async\" width=\"900\" height=\"600\" src=\"data:image\/svg+xml,%3Csvg%20xmlns=\" http:=\"\" class=\"attachment-large size-large\" alt=\"\" aria-describedby=\"gallery--164941\" data-lazy- data-lazy- data-lazy-src=\"https:\/\/www.europesays.com\/fr\/wp-content\/uploads\/2025\/09\/8-Medef-C\u0327a-Match-MS.jpg\"\/><\/a><\/p>\n<p>\n                                8. Antoine de Decker (Inceptive), S\u00e9bastien Brault (Caisse d\u2019\u00c9pargne Rh\u00f4ne-Alpes) et Arthur Mayeux (Inceptive)<\/p>\n<p><br style=\"clear: both\"\/><\/p>\n<p>                                <a href=\"https:\/\/www.europesays.com\/fr\/wp-content\/uploads\/2025\/09\/9-Medef-C\u0327a-Match-MS.jpg\" title=\"9. Karima Siouane et Florence Bousquet (Action Logement)\" data-rl_title=\"9. Karima Siouane et Florence Bousquet (Action Logement)\" class=\"rl-gallery-link\" data-rl_caption=\"\" data-rel=\"lightbox-gallery-bGlnaHRib3gtZ2FsbGVyeS0w\" data-rl_><img loading=\"lazy\" decoding=\"async\" width=\"900\" height=\"600\" src=\"data:image\/svg+xml,%3Csvg%20xmlns=\" http:=\"\" class=\"attachment-large size-large\" alt=\"\" aria-describedby=\"gallery--164942\" data-lazy- data-lazy- data-lazy-src=\"https:\/\/www.europesays.com\/fr\/wp-content\/uploads\/2025\/09\/9-Medef-C\u0327a-Match-MS.jpg\"\/><\/a><\/p>\n<p>\n                                9. Karima Siouane et Florence Bousquet (Action Logement)<\/p>\n<p>                                <a href=\"https:\/\/www.europesays.com\/fr\/wp-content\/uploads\/2025\/09\/10-Medef-C\u0327a-Match-MS.jpg\" title=\"10. Nicoleta Leca et Luc Audiens (Uimm)\" data-rl_title=\"10. Nicoleta Leca et Luc Audiens (Uimm)\" class=\"rl-gallery-link\" data-rl_caption=\"\" data-rel=\"lightbox-gallery-bGlnaHRib3gtZ2FsbGVyeS0w\" data-rl_><img loading=\"lazy\" decoding=\"async\" width=\"900\" height=\"600\" src=\"data:image\/svg+xml,%3Csvg%20xmlns=\" http:=\"\" class=\"attachment-large size-large\" alt=\"\" aria-describedby=\"gallery--164943\" data-lazy- data-lazy- data-lazy-src=\"https:\/\/www.europesays.com\/fr\/wp-content\/uploads\/2025\/09\/10-Medef-C\u0327a-Match-MS.jpg\"\/><\/a><\/p>\n<p>\n                                10. Nicoleta Leca et Luc Audiens (Uimm)<\/p>\n<p><br style=\"clear: both\"\/><\/p>\n<p>                                <a href=\"https:\/\/www.europesays.com\/fr\/wp-content\/uploads\/2025\/09\/11-Medef-C\u0327a-Match-MS.jpg\" title=\"11. Julien Vach\u00e9 (My Great Business Project) entour\u00e9 de Marie Lextrait, Marie Giroux et Zo\u00e9 Volckaert (Danse en c\u0153ur)\" data-rl_title=\"11. Julien Vach\u00e9 (My Great Business Project) entour\u00e9 de Marie Lextrait, Marie Giroux et Zo\u00e9 Volckaert (Danse en c\u0153ur)\" class=\"rl-gallery-link\" data-rl_caption=\"\" data-rel=\"lightbox-gallery-bGlnaHRib3gtZ2FsbGVyeS0w\" data-rl_><img loading=\"lazy\" decoding=\"async\" width=\"900\" height=\"600\" src=\"data:image\/svg+xml,%3Csvg%20xmlns=\" http:=\"\" class=\"attachment-large size-large\" alt=\"\" aria-describedby=\"gallery--164944\" data-lazy- data-lazy- data-lazy-src=\"https:\/\/www.europesays.com\/fr\/wp-content\/uploads\/2025\/09\/11-Medef-C\u0327a-Match-MS.jpg\"\/><\/a><\/p>\n<p>\n                                11. Julien Vach\u00e9 (My Great Business Project) entour\u00e9 de Marie Lextrait, Marie Giroux et Zo\u00e9 Volckaert (Danse en c\u0153ur)<\/p>\n<p>                                <a href=\"https:\/\/www.europesays.com\/fr\/wp-content\/uploads\/2025\/09\/12-Medef-C\u0327a-Match-MS.jpg\" title=\"12. Christelle Aujogue, Jean-Philippe Marot et Christel Favre (La Poste)\" data-rl_title=\"12. Christelle Aujogue, Jean-Philippe Marot et Christel Favre (La Poste)\" class=\"rl-gallery-link\" data-rl_caption=\"\" data-rel=\"lightbox-gallery-bGlnaHRib3gtZ2FsbGVyeS0w\" data-rl_><img loading=\"lazy\" decoding=\"async\" width=\"900\" height=\"600\" src=\"data:image\/svg+xml,%3Csvg%20xmlns=\" http:=\"\" class=\"attachment-large size-large\" alt=\"\" aria-describedby=\"gallery--164945\" data-lazy- data-lazy- data-lazy-src=\"https:\/\/www.europesays.com\/fr\/wp-content\/uploads\/2025\/09\/12-Medef-C\u0327a-Match-MS.jpg\"\/><\/a><\/p>\n<p>\n                                12. Christelle Aujogue, Jean-Philippe Marot et Christel Favre (La Poste)<\/p>\n<p><br style=\"clear: both\"\/><\/p>\n<p>                                <a href=\"https:\/\/www.europesays.com\/fr\/wp-content\/uploads\/2025\/09\/13-Medef-C\u0327a-Match-MS.jpg\" title=\"13. Jeanne Bourgey, K\u00e9vin Roisin, Marl\u00e8ne Rojas et Anne Bentz (IAE Lyon)\" data-rl_title=\"13. Jeanne Bourgey, K\u00e9vin Roisin, Marl\u00e8ne Rojas et Anne Bentz (IAE Lyon)\" class=\"rl-gallery-link\" data-rl_caption=\"\" data-rel=\"lightbox-gallery-bGlnaHRib3gtZ2FsbGVyeS0w\" data-rl_><img loading=\"lazy\" decoding=\"async\" width=\"900\" height=\"600\" src=\"data:image\/svg+xml,%3Csvg%20xmlns=\" http:=\"\" class=\"attachment-large size-large\" alt=\"\" aria-describedby=\"gallery--164946\" data-lazy- data-lazy- data-lazy-src=\"https:\/\/www.europesays.com\/fr\/wp-content\/uploads\/2025\/09\/13-Medef-C\u0327a-Match-MS.jpg\"\/><\/a><\/p>\n<p>\n                                13. Jeanne Bourgey, K\u00e9vin Roisin, Marl\u00e8ne Rojas et Anne Bentz (IAE Lyon)<\/p>\n<p>                                <a href=\"https:\/\/www.europesays.com\/fr\/wp-content\/uploads\/2025\/09\/14-Medef-C\u0327a-Match-MS.jpg\" title=\"14. B\u00e9atrice Partensky et Marie Chamizo Vitale (Action Logement)\" data-rl_title=\"14. B\u00e9atrice Partensky et Marie Chamizo Vitale (Action Logement)\" class=\"rl-gallery-link\" data-rl_caption=\"\" data-rel=\"lightbox-gallery-bGlnaHRib3gtZ2FsbGVyeS0w\" data-rl_><img loading=\"lazy\" decoding=\"async\" width=\"900\" height=\"600\" src=\"data:image\/svg+xml,%3Csvg%20xmlns=\" http:=\"\" class=\"attachment-large size-large\" alt=\"\" aria-describedby=\"gallery--164947\" data-lazy- data-lazy- data-lazy-src=\"https:\/\/www.europesays.com\/fr\/wp-content\/uploads\/2025\/09\/14-Medef-C\u0327a-Match-MS.jpg\"\/><\/a><\/p>\n<p>\n                                14. B\u00e9atrice Partensky et Marie Chamizo Vitale (Action Logement)<\/p>\n<p><br style=\"clear: both\"\/><\/p>\n<p>                                <a href=\"https:\/\/www.europesays.com\/fr\/wp-content\/uploads\/2025\/09\/15-Medef-C\u0327a-Match-MS.jpg\" title=\"15. Christophe Gourves (Verspieren), Fran\u00e7oise Neubert (Les Yachts de Lyon) et Gr\u00e9gory Marty (Verspieren)\" data-rl_title=\"15. Christophe Gourves (Verspieren), Fran\u00e7oise Neubert (Les Yachts de Lyon) et Gr\u00e9gory Marty (Verspieren)\" class=\"rl-gallery-link\" data-rl_caption=\"\" data-rel=\"lightbox-gallery-bGlnaHRib3gtZ2FsbGVyeS0w\" data-rl_><img loading=\"lazy\" decoding=\"async\" width=\"900\" height=\"600\" src=\"data:image\/svg+xml,%3Csvg%20xmlns=\" http:=\"\" class=\"attachment-large size-large\" alt=\"\" aria-describedby=\"gallery--164948\" data-lazy- data-lazy- data-lazy-src=\"https:\/\/www.europesays.com\/fr\/wp-content\/uploads\/2025\/09\/15-Medef-C\u0327a-Match-MS.jpg\"\/><\/a><\/p>\n<p>\n                                15. Christophe Gourves (Verspieren), Fran\u00e7oise Neubert (Les Yachts de Lyon) et Gr\u00e9gory Marty (Verspieren)<\/p>\n<p>                                <a href=\"https:\/\/www.europesays.com\/fr\/wp-content\/uploads\/2025\/09\/16-Medef-C\u0327a-Match-MS.jpg\" title=\"16. Gregory Guenau (IAE de Lyon) entour\u00e9 de Claire Terranova et Claris Molard (Groupe Apicil)\" data-rl_title=\"16. Gregory Guenau (IAE de Lyon) entour\u00e9 de Claire Terranova et Claris Molard (Groupe Apicil)\" class=\"rl-gallery-link\" data-rl_caption=\"\" data-rel=\"lightbox-gallery-bGlnaHRib3gtZ2FsbGVyeS0w\" data-rl_><img loading=\"lazy\" decoding=\"async\" width=\"900\" height=\"600\" src=\"data:image\/svg+xml,%3Csvg%20xmlns=\" http:=\"\" class=\"attachment-large size-large\" alt=\"\" aria-describedby=\"gallery--164949\" data-lazy- data-lazy- data-lazy-src=\"https:\/\/www.europesays.com\/fr\/wp-content\/uploads\/2025\/09\/16-Medef-C\u0327a-Match-MS.jpg\"\/><\/a><\/p>\n<p>\n                                16. Gregory Guenau (IAE de Lyon) entour\u00e9 de Claire Terranova et Claris Molard (Groupe Apicil)<\/p>\n<p><br style=\"clear: both\"\/><\/p>\n<p>                                <a href=\"https:\/\/www.europesays.com\/fr\/wp-content\/uploads\/2025\/09\/17-Medef-C\u0327a-Match-MS.jpg\" title=\"17. Laure Giroud (SG Auvergne Rh\u00f4ne Alpes) et Romain Boucaud-Maitre (Chocolat Voisin)\" data-rl_title=\"17. Laure Giroud (SG Auvergne Rh\u00f4ne Alpes) et Romain Boucaud-Maitre (Chocolat Voisin)\" class=\"rl-gallery-link\" data-rl_caption=\"\" data-rel=\"lightbox-gallery-bGlnaHRib3gtZ2FsbGVyeS0w\" data-rl_><img loading=\"lazy\" decoding=\"async\" width=\"900\" height=\"600\" src=\"data:image\/svg+xml,%3Csvg%20xmlns=\" http:=\"\" class=\"attachment-large size-large\" alt=\"\" aria-describedby=\"gallery--164950\" data-lazy- data-lazy- data-lazy-src=\"https:\/\/www.europesays.com\/fr\/wp-content\/uploads\/2025\/09\/17-Medef-C\u0327a-Match-MS.jpg\"\/><\/a><\/p>\n<p>\n                                17. Laure Giroud (SG Auvergne Rh\u00f4ne Alpes) et Romain Boucaud-Maitre (Chocolat Voisin)<\/p>\n<p>                                <a href=\"https:\/\/www.europesays.com\/fr\/wp-content\/uploads\/2025\/09\/18-Medef-C\u0327a-Match-MS.jpg\" title=\"18. Sophie Sauvage (Sport Power) et Sandrine Richard (Banque Populaire Auvergne Rh\u00f4ne Alpes)\" data-rl_title=\"18. Sophie Sauvage (Sport Power) et Sandrine Richard (Banque Populaire Auvergne Rh\u00f4ne Alpes)\" class=\"rl-gallery-link\" data-rl_caption=\"\" data-rel=\"lightbox-gallery-bGlnaHRib3gtZ2FsbGVyeS0w\" data-rl_><img loading=\"lazy\" decoding=\"async\" width=\"900\" height=\"600\" src=\"data:image\/svg+xml,%3Csvg%20xmlns=\" http:=\"\" class=\"attachment-large size-large\" alt=\"\" aria-describedby=\"gallery--164951\" data-lazy- data-lazy- data-lazy-src=\"https:\/\/www.europesays.com\/fr\/wp-content\/uploads\/2025\/09\/18-Medef-C\u0327a-Match-MS.jpg\"\/><\/a><\/p>\n<p>\n                                18. Sophie Sauvage (Sport Power) et Sandrine Richard (Banque Populaire Auvergne Rh\u00f4ne Alpes)<\/p>\n<p><br style=\"clear: both\"\/><\/p>\n<p>                                <a href=\"https:\/\/www.europesays.com\/fr\/wp-content\/uploads\/2025\/09\/19-Medef-C\u0327a-Match-MS.jpg\" title=\"19. G\u00e9rard Auboeuf, Martijn Schuyleman (TRG Solution), Natalia Zelenkova (BDN) et Gilles Sabart (\u00c9thique et Compliance)\" data-rl_title=\"19. G\u00e9rard Auboeuf, Martijn Schuyleman (TRG Solution), Natalia Zelenkova (BDN) et Gilles Sabart (\u00c9thique et Compliance)\" class=\"rl-gallery-link\" data-rl_caption=\"\" data-rel=\"lightbox-gallery-bGlnaHRib3gtZ2FsbGVyeS0w\" data-rl_><img loading=\"lazy\" decoding=\"async\" width=\"900\" height=\"600\" src=\"data:image\/svg+xml,%3Csvg%20xmlns=\" http:=\"\" class=\"attachment-large size-large\" alt=\"\" aria-describedby=\"gallery--164952\" data-lazy- data-lazy- data-lazy-src=\"https:\/\/www.europesays.com\/fr\/wp-content\/uploads\/2025\/09\/19-Medef-C\u0327a-Match-MS.jpg\"\/><\/a><\/p>\n<p>\n                                19. G\u00e9rard Auboeuf, Martijn Schuyleman (TRG Solution), Natalia Zelenkova (BDN) et Gilles Sabart (\u00c9thique et Compliance)<\/p>\n<p>                                <a href=\"https:\/\/www.europesays.com\/fr\/wp-content\/uploads\/2025\/09\/20-Medef-C\u0327a-Match-MS.jpg\" title=\"20. Bruno Lalo (RCF Radio), Pascal Ferrary (Silverton) et Olivier Langin (axopen)\" data-rl_title=\"20. Bruno Lalo (RCF Radio), Pascal Ferrary (Silverton) et Olivier Langin (axopen)\" class=\"rl-gallery-link\" data-rl_caption=\"\" data-rel=\"lightbox-gallery-bGlnaHRib3gtZ2FsbGVyeS0w\" data-rl_><img loading=\"lazy\" decoding=\"async\" width=\"900\" height=\"600\" src=\"data:image\/svg+xml,%3Csvg%20xmlns=\" http:=\"\" class=\"attachment-large size-large\" alt=\"\" aria-describedby=\"gallery--164953\" data-lazy- data-lazy- data-lazy-src=\"https:\/\/www.europesays.com\/fr\/wp-content\/uploads\/2025\/09\/20-Medef-C\u0327a-Match-MS.jpg\"\/><\/a><\/p>\n<p>\n                                20. Bruno Lalo (RCF Radio), Pascal Ferrary (Silverton) et Olivier Langin (axopen)<\/p>\n<p><br style=\"clear: both\"\/><\/p>\n<p>                                <a href=\"https:\/\/www.europesays.com\/fr\/wp-content\/uploads\/2025\/09\/21-Medef-C\u0327a-Match-MS.jpg\" title=\"21. Elodie Bouet (M\u00e9dia Figaro) et Aur\u00e9lie Bourdin (Adecco)\" data-rl_title=\"21. Elodie Bouet (M\u00e9dia Figaro) et Aur\u00e9lie Bourdin (Adecco)\" class=\"rl-gallery-link\" data-rl_caption=\"\" data-rel=\"lightbox-gallery-bGlnaHRib3gtZ2FsbGVyeS0w\" data-rl_><img loading=\"lazy\" decoding=\"async\" width=\"900\" height=\"600\" src=\"data:image\/svg+xml,%3Csvg%20xmlns=\" http:=\"\" class=\"attachment-large size-large\" alt=\"\" aria-describedby=\"gallery--164954\" data-lazy- data-lazy- data-lazy-src=\"https:\/\/www.europesays.com\/fr\/wp-content\/uploads\/2025\/09\/21-Medef-C\u0327a-Match-MS.jpg\"\/><\/a><\/p>\n<p>\n                                 21. Elodie Bouet (M\u00e9dia Figaro) et Aur\u00e9lie Bourdin (Adecco)<\/p>\n<p>                                <a href=\"https:\/\/www.europesays.com\/fr\/wp-content\/uploads\/2025\/09\/22-Medef-C\u0327a-Match-MS.jpg\" title=\"22. Thierry Vitoz (Universit\u00e9 Lyon III), Alice Delcourt (Waoup), Julien Dereumaux (Pilot\u2019In) et Jean-Fran\u00e7ois Calvo (Entreprise du Futur)\" data-rl_title=\"22. Thierry Vitoz (Universit\u00e9 Lyon III), Alice Delcourt (Waoup), Julien Dereumaux (Pilot\u2019In) et Jean-Fran\u00e7ois Calvo (Entreprise du Futur)\" class=\"rl-gallery-link\" data-rl_caption=\"\" data-rel=\"lightbox-gallery-bGlnaHRib3gtZ2FsbGVyeS0w\" data-rl_><img loading=\"lazy\" decoding=\"async\" width=\"900\" height=\"600\" src=\"data:image\/svg+xml,%3Csvg%20xmlns=\" http:=\"\" class=\"attachment-large size-large\" alt=\"\" aria-describedby=\"gallery--164955\" data-lazy- data-lazy- data-lazy-src=\"https:\/\/www.europesays.com\/fr\/wp-content\/uploads\/2025\/09\/22-Medef-C\u0327a-Match-MS.jpg\"\/><\/a><\/p>\n<p>\n                                22. Thierry Vitoz (Universit\u00e9 Lyon III), Alice Delcourt (Waoup), Julien Dereumaux (Pilot\u2019In) et Jean-Fran\u00e7ois Calvo (Entreprise du Futur)<\/p>\n<p><br style=\"clear: both\"\/><\/p>\n<p>                                <a href=\"https:\/\/www.europesays.com\/fr\/wp-content\/uploads\/2025\/09\/23-Medef-C\u0327a-Match-MS.jpg\" title=\"23. Pierre Guilhem (Waoup) et Blandine Peillon\" data-rl_title=\"23. Pierre Guilhem (Waoup) et Blandine Peillon\" class=\"rl-gallery-link\" data-rl_caption=\"\" data-rel=\"lightbox-gallery-bGlnaHRib3gtZ2FsbGVyeS0w\" data-rl_><img loading=\"lazy\" decoding=\"async\" width=\"900\" height=\"600\" src=\"data:image\/svg+xml,%3Csvg%20xmlns=\" http:=\"\" class=\"attachment-large size-large\" alt=\"\" aria-describedby=\"gallery--164956\" data-lazy- data-lazy- data-lazy-src=\"https:\/\/www.europesays.com\/fr\/wp-content\/uploads\/2025\/09\/23-Medef-C\u0327a-Match-MS.jpg\"\/><\/a><\/p>\n<p>\n                                23. Pierre Guilhem (Waoup) et Blandine Peillon<\/p>\n<p>                                <a href=\"https:\/\/www.europesays.com\/fr\/wp-content\/uploads\/2025\/09\/24-Medef-C\u0327a-Match-MS.jpg\" title=\"24. Luc de Magneval (Bleu Piment), Emmanuelle Tamisier (Coibri Partner), Christophe Menanteau (Groupe LDLC) et Herv\u00e9 de Malliard (Maison MGA)\" data-rl_title=\"24. Luc de Magneval (Bleu Piment), Emmanuelle Tamisier (Coibri Partner), Christophe Menanteau (Groupe LDLC) et Herv\u00e9 de Malliard (Maison MGA)\" class=\"rl-gallery-link\" data-rl_caption=\"\" data-rel=\"lightbox-gallery-bGlnaHRib3gtZ2FsbGVyeS0w\" data-rl_><img loading=\"lazy\" decoding=\"async\" width=\"900\" height=\"600\" src=\"data:image\/svg+xml,%3Csvg%20xmlns=\" http:=\"\" class=\"attachment-large size-large\" alt=\"\" aria-describedby=\"gallery--164957\" data-lazy- data-lazy- data-lazy-src=\"https:\/\/www.europesays.com\/fr\/wp-content\/uploads\/2025\/09\/24-Medef-C\u0327a-Match-MS.jpg\"\/><\/a><\/p>\n<p>\n                                24. Luc de Magneval (Bleu Piment), Emmanuelle Tamisier (Coibri Partner), Christophe Menanteau (Groupe LDLC) et Herv\u00e9 de Malliard (Maison MGA)<\/p>\n<p><br style=\"clear: both\"\/><\/p>\n<p>                                <a href=\"https:\/\/www.europesays.com\/fr\/wp-content\/uploads\/2025\/09\/25-Medef-C\u0327a-Match-MS.jpg\" title=\"25. S\u00e9bastien Arcos (EKLYA Business School) et Corentin R\u00e9mond (Global Smart D\u00e9veloppement)\" data-rl_title=\"25. S\u00e9bastien Arcos (EKLYA Business School) et Corentin R\u00e9mond (Global Smart D\u00e9veloppement)\" class=\"rl-gallery-link\" data-rl_caption=\"\" data-rel=\"lightbox-gallery-bGlnaHRib3gtZ2FsbGVyeS0w\" data-rl_><img loading=\"lazy\" decoding=\"async\" width=\"900\" height=\"600\" src=\"data:image\/svg+xml,%3Csvg%20xmlns=\" http:=\"\" class=\"attachment-large size-large\" alt=\"\" aria-describedby=\"gallery--164958\" data-lazy- data-lazy- data-lazy-src=\"https:\/\/www.europesays.com\/fr\/wp-content\/uploads\/2025\/09\/25-Medef-C\u0327a-Match-MS.jpg\"\/><\/a><\/p>\n<p>\n                                25. S\u00e9bastien Arcos (EKLYA Business School) et Corentin R\u00e9mond (Global Smart D\u00e9veloppement)<\/p>\n<p>                                <a href=\"https:\/\/www.europesays.com\/fr\/wp-content\/uploads\/2025\/09\/26-Medef-C\u0327a-Match-MS.jpg\" title=\"26. Karine Chapochnik (Chapcom Media) et Sylvie Bles-Gagnaire (Syndicat BTP du Rh\u00f4ne)\" data-rl_title=\"26. Karine Chapochnik (Chapcom Media) et Sylvie Bles-Gagnaire (Syndicat BTP du Rh\u00f4ne)\" class=\"rl-gallery-link\" data-rl_caption=\"\" data-rel=\"lightbox-gallery-bGlnaHRib3gtZ2FsbGVyeS0w\" data-rl_><img loading=\"lazy\" decoding=\"async\" width=\"900\" height=\"600\" src=\"data:image\/svg+xml,%3Csvg%20xmlns=\" http:=\"\" class=\"attachment-large size-large\" alt=\"\" aria-describedby=\"gallery--164959\" data-lazy- data-lazy- data-lazy-src=\"https:\/\/www.europesays.com\/fr\/wp-content\/uploads\/2025\/09\/26-Medef-C\u0327a-Match-MS.jpg\"\/><\/a><\/p>\n<p>\n                                26. Karine Chapochnik (Chapcom Media) et Sylvie Bles-Gagnaire (Syndicat BTP du Rh\u00f4ne)<\/p>\n<p><br style=\"clear: both\"\/><\/p>\n<p>                                <a href=\"https:\/\/www.europesays.com\/fr\/wp-content\/uploads\/2025\/09\/27-Medef-C\u0327a-Match-MS.jpg\" title=\"27. Laurent Jouisse, Didier Bruno (Caisse d\u2019\u00c9pargne Rh\u00f4ne Alpes) et Marc Do-Van-Tuan (Cr\u00e9dit Agricole)\" data-rl_title=\"27. Laurent Jouisse, Didier Bruno (Caisse d\u2019\u00c9pargne Rh\u00f4ne Alpes) et Marc Do-Van-Tuan (Cr\u00e9dit Agricole)\" class=\"rl-gallery-link\" data-rl_caption=\"\" data-rel=\"lightbox-gallery-bGlnaHRib3gtZ2FsbGVyeS0w\" data-rl_><img loading=\"lazy\" decoding=\"async\" width=\"900\" height=\"702\" src=\"data:image\/svg+xml,%3Csvg%20xmlns=\" http:=\"\" class=\"attachment-large size-large\" alt=\"\" aria-describedby=\"gallery--164960\" data-lazy- data-lazy- data-lazy-src=\"https:\/\/www.europesays.com\/fr\/wp-content\/uploads\/2025\/09\/27-Medef-C\u0327a-Match-MS.jpg\"\/><\/a><\/p>\n<p>\n                                27. Laurent Jouisse, Didier Bruno (Caisse d\u2019\u00c9pargne Rh\u00f4ne Alpes) et Marc Do-Van-Tuan (Cr\u00e9dit Agricole) <\/p>\n<p>                                <a href=\"https:\/\/www.europesays.com\/fr\/wp-content\/uploads\/2025\/09\/28-Medef-C\u0327a-Match-MS.jpg\" title=\"28. Stanislas Lacroix (Aldes), Jean-Michel Joly (Ariane) et Guirec Penhoat (Lyon Place Financi\u00e8re)\" data-rl_title=\"28. Stanislas Lacroix (Aldes), Jean-Michel Joly (Ariane) et Guirec Penhoat (Lyon Place Financi\u00e8re)\" class=\"rl-gallery-link\" data-rl_caption=\"\" data-rel=\"lightbox-gallery-bGlnaHRib3gtZ2FsbGVyeS0w\" data-rl_><img loading=\"lazy\" decoding=\"async\" width=\"900\" height=\"600\" src=\"data:image\/svg+xml,%3Csvg%20xmlns=\" http:=\"\" class=\"attachment-large size-large\" alt=\"\" aria-describedby=\"gallery--164961\" data-lazy- data-lazy- data-lazy-src=\"https:\/\/www.europesays.com\/fr\/wp-content\/uploads\/2025\/09\/28-Medef-C\u0327a-Match-MS.jpg\"\/><\/a><\/p>\n<p>\n                                28. Stanislas Lacroix (Aldes), Jean-Michel Joly (Ariane) et Guirec Penhoat (Lyon Place Financi\u00e8re)<\/p>\n<p><br style=\"clear: both\"\/><\/p>\n<p>                                <a href=\"https:\/\/www.europesays.com\/fr\/wp-content\/uploads\/2025\/09\/29-Medef-C\u0327a-Match-MS.jpg\" title=\"29. Samuel Minot (FFB AURA), Marc Poisson (Urssaf Caisse Nationale) et Fr\u00e9d\u00e9rique Miny (Urssaf Rh\u00f4ne Alpes)\" data-rl_title=\"29. Samuel Minot (FFB AURA), Marc Poisson (Urssaf Caisse Nationale) et Fr\u00e9d\u00e9rique Miny (Urssaf Rh\u00f4ne Alpes)\" class=\"rl-gallery-link\" data-rl_caption=\"\" data-rel=\"lightbox-gallery-bGlnaHRib3gtZ2FsbGVyeS0w\" data-rl_><img loading=\"lazy\" decoding=\"async\" width=\"900\" height=\"600\" src=\"data:image\/svg+xml,%3Csvg%20xmlns=\" http:=\"\" class=\"attachment-large size-large\" alt=\"\" aria-describedby=\"gallery--164962\" data-lazy- data-lazy- data-lazy-src=\"https:\/\/www.europesays.com\/fr\/wp-content\/uploads\/2025\/09\/29-Medef-C\u0327a-Match-MS.jpg\"\/><\/a><\/p>\n<p>\n                                29. Samuel Minot (FFB AURA), Marc Poisson (Urssaf Caisse Nationale) et Fr\u00e9d\u00e9rique Miny (Urssaf Rh\u00f4ne Alpes)<\/p>\n<p>                                <a href=\"https:\/\/www.europesays.com\/fr\/wp-content\/uploads\/2025\/09\/30-Medef-C\u0327a-Match-MS.jpg\" title=\"30. Sylvie Bles-Gagnaire (Syndicat BTP du Rh\u00f4ne), Didier Bruno (Caisse d\u2019\u00c9pargne Rh\u00f4ne Alpes), le g\u00e9n\u00e9ral Alain Lardet, nouveau gouverneur militaire de Lyon et Norbert Fontanel, pr\u00e9sident syndicat BTP du Rh\u00f4ne\" data-rl_title=\"30. Sylvie Bles-Gagnaire (Syndicat BTP du Rh\u00f4ne), Didier Bruno (Caisse d\u2019\u00c9pargne Rh\u00f4ne Alpes), le g\u00e9n\u00e9ral Alain Lardet, nouveau gouverneur militaire de Lyon et Norbert Fontanel, pr\u00e9sident syndicat BTP du Rh\u00f4ne\" class=\"rl-gallery-link\" data-rl_caption=\"\" data-rel=\"lightbox-gallery-bGlnaHRib3gtZ2FsbGVyeS0w\" data-rl_><img loading=\"lazy\" decoding=\"async\" width=\"900\" height=\"600\" src=\"data:image\/svg+xml,%3Csvg%20xmlns=\" http:=\"\" class=\"attachment-large size-large\" alt=\"\" aria-describedby=\"gallery--164963\" data-lazy- data-lazy- data-lazy-src=\"https:\/\/www.europesays.com\/fr\/wp-content\/uploads\/2025\/09\/30-Medef-C\u0327a-Match-MS.jpg\"\/><\/a><\/p>\n<p>\n                                30. Sylvie Bles-Gagnaire (Syndicat BTP du Rh\u00f4ne), Didier Bruno (Caisse d\u2019\u00c9pargne Rh\u00f4ne Alpes), le g\u00e9n\u00e9ral Alain Lardet, nouveau gouverneur militaire de Lyon et Norbert Fontanel, pr\u00e9sident syndicat BTP du Rh\u00f4ne<\/p>\n<p><br style=\"clear: both\"\/><\/p>\n<p>                                <a href=\"https:\/\/www.europesays.com\/fr\/wp-content\/uploads\/2025\/09\/31-Medef-C\u0327a-Match-MS.jpg\" title=\"31. Olivier Brunet (Syndicat BTP du Rh\u00f4ne) et Benoit Licour (Groupe Ma\u00efa)\" data-rl_title=\"31. Olivier Brunet (Syndicat BTP du Rh\u00f4ne) et Benoit Licour (Groupe Ma\u00efa)\" class=\"rl-gallery-link\" data-rl_caption=\"\" data-rel=\"lightbox-gallery-bGlnaHRib3gtZ2FsbGVyeS0w\" data-rl_><img loading=\"lazy\" decoding=\"async\" width=\"900\" height=\"600\" src=\"data:image\/svg+xml,%3Csvg%20xmlns=\" http:=\"\" class=\"attachment-large size-large\" alt=\"\" aria-describedby=\"gallery--164964\" data-lazy- data-lazy- data-lazy-src=\"https:\/\/www.europesays.com\/fr\/wp-content\/uploads\/2025\/09\/31-Medef-C\u0327a-Match-MS.jpg\"\/><\/a><\/p>\n<p>\n                                31. Olivier Brunet (Syndicat BTP du Rh\u00f4ne) et Benoit Licour (Groupe Ma\u00efa)<\/p>\n<p>                                <a href=\"https:\/\/www.europesays.com\/fr\/wp-content\/uploads\/2025\/09\/32-Medef-C\u0327a-Match-MS.jpg\" title=\"32. Norbert Fontanel (Syndicat BTP du Rh\u00f4ne) et Laurent Fiard (Visiativ)\" data-rl_title=\"32. Norbert Fontanel (Syndicat BTP du Rh\u00f4ne) et Laurent Fiard (Visiativ)\" class=\"rl-gallery-link\" data-rl_caption=\"\" data-rel=\"lightbox-gallery-bGlnaHRib3gtZ2FsbGVyeS0w\" data-rl_><img loading=\"lazy\" decoding=\"async\" width=\"900\" height=\"600\" src=\"data:image\/svg+xml,%3Csvg%20xmlns=\" http:=\"\" class=\"attachment-large size-large\" alt=\"\" aria-describedby=\"gallery--164965\" data-lazy- data-lazy- data-lazy-src=\"https:\/\/www.europesays.com\/fr\/wp-content\/uploads\/2025\/09\/32-Medef-C\u0327a-Match-MS.jpg\"\/><\/a><\/p>\n<p>\n                                32. Norbert Fontanel (Syndicat BTP du Rh\u00f4ne) et Laurent Fiard (Visiativ)<\/p>\n<p><br style=\"clear: both\"\/><\/p>\n<p>                                <a href=\"https:\/\/www.europesays.com\/fr\/wp-content\/uploads\/2025\/09\/33-Medef-C\u0327a-Match-MS.jpg\" title=\"33. Frank Lebel (CPME du Rh\u00f4ne) et Guillaume Curnier (LPA Mobilit\u00e9s)\" data-rl_title=\"33. Frank Lebel (CPME du Rh\u00f4ne) et Guillaume Curnier (LPA Mobilit\u00e9s)\" class=\"rl-gallery-link\" data-rl_caption=\"\" data-rel=\"lightbox-gallery-bGlnaHRib3gtZ2FsbGVyeS0w\" data-rl_><img loading=\"lazy\" decoding=\"async\" width=\"900\" height=\"600\" src=\"data:image\/svg+xml,%3Csvg%20xmlns=\" http:=\"\" class=\"attachment-large size-large\" alt=\"\" aria-describedby=\"gallery--164966\" data-lazy- data-lazy- data-lazy-src=\"https:\/\/www.europesays.com\/fr\/wp-content\/uploads\/2025\/09\/33-Medef-C\u0327a-Match-MS.jpg\"\/><\/a><\/p>\n<p>\n                                33. Frank Lebel (CPME du Rh\u00f4ne) et Guillaume Curnier (LPA Mobilit\u00e9s)<\/p>\n<p>                                <a href=\"https:\/\/www.europesays.com\/fr\/wp-content\/uploads\/2025\/09\/34-Medef-C\u0327a-Match-MS.jpg\" title=\"34. Blandine Peillon, Fredric Coffy (All In Country Club), Sophie Moreau (Courir pour elles) et Marie Lextrait (Danse en c\u0153ur)\" data-rl_title=\"34. Blandine Peillon, Fredric Coffy (All In Country Club), Sophie Moreau (Courir pour elles) et Marie Lextrait (Danse en c\u0153ur)\" class=\"rl-gallery-link\" data-rl_caption=\"\" data-rel=\"lightbox-gallery-bGlnaHRib3gtZ2FsbGVyeS0w\" data-rl_><img loading=\"lazy\" decoding=\"async\" width=\"900\" height=\"600\" src=\"data:image\/svg+xml,%3Csvg%20xmlns=\" http:=\"\" class=\"attachment-large size-large\" alt=\"\" aria-describedby=\"gallery--164967\" data-lazy- data-lazy- data-lazy-src=\"https:\/\/www.europesays.com\/fr\/wp-content\/uploads\/2025\/09\/34-Medef-C\u0327a-Match-MS.jpg\"\/><\/a><\/p>\n<p>\n                                34. Blandine Peillon, Fredric Coffy (All In Country Club), Sophie Moreau (Courir pour elles) et Marie Lextrait (Danse en c\u0153ur)<\/p>\n<p><br style=\"clear: both\"\/><\/p>\n<p>                                <a href=\"https:\/\/www.europesays.com\/fr\/wp-content\/uploads\/2025\/09\/56-Medef-C\u0327a-Match-MS.jpg\" title=\"35. Terrasse ext\u00e9rieure La Sucri\u00e8re\" data-rl_title=\"35. Terrasse ext\u00e9rieure La Sucri\u00e8re\" class=\"rl-gallery-link\" data-rl_caption=\"\" data-rel=\"lightbox-gallery-bGlnaHRib3gtZ2FsbGVyeS0w\" data-rl_><img loading=\"lazy\" decoding=\"async\" width=\"900\" height=\"600\" src=\"data:image\/svg+xml,%3Csvg%20xmlns=\" http:=\"\" class=\"attachment-large size-large\" alt=\"\" aria-describedby=\"gallery--164968\" data-lazy- data-lazy- data-lazy-src=\"https:\/\/www.europesays.com\/fr\/wp-content\/uploads\/2025\/09\/56-Medef-C\u0327a-Match-MS.jpg\"\/><\/a><\/p>\n<p>\n                                35. Terrasse ext\u00e9rieure La Sucri\u00e8re<\/p>\n<p>                                <a href=\"https:\/\/www.europesays.com\/fr\/wp-content\/uploads\/2025\/09\/66-Medef-C\u0327a-Match-MS.jpg\" title=\"36. Masterclass\" data-rl_title=\"36. Masterclass\" class=\"rl-gallery-link\" data-rl_caption=\"\" data-rel=\"lightbox-gallery-bGlnaHRib3gtZ2FsbGVyeS0w\" data-rl_><img loading=\"lazy\" decoding=\"async\" width=\"900\" height=\"600\" src=\"data:image\/svg+xml,%3Csvg%20xmlns=\" http:=\"\" class=\"attachment-large size-large\" alt=\"\" aria-describedby=\"gallery--164969\" data-lazy- data-lazy- data-lazy-src=\"https:\/\/www.europesays.com\/fr\/wp-content\/uploads\/2025\/09\/66-Medef-C\u0327a-Match-MS.jpg\"\/><\/a><\/p>\n<p>\n                                36. Masterclass<\/p>\n<p><br style=\"clear: both\"\/><\/p>\n<p>                                <a href=\"https:\/\/www.europesays.com\/fr\/wp-content\/uploads\/2025\/09\/89-Medef-C\u0327a-Match-MS.jpg\" title=\"37. Espace Village Hub Innov&#039;\" data-rl_title=\"37. Espace Village Hub Innov&#039;\" class=\"rl-gallery-link\" data-rl_caption=\"\" data-rel=\"lightbox-gallery-bGlnaHRib3gtZ2FsbGVyeS0w\" data-rl_><img loading=\"lazy\" decoding=\"async\" width=\"900\" height=\"600\" src=\"data:image\/svg+xml,%3Csvg%20xmlns=\" http:=\"\" class=\"attachment-large size-large\" alt=\"\" aria-describedby=\"gallery--164970\" data-lazy- data-lazy- data-lazy-src=\"https:\/\/www.europesays.com\/fr\/wp-content\/uploads\/2025\/09\/89-Medef-C\u0327a-Match-MS.jpg\"\/><\/a><\/p>\n<p>\n                                37. Espace Village Hub Innov\u2019<\/p>\n<p>                                <a href=\"https:\/\/www.europesays.com\/fr\/wp-content\/uploads\/2025\/09\/105-Medef-C\u0327a-Match-MS.jpg\" title=\"38. J\u00e9r\u00f4me Bonizec (Groupe APICIL) - Damien Dumas (Groupe APICIL) - Thomas Perrin (Groupe APICIL) - Thierry Fayette (Groupe APICIL)\" data-rl_title=\"38. J\u00e9r\u00f4me Bonizec (Groupe APICIL) - Damien Dumas (Groupe APICIL) - Thomas Perrin (Groupe APICIL) - Thierry Fayette (Groupe APICIL)\" class=\"rl-gallery-link\" data-rl_caption=\"\" data-rel=\"lightbox-gallery-bGlnaHRib3gtZ2FsbGVyeS0w\" data-rl_><img loading=\"lazy\" decoding=\"async\" width=\"900\" height=\"600\" src=\"data:image\/svg+xml,%3Csvg%20xmlns=\" http:=\"\" class=\"attachment-large size-large\" alt=\"\" aria-describedby=\"gallery--164971\" data-lazy- data-lazy- data-lazy-src=\"https:\/\/www.europesays.com\/fr\/wp-content\/uploads\/2025\/09\/105-Medef-C\u0327a-Match-MS.jpg\"\/><\/a><\/p>\n<p>\n                                38. J\u00e9r\u00f4me Bonizec (Groupe APICIL) \u2013 Damien Dumas (Groupe APICIL) \u2013 Thomas Perrin (Groupe APICIL) \u2013 Thierry Fayette (Groupe APICIL)<\/p>\n<p><br style=\"clear: both\"\/><\/p>\n<p>                                <a href=\"https:\/\/www.europesays.com\/fr\/wp-content\/uploads\/2025\/09\/135-Medef-C\u0327a-Match-MS.jpg\" title=\"39. Bruno Voland (UIMM), G\u00e9n\u00e9ral Alain Lardet (Gouverneur militaire de Lyon), Audrey H\u00e9nocque (1\u00e8re Adjointe au Maire de Lyon d\u00e9l\u00e9gu\u00e9e aux finances, \u00e0 la culture et aux grands \u00e9v\u00e8nements), Gr\u00e9gory Doucet (Maire de Lyon), Norbert Fontanel (BTP Rh\u00f4ne), Marc Poisson (URSSAF), Bruno Bernard (Pr\u00e9sident M\u00e9tropole de Lyon), Gilles Courteix (Medef Lyon Rh\u00f4ne), Stanislas Lacroix (ALDES)\" data-rl_title=\"39. Bruno Voland (UIMM), G\u00e9n\u00e9ral Alain Lardet (Gouverneur militaire de Lyon), Audrey H\u00e9nocque (1\u00e8re Adjointe au Maire de Lyon d\u00e9l\u00e9gu\u00e9e aux finances, \u00e0 la culture et aux grands \u00e9v\u00e8nements), Gr\u00e9gory Doucet (Maire de Lyon), Norbert Fontanel (BTP Rh\u00f4ne), Marc Poisson (URSSAF), Bruno Bernard (Pr\u00e9sident M\u00e9tropole de Lyon), Gilles Courteix (Medef Lyon Rh\u00f4ne), Stanislas Lacroix (ALDES)\" class=\"rl-gallery-link\" data-rl_caption=\"\" data-rel=\"lightbox-gallery-bGlnaHRib3gtZ2FsbGVyeS0w\" data-rl_><img loading=\"lazy\" decoding=\"async\" width=\"900\" height=\"600\" src=\"data:image\/svg+xml,%3Csvg%20xmlns=\" http:=\"\" class=\"attachment-large size-large\" alt=\"\" aria-describedby=\"gallery--164972\" data-lazy- data-lazy- data-lazy-src=\"https:\/\/www.europesays.com\/fr\/wp-content\/uploads\/2025\/09\/135-Medef-C\u0327a-Match-MS.jpg\"\/><\/a><\/p>\n<p>\n                                39. Bruno Voland (UIMM), G\u00e9n\u00e9ral Alain Lardet (Gouverneur militaire de Lyon), Audrey H\u00e9nocque (1\u00e8re Adjointe au Maire de Lyon d\u00e9l\u00e9gu\u00e9e aux finances, \u00e0 la culture et aux grands \u00e9v\u00e8nements), Gr\u00e9gory Doucet (Maire de Lyon), Norbert Fontanel (BTP Rh\u00f4ne), Marc Poisson (URSSAF), Bruno Bernard (Pr\u00e9sident M\u00e9tropole de Lyon), Gilles Courteix (Medef Lyon Rh\u00f4ne), Stanislas Lacroix (ALDES)  <\/p>\n<p>                                <a href=\"https:\/\/www.europesays.com\/fr\/wp-content\/uploads\/2025\/09\/165-Medef-C\u0327a-Match-MS.jpg\" title=\"40. Marie Drucker (journaliste-animatrice) et Gilles Courteix (MEDEF Lyon Rh\u00f4ne)\" data-rl_title=\"40. Marie Drucker (journaliste-animatrice) et Gilles Courteix (MEDEF Lyon Rh\u00f4ne)\" class=\"rl-gallery-link\" data-rl_caption=\"\" data-rel=\"lightbox-gallery-bGlnaHRib3gtZ2FsbGVyeS0w\" data-rl_><img loading=\"lazy\" decoding=\"async\" width=\"900\" height=\"600\" src=\"data:image\/svg+xml,%3Csvg%20xmlns=\" http:=\"\" class=\"attachment-large size-large\" alt=\"\" aria-describedby=\"gallery--164973\" data-lazy- data-lazy- data-lazy-src=\"https:\/\/www.europesays.com\/fr\/wp-content\/uploads\/2025\/09\/165-Medef-C\u0327a-Match-MS.jpg\"\/><\/a><\/p>\n<p>\n                                40. Marie Drucker (journaliste-animatrice) et Gilles Courteix (MEDEF Lyon Rh\u00f4ne)<\/p>\n<p><br style=\"clear: both\"\/><\/p>\n<p>                                <a href=\"https:\/\/www.europesays.com\/fr\/wp-content\/uploads\/2025\/09\/186-Medef-C\u0327a-Match-MS.jpg\" title=\"41. Dominique PON (La Poste Groupe)\" data-rl_title=\"41. Dominique PON (La Poste Groupe)\" class=\"rl-gallery-link\" data-rl_caption=\"\" data-rel=\"lightbox-gallery-bGlnaHRib3gtZ2FsbGVyeS0w\" data-rl_><img loading=\"lazy\" decoding=\"async\" width=\"600\" height=\"900\" src=\"data:image\/svg+xml,%3Csvg%20xmlns=\" http:=\"\" class=\"attachment-large size-large\" alt=\"\" aria-describedby=\"gallery--164974\" data-lazy- data-lazy- data-lazy-src=\"https:\/\/www.europesays.com\/fr\/wp-content\/uploads\/2025\/09\/186-Medef-C\u0327a-Match-MS.jpg\"\/><\/a><\/p>\n<p>\n                                41. Dominique PON (La Poste Groupe)<\/p>\n<p>                                <a href=\"https:\/\/www.europesays.com\/fr\/wp-content\/uploads\/2025\/09\/196-Medef-C\u0327a-Match-MS.jpg\" title=\"42. Dr Luc Julia (Renault)\" data-rl_title=\"42. Dr Luc Julia (Renault)\" class=\"rl-gallery-link\" data-rl_caption=\"\" data-rel=\"lightbox-gallery-bGlnaHRib3gtZ2FsbGVyeS0w\" data-rl_><img loading=\"lazy\" decoding=\"async\" width=\"900\" height=\"600\" src=\"data:image\/svg+xml,%3Csvg%20xmlns=\" http:=\"\" class=\"attachment-large size-large\" alt=\"\" aria-describedby=\"gallery--164975\" data-lazy- data-lazy- data-lazy-src=\"https:\/\/www.europesays.com\/fr\/wp-content\/uploads\/2025\/09\/196-Medef-C\u0327a-Match-MS.jpg\"\/><\/a><\/p>\n<p>\n                                42. Dr Luc Julia (Renault)<\/p>\n<p><br style=\"clear: both\"\/><\/p>\n<p>                                <a href=\"https:\/\/www.europesays.com\/fr\/wp-content\/uploads\/2025\/09\/201-Medef-C\u0327a-Match-MS.jpg\" title=\"43. Thibault Lef\u00e8vre (Sanofi)\" data-rl_title=\"43. Thibault Lef\u00e8vre (Sanofi)\" class=\"rl-gallery-link\" data-rl_caption=\"\" data-rel=\"lightbox-gallery-bGlnaHRib3gtZ2FsbGVyeS0w\" data-rl_><img loading=\"lazy\" decoding=\"async\" width=\"900\" height=\"600\" src=\"data:image\/svg+xml,%3Csvg%20xmlns=\" http:=\"\" class=\"attachment-large size-large\" alt=\"\" aria-describedby=\"gallery--164976\" data-lazy- data-lazy- data-lazy-src=\"https:\/\/www.europesays.com\/fr\/wp-content\/uploads\/2025\/09\/201-Medef-C\u0327a-Match-MS.jpg\"\/><\/a><\/p>\n<p>\n                                43. Thibault Lef\u00e8vre (Sanofi)<\/p>\n<p>                        <br style=\"clear: both\"\/><\/p>\n","protected":false},"excerpt":{"rendered":"Photos \u00a9 Saby Maviel pour Lyon People Texte\u00a0: Morgan Couturier \u2013 Plus de 2 000 dirigeants, entrepreneurs, jeunes&hellip;\n","protected":false},"author":2,"featured_media":427813,"comment_status":"","ping_status":"","sticky":false,"template":"","format":"standard","meta":{"footnotes":""},"categories":[1889],"tags":[4257,1111,47,4258,11,2430,1777,674,1011,27,2428,55671,12,25],"class_list":{"0":"post-427812","1":"post","2":"type-post","3":"status-publish","4":"format-standard","5":"has-post-thumbnail","7":"category-lyon","8":"tag-0top","9":"tag-actu","10":"tag-actualite","11":"tag-actualite-lyon","12":"tag-actualites","13":"tag-auvergne-rhone-alpes","14":"tag-eu","15":"tag-europe","16":"tag-fr","17":"tag-france","18":"tag-lyon","19":"tag-medef-lyon-rhone","20":"tag-news","21":"tag-republique-francaise"},"share_on_mastodon":{"url":"https:\/\/pubeurope.com\/@fr\/115291552690281725","error":""},"_links":{"self":[{"href":"https:\/\/www.europesays.com\/fr\/wp-json\/wp\/v2\/posts\/427812","targetHints":{"allow":["GET"]}}],"collection":[{"href":"https:\/\/www.europesays.com\/fr\/wp-json\/wp\/v2\/posts"}],"about":[{"href":"https:\/\/www.europesays.com\/fr\/wp-json\/wp\/v2\/types\/post"}],"author":[{"embeddable":true,"href":"https:\/\/www.europesays.com\/fr\/wp-json\/wp\/v2\/users\/2"}],"replies":[{"embeddable":true,"href":"https:\/\/www.europesays.com\/fr\/wp-json\/wp\/v2\/comments?post=427812"}],"version-history":[{"count":0,"href":"https:\/\/www.europesays.com\/fr\/wp-json\/wp\/v2\/posts\/427812\/revisions"}],"wp:featuredmedia":[{"embeddable":true,"href":"https:\/\/www.europesays.com\/fr\/wp-json\/wp\/v2\/media\/427813"}],"wp:attachment":[{"href":"https:\/\/www.europesays.com\/fr\/wp-json\/wp\/v2\/media?parent=427812"}],"wp:term":[{"taxonomy":"category","embeddable":true,"href":"https:\/\/www.europesays.com\/fr\/wp-json\/wp\/v2\/categories?post=427812"},{"taxonomy":"post_tag","embeddable":true,"href":"https:\/\/www.europesays.com\/fr\/wp-json\/wp\/v2\/tags?post=427812"}],"curies":[{"name":"wp","href":"https:\/\/api.w.org\/{rel}","templated":true}]}}