{"id":427814,"date":"2025-09-30T05:18:15","date_gmt":"2025-09-30T05:18:15","guid":{"rendered":"https:\/\/www.europesays.com\/fr\/427814\/"},"modified":"2025-09-30T05:18:15","modified_gmt":"2025-09-30T05:18:15","slug":"face-aux-terrains-rares-et-chers-en-ile-de-france-lespoir-dune-centrale-solaire-au-bord-de-lautoroute-a5","status":"publish","type":"post","link":"https:\/\/www.europesays.com\/fr\/427814\/","title":{"rendered":"Face aux terrains rares et chers en \u00cele-de-France, l\u2019espoir d\u2019une centrale solaire&#8230; au bord de l\u2019autoroute A5"},"content":{"rendered":"<p class=\"paragraph text_align_left lp-f-body-02\">Rien ne se perd, tout se transforme. Sur ce terrain enclav\u00e9 entre l\u2019A5 et <a href=\"https:\/\/www.leparisien.fr\/faits-divers\/go-fast-pres-de-300-kg-de-cannabis-saisis-apres-une-course-poursuite-de-50-km-a-travers-lile-de-france-01-12-2023-SAKUDF2TI5C25AIFIEISDFGLYU.php\" target=\"_blank\" rel=\"noreferrer noopener\">la gare de p\u00e9age de Saint-Germain-Laxis<\/a>, au nord de Melun, la soci\u00e9t\u00e9 des Autoroutes Paris-Rhin-Rh\u00f4ne (APRR), propri\u00e9taire du site, a d\u00e9cid\u00e9 d\u2019agir. Dans le cadre de sa strat\u00e9gie bas carbone, elle a converti ce \u00ab d\u00e9laiss\u00e9 autoroutier \u00bb\u2026 en centrale photovolta\u00efque.<\/p>\n<p class=\"paragraph text_align_left lp-f-body-02\">Pour mener \u00e0 bien ce projet, elle a choisi TotalEnergies et son partenaire Altergie, soci\u00e9t\u00e9 ind\u00e9pendante engag\u00e9e dans le d\u00e9veloppement et l\u2019exploitation de centrales solaires en France. Apr\u00e8s deux d\u00e9p\u00f4ts de permis de construire et une course d\u2019obstacles administratifs, le projet prend enfin forme au bout de huit ans !<\/p>\n<p class=\"paragraph text_align_left lp-f-body-02\">Situ\u00e9 en l\u00e9ger contrebas de la D 1036 (anciennement N36), le chantier commenc\u00e9 en f\u00e9vrier 2025 arrive \u00e0 sa fin. Apr\u00e8s l\u2019installation cet \u00e9t\u00e9 de structures m\u00e9talliques (163 tonnes d\u2019acier !), 8 600 modules photovolta\u00efques ont \u00e9t\u00e9 pos\u00e9s en cinq semaines. Reste \u00e0 effectuer les raccordements \u00e9lectriques par Eiffage R\u00e9seaux \u00c9lectricit\u00e9. La mise en service est pr\u00e9vue en novembre prochain.<\/p>\n<p class=\"paragraph text_align_left lp-f-body-02\">Expos\u00e9s plein sud, ces panneaux fabriqu\u00e9s en Chine produiront 5,8 gigawatts heure par an, soit l\u2019\u00e9quivalent de la consommation \u00e9lectrique de 3 700 habitants (hors chauffage). Ils devraient \u00e9viter le rejet de 182 tonnes de CO2.<\/p>\n<p>Total r\u00e9alise 10 % de la production photovolta\u00efque francilienne<\/p>\n<p class=\"paragraph text_align_left lp-f-body-02\">\u00ab 5 m\u00e9gawatts, c\u2019est environ 1 % de la puissance photovolta\u00efque install\u00e9e \u00cele-de-France. Mais aucun projet n\u2019est n\u00e9gligeable. On est tr\u00e8s fiers et contents \u00bb, se r\u00e9jouit Laurent Tricot, directeur r\u00e9gional d\u00e9l\u00e9gu\u00e9 \u00cele-de-France chez TotalEnergies. Selon lui, \u00ab si on additionne les 25 m\u00e9gawatts cr\u00eate (MWc) produits par son groupe \u00e0 Grandpuits en Seine-et-Marne (46 000 panneaux solaires sur 12 ha), les 23 MWc de Gargenville dans les Yvelines et les 5MWc d\u2019ici, on arrive \u00e0 plus de 10 % de la production photovolta\u00efque en \u00cele-de-France \u00bb.<\/p>\n<p class=\"paragraph text_align_left lp-f-body-02\">C\u00f4t\u00e9 s\u00e9curit\u00e9, un bardage anti-\u00e9blouissement a \u00e9t\u00e9 install\u00e9 entre l\u2019autoroute et les panneaux afin d\u2019\u00e9viter tout scintillement du soleil dans la vue des automobilistes qui empruntent l\u2019A5. La nature n\u2019est pas oubli\u00e9e. L\u2019\u00e9cop\u00e2turage est pr\u00e9vu pour que des moutons assurent la tonte. La petite faune revient aussi, notamment beaucoup de lapins, nous dit-on.<\/p>\n<p><img decoding=\"async\" class=\"image \" loading=\"lazy\" src=\"https:\/\/www.europesays.com\/fr\/wp-content\/uploads\/2025\/09\/VD5CQRH62RDOJAF2Y6XJMSRUUY.jpg\" alt=\"Saint-Germain-Laxis, 23 septembre 2025. Apr\u00e8s la pose de 8600 modules photovolta\u00efques au sol, le chantier se termine avec la phase de raccordement \u00e9lectrique en vue d'une mise en service  en novembre prochain.\" align=\"\" data-rubrique-principale=\"\" data-article-type=\"\" fetchpriority=\"auto\"\/>Saint-Germain-Laxis, 23 septembre 2025. Apr\u00e8s la pose de 8600 modules photovolta\u00efques au sol, le chantier se termine avec la phase de raccordement \u00e9lectrique en vue d&rsquo;une mise en service  en novembre prochain.<\/p>\n<p class=\"paragraph text_align_left lp-f-body-02\">\u00c0 Saint-Germain-Laxis, village d\u2019un peu plus de 700 habitants, la municipalit\u00e9 soutient le projet depuis le d\u00e9but. \u00ab Ce terrain \u00e9tait une dent creuse. C\u2019est bien d\u2019en faire quelque chose et un beau projet \u00bb, salue Didier Sontre, adjoint au maire. La commune devrait percevoir la taxe d\u2019am\u00e9nagement et la taxe fonci\u00e8re, mais aussi une partie de l\u2019Imposition forfaitaire des entreprises de r\u00e9seaux (IFER).<\/p>\n<p>Une r\u00e9gion qui produit peu\u2026 mais consomme beaucoup<\/p>\n<p class=\"paragraph text_align_left lp-f-body-02\">Un progr\u00e8s pour l\u2019\u00cele-de-France qui produit peu d\u2019\u00e9nergies (gaz, \u00e9lectricit\u00e9, p\u00e9trole, bois), mais dont les 12 millions d\u2019habitants en consomment beaucoup. \u00ab Le plan solaire r\u00e9gional pr\u00e9voyait 6 gigawatts (ou 6000 m\u00e9gawatts) en 2030, mais nous en sommes \u00e0 environ 6 % de l\u2019objectif \u00bb, alerte Jean-Charles Lavigne Delville, pr\u00e9sident d\u2019Altergie.<\/p>\n<p class=\"paragraph text_align_left lp-f-body-02\">Sa soci\u00e9t\u00e9 a d\u00e9j\u00e0 men\u00e9 deux r\u00e9alisations sur des d\u00e9laiss\u00e9s autoroutiers : l\u2019une de 11 000 panneaux photovolta\u00efques en Savoie en bordure de l\u2019A41 pour le compte d\u2019une filiale d\u2019APRR, l\u2019autre en Sa\u00f4ne-et-Loire avec 8 570 modules solaires le long de l\u2019A6.<\/p>\n<p class=\"paragraph text_align_left lp-f-body-02\">Directeur du d\u00e9partement \u00e9nergie climat \u00e0 l\u2019Institut Paris-r\u00e9gion, Thomas Hemmerdinger salue cette initiative. \u00ab \u00c0 notre connaissance c\u2019est le seul d\u00e9laissement autoroutier ainsi am\u00e9nag\u00e9 dans la r\u00e9gion. Mais avec la loi APER de 2023 relative \u00e0 l\u2019acc\u00e9l\u00e9ration de production d\u2019\u00e9nergies renouvelables, chaque commune doit d\u00e9finir du foncier o\u00f9 privil\u00e9gier cela. \u00bb Espoir donc.<\/p>\n<p>\u00ab On ne fera jamais comme les Saoudiens qui couvrent leur d\u00e9sert \u00bb<\/p>\n<p class=\"paragraph text_align_left lp-f-body-02\">Il confirme une certaine raret\u00e9 du foncier disponible en \u00cele-de-France. \u00ab Il est trop cher. On ne fera jamais comme les Saoudiens qui couvrent leur d\u00e9sert de centrales solaires. Mais on a de la place pour les toitures et les <a href=\"https:\/\/www.leparisien.fr\/environnement\/lassemblee-vote-lobligation-dinstaller-des-panneaux-solaires-dans-les-grands-parkings-10-12-2022-R7DBM6IHGNGGNLLZ4LSKHZPB7U.php\" target=\"_self\" rel=\"noopener\">ombri\u00e8res sur les parkings<\/a>. Un gisement \u00e9norme, mais <a href=\"https:\/\/www.leparisien.fr\/seine-et-marne-77\/seine-et-marne-les-parkings-de-huit-gares-seront-dotes-dombrieres-photovoltaiques-10-01-2024-DMMBRUIU4FFODMSTU2JWW64W4I.php\" target=\"_self\" rel=\"noopener\">plus diffus<\/a> que les centrales solaires au sol o\u00f9 il y a davantage d\u2019hectares couverts et donc de puissance produite. \u00bb<\/p>\n<p class=\"paragraph text_align_left lp-f-body-02\">Quid des centrales photovolta\u00efques sur les terres agricoles ? Un d\u00e9cret de la loi APER les autorise. C\u2019est <a href=\"https:\/\/www.leparisien.fr\/environnement\/transition-ecologique-lagrivoltaisme-du-solaire-sans-deplaire-25-09-2023-LEVLB2CIJRAXXNX5LRBCLFMTQM.php\" target=\"_self\" rel=\"noopener\">l\u2019agrivolta\u00efque<\/a>. Mais plusieurs conditions sont pos\u00e9es. L\u2019agriculture doit rester l\u2019activit\u00e9 principale de la parcelle, g\u00e9n\u00e9rer un rendement significatif et un revenu durable. L\u2019installation de panneaux solaires verticaux doit rendre des services (am\u00e9liorer la qualit\u00e9 du sol, limiter les effets n\u00e9fastes du changement climatiques, etc). TotalEnergies l\u2019exp\u00e9rimente \u00e0 Valpuiseaux, en Essonne.<\/p>\n","protected":false},"excerpt":{"rendered":"Rien ne se perd, tout se transforme. Sur ce terrain enclav\u00e9 entre l\u2019A5 et la gare de p\u00e9age&hellip;\n","protected":false},"author":2,"featured_media":427815,"comment_status":"","ping_status":"","sticky":false,"template":"","format":"standard","meta":{"footnotes":""},"categories":[1592],"tags":[1111,11,1777,674,1011,27,3746,662,1944,12,626,25,1937],"class_list":{"0":"post-427814","1":"post","2":"type-post","3":"status-publish","4":"format-standard","5":"has-post-thumbnail","7":"category-ile-de-france","8":"tag-actu","9":"tag-actualites","10":"tag-eu","11":"tag-europe","12":"tag-fr","13":"tag-france","14":"tag-futurs","15":"tag-ile-de-france","16":"tag-ma-ville","17":"tag-news","18":"tag-paris","19":"tag-republique-francaise","20":"tag-seine-et-marne"},"share_on_mastodon":{"url":"https:\/\/pubeurope.com\/@fr\/115291561343151896","error":""},"_links":{"self":[{"href":"https:\/\/www.europesays.com\/fr\/wp-json\/wp\/v2\/posts\/427814","targetHints":{"allow":["GET"]}}],"collection":[{"href":"https:\/\/www.europesays.com\/fr\/wp-json\/wp\/v2\/posts"}],"about":[{"href":"https:\/\/www.europesays.com\/fr\/wp-json\/wp\/v2\/types\/post"}],"author":[{"embeddable":true,"href":"https:\/\/www.europesays.com\/fr\/wp-json\/wp\/v2\/users\/2"}],"replies":[{"embeddable":true,"href":"https:\/\/www.europesays.com\/fr\/wp-json\/wp\/v2\/comments?post=427814"}],"version-history":[{"count":0,"href":"https:\/\/www.europesays.com\/fr\/wp-json\/wp\/v2\/posts\/427814\/revisions"}],"wp:featuredmedia":[{"embeddable":true,"href":"https:\/\/www.europesays.com\/fr\/wp-json\/wp\/v2\/media\/427815"}],"wp:attachment":[{"href":"https:\/\/www.europesays.com\/fr\/wp-json\/wp\/v2\/media?parent=427814"}],"wp:term":[{"taxonomy":"category","embeddable":true,"href":"https:\/\/www.europesays.com\/fr\/wp-json\/wp\/v2\/categories?post=427814"},{"taxonomy":"post_tag","embeddable":true,"href":"https:\/\/www.europesays.com\/fr\/wp-json\/wp\/v2\/tags?post=427814"}],"curies":[{"name":"wp","href":"https:\/\/api.w.org\/{rel}","templated":true}]}}