{"id":427818,"date":"2025-09-30T05:20:17","date_gmt":"2025-09-30T05:20:17","guid":{"rendered":"https:\/\/www.europesays.com\/fr\/427818\/"},"modified":"2025-09-30T05:20:17","modified_gmt":"2025-09-30T05:20:17","slug":"paris-la-nuit-du-droit-se-deroule-jeudi-2-octobre","status":"publish","type":"post","link":"https:\/\/www.europesays.com\/fr\/427818\/","title":{"rendered":"Paris. La Nuit du Droit se d\u00e9roule jeudi 2 octobre"},"content":{"rendered":"<p>            <a href=\"https:\/\/unidivers.fr\/wp-content\/uploads\/2025\/09\/nuit-du-droit-1.png\" data-caption=\"\" rel=\"nofollow noopener\" target=\"_blank\"><img loading=\"lazy\" decoding=\"async\" width=\"696\" height=\"391\" class=\"entry-thumb td-modal-image lazy\" src=\"https:\/\/www.europesays.com\/fr\/wp-content\/uploads\/2025\/09\/nuit-du-droit-1-696x391.png\"  data- alt=\"Nuit du Droit\" title=\"Nuit du Droit (1)\"\/><\/a><\/p>\n<p>Depuis sa cr\u00e9ation en 2017, <strong>la Nuit du Droit<\/strong> a connu un succ\u00e8s grandissant d\u2019ann\u00e9e en ann\u00e9e, partout en France.<strong> L\u2019\u00e9dition 2025 <\/strong>se d\u00e9roule <strong>jeudi 2 octobre<\/strong> et permettra au public de participer nombreux aux manifestations pr\u00e9vues. Au <strong>Palais de Justice de Paris<\/strong>, ne manquez pas la <strong>reconstitution th\u00e9\u00e2tralis\u00e9e du proc\u00e8s Emile Zola\u2026<\/strong><\/p>\n<p>La Nuit du Droit a \u00e9t\u00e9 initi\u00e9e en 2017 par le Conseil Constitutionnel et par Laurent Fabius, son pr\u00e9sident. Exceptionnellement, elle a lieu cette ann\u00e9e le 2 octobre et non pas le 4 octobre comme habituellement, une date choisie en relation avec l\u2019anniversaire du 4 octobre 1958, jour de Constitution fran\u00e7aise de la 5e R\u00e9publique.<\/p>\n<p>Durant la nuit du jeudi 2 octobre 2025, partout en France, en m\u00e9tropole et Outre-Mer, le droit sera c\u00e9l\u00e9br\u00e9 sous forme de proc\u00e8s fictifs, d\u2019escape game, de d\u00e9bats, de conf\u00e9rences, de s\u00e9ances vid\u00e9o. La Nuit du Droit est une occasion unique qui permet \u00e0 tous les participants de discuter sans barri\u00e8re avec les professionnels du droit ; des avocats, des juges, des procureurs, des parlementaires, des historiens seront pr\u00e9sents pour r\u00e9pondre \u00e0 toutes les questions sollicit\u00e9es ! Les rencontres du 2 octobre prochain auront pour objectif de mieux faire conna\u00eetre le droit au public, ses principes, ses institutions, et ses professions.<\/p>\n<p><img loading=\"lazy\" decoding=\"async\" width=\"1920\" height=\"1440\" src=\"https:\/\/www.europesays.com\/fr\/wp-content\/uploads\/2025\/09\/nuit-du-droit-2-1920x1440.jpg\" alt=\"Nuit du Droit \" class=\"wp-image-3257224 lazy\"  data-\/><\/p>\n<p><strong>La Cour d\u2019appel de Paris <\/strong>organise une soir\u00e9e in\u00e9dite, en partenariat avec l\u2019<strong>association Sc\u00e8ne et Justice<\/strong>, une occasion id\u00e9ale de conjuguer d\u00e9couverte, \u00e9changes et convivialit\u00e9. Le public est convi\u00e9, notamment les \u00e9tudiants, au sein de la solennelle Premi\u00e8re chambre de la Cour d\u2019appel de Paris, \u00e0 assister \u00e0 un proc\u00e8s historique, qui fut l\u2019une des affaires les plus m\u00e9diatis\u00e9es de la fin du XIXe si\u00e8cle !<\/p>\n<p>Dans sa lettre J\u2019accuse, publi\u00e9e par le <strong>journal l\u2019Aurore<\/strong>, le 13 janvier 1898, l\u2019\u00e9crivain <strong>\u00c9mile Zola<\/strong> (1840-1902) d\u00e9nonce nomm\u00e9ment tous les responsables de la condamnation du capitaine Alfred Dreyfus (1859-1935) et de l\u2019acquittement du commandant Ferdinand Esterhazy (1847-1923). Emile Zola s\u2019expose volontairement \u00e0 un proc\u00e8s en diffamation afin de contribuer \u00e0 faire \u00e9clater la v\u00e9rit\u00e9 : \u00ab\u00a0qu\u2019on ose donc me traduire en Cour d\u2019assises et que l\u2019enqu\u00eate ait lieu au grand jour !\u00ab\u00a0<\/p>\n<p>Une d\u00e9ambulation sera propos\u00e9e \u00e9galement de 17h \u00e0 19h45, suivie d\u2019un ap\u00e9ro jusqu\u2019\u00e0 21h30.<\/p>\n<p><img loading=\"lazy\" decoding=\"async\" width=\"800\" height=\"502\" src=\"https:\/\/www.europesays.com\/fr\/wp-content\/uploads\/2025\/09\/nuit-du-droit-1.jpg\" alt=\"Nuit du Droit \" class=\"wp-image-3257218 lazy\"  data-\/><\/p>\n<p>L\u2019<strong>association Sc\u00e8ne &amp; Justice <\/strong>a \u00e9t\u00e9 fond\u00e9e en 2024 par l\u2019artiste Garance Bonno-Dugor, l\u2019avocate Pauline Tubiana, et l\u2019avocat g\u00e9n\u00e9ral Olivier Bray. L\u2019objectif de l\u2019association est d\u2019apporter des outils de travail ; d\u2019ouvrir des espaces de r\u00e9flexions sur les pratiques judiciaires et leurs liens avec les justiciables ; de mettre en lumi\u00e8re les grandes figures de la justice ; de perfectionner la prise de parole en public ; et de valoriser la voix comme un art essentiel : une voix incarn\u00e9e, sinc\u00e8re, capable m\u00eame de virtuosit\u00e9\u00a0<\/p>\n<p><strong>Sc\u00e8ne &amp; Justice <\/strong>promeut la culture judiciaire, gr\u00e2ce \u00e0 des reconstitutions th\u00e9\u00e2trales de proc\u00e8s historiques\u2026<\/p>\n<p class=\"has-text-align-center\">Infos pratiques :<\/p>\n<p class=\"has-text-align-center\"><strong>La Nuit du Droit, jeudi 2 octobre 2025 de 17h \u00e0 21h30<\/strong><br \/><strong>Cour d\u2019appel de Paris \u2013 Palais de justice <\/strong>\u2013 8, boulevard du palais dans le 1er arrondissement de Paris<\/p>\n<p>L\u2019entr\u00e9e est gratuite pour tous, mais l\u2019inscription pr\u00e9alable est obligatoire sur le site : <a href=\"https:\/\/my.weezevent.com\/nuit-du-droit-2025-CAParis\" rel=\"nofollow noopener\" target=\"_blank\">Nuit-du-droit-2025-CA Paris<\/a> \u2013 Carte d\u2019identit\u00e9 obligatoire.<\/p>\n<p class=\"has-text-align-center\">Accueil des participants \u00e0 l\u2019entr\u00e9e du Conseil d\u2019\u00c9tat \u00e0 partir de 16h30\u00a0<br \/>Pour conna\u00eetre toutes les rencontres de la Nuit Du Droit en France : \u00a0cliquez ici : par <a href=\"https:\/\/www.lanuitdudroit.fr\/liste-des-evenements\/\" rel=\"nofollow noopener\" target=\"_blank\">r\u00e9gions<\/a>.<\/p>\n","protected":false},"excerpt":{"rendered":"Depuis sa cr\u00e9ation en 2017, la Nuit du Droit a connu un succ\u00e8s grandissant d\u2019ann\u00e9e en ann\u00e9e, partout&hellip;\n","protected":false},"author":2,"featured_media":427819,"comment_status":"","ping_status":"","sticky":false,"template":"","format":"standard","meta":{"footnotes":""},"categories":[1888],"tags":[1111,1928,11,1927,1777,674,1011,27,12,1926,626,1925,25],"class_list":{"0":"post-427818","1":"post","2":"type-post","3":"status-publish","4":"format-standard","5":"has-post-thumbnail","7":"category-paris","8":"tag-actu","9":"tag-actu-paris","10":"tag-actualites","11":"tag-actualites-paris","12":"tag-eu","13":"tag-europe","14":"tag-fr","15":"tag-france","16":"tag-news","17":"tag-news-paris","18":"tag-paris","19":"tag-paris-news","20":"tag-republique-francaise"},"share_on_mastodon":{"url":"https:\/\/pubeurope.com\/@fr\/115291568633525712","error":""},"_links":{"self":[{"href":"https:\/\/www.europesays.com\/fr\/wp-json\/wp\/v2\/posts\/427818","targetHints":{"allow":["GET"]}}],"collection":[{"href":"https:\/\/www.europesays.com\/fr\/wp-json\/wp\/v2\/posts"}],"about":[{"href":"https:\/\/www.europesays.com\/fr\/wp-json\/wp\/v2\/types\/post"}],"author":[{"embeddable":true,"href":"https:\/\/www.europesays.com\/fr\/wp-json\/wp\/v2\/users\/2"}],"replies":[{"embeddable":true,"href":"https:\/\/www.europesays.com\/fr\/wp-json\/wp\/v2\/comments?post=427818"}],"version-history":[{"count":0,"href":"https:\/\/www.europesays.com\/fr\/wp-json\/wp\/v2\/posts\/427818\/revisions"}],"wp:featuredmedia":[{"embeddable":true,"href":"https:\/\/www.europesays.com\/fr\/wp-json\/wp\/v2\/media\/427819"}],"wp:attachment":[{"href":"https:\/\/www.europesays.com\/fr\/wp-json\/wp\/v2\/media?parent=427818"}],"wp:term":[{"taxonomy":"category","embeddable":true,"href":"https:\/\/www.europesays.com\/fr\/wp-json\/wp\/v2\/categories?post=427818"},{"taxonomy":"post_tag","embeddable":true,"href":"https:\/\/www.europesays.com\/fr\/wp-json\/wp\/v2\/tags?post=427818"}],"curies":[{"name":"wp","href":"https:\/\/api.w.org\/{rel}","templated":true}]}}