{"id":427820,"date":"2025-09-30T05:21:15","date_gmt":"2025-09-30T05:21:15","guid":{"rendered":"https:\/\/www.europesays.com\/fr\/427820\/"},"modified":"2025-09-30T05:21:15","modified_gmt":"2025-09-30T05:21:15","slug":"cette-nouvelle-arnaque-qui-sevit-sur-le-marche-immobilier-a-paris","status":"publish","type":"post","link":"https:\/\/www.europesays.com\/fr\/427820\/","title":{"rendered":"cette nouvelle arnaque qui s\u00e9vit sur le march\u00e9 immobilier \u00e0 Paris"},"content":{"rendered":"<p>            Par<br \/>\n        <strong><br \/>\n            <a href=\"https:\/\/actu.fr\/auteur\/antoine-blanchet\" title=\"Consulter tous les articles de Antoine Blanchet\" rel=\"nofollow noopener\" target=\"_blank\">Antoine Blanchet<\/a><br \/>\n        <\/strong><\/p>\n<p>        Publi\u00e9 le<\/p>\n<p>            30 sept. 2025 \u00e0 6h08        <\/p>\n<p>Une <a href=\"https:\/\/actu.fr\/tag\/escroquerie\" rel=\"nofollow noopener\" target=\"_blank\">escroquerie<\/a> bien men\u00e9e dans un march\u00e9 immobilier en grande tension. Au d\u00e9but du mois de septembre\u00a02025, Mathieu et Lara, un couple en recherche d\u2019appartement \u00e0 <a href=\"https:\/\/actu.fr\/paris\/\" rel=\"nofollow noopener\" target=\"_blank\">Paris<\/a>, ont \u00e9t\u00e9 victimes d\u2019une arnaque vicieuse et peu connue. Le principe en est terriblement simple\u2009: le bien mis en location n\u2019est en fait qu\u2019un<strong> Airbnb lou\u00e9 quelques jours<\/strong> par l\u2019auteur de la combine.<\/p>\n<p>\u00ab\u2009Il avait r\u00e9ponse \u00e0 tout\u2009\u00bb<\/p>\n<p class=\" wall-content\">Pour le couple d\u2019intermittents du spectacle, l\u2019affaire commence avec une offre de logement \u00e0 louer sur l\u2019application <strong>Leboncoin<\/strong>. \u00ab\u2009L\u2019appartement \u00e9tait dans la tranche basse des prix du march\u00e9. Les photos n\u2019\u00e9taient pas tr\u00e8s belles\u2009\u00bb, se rem\u00e9more Lara. L\u2019auteur de la publication est contact\u00e9. Il se pr\u00e9nomme \u00c9ric. Par message, il demande au couple quels sont leurs revenus mensuels ainsi que leur \u00e2ge. Des demandes fr\u00e9quentes dans le monde de l\u2019immobilier parisien. Une visite est finalement programm\u00e9e quelques jours plus tard.<\/p>\n<p class=\" wall-content\">Arriv\u00e9s sur place, Mathieu et Lara se rendent compte qu\u2019ils ne sont pas les seuls \u00e0 \u00eatre int\u00e9ress\u00e9s par l\u2019appartement. \u00ab\u2009Il y avait aussi une m\u00e8re avec sa fille \u00e9tudiante\u2009\u00bb, se souvient Mathieu. Au t\u00e9l\u00e9phone, le propri\u00e9taire, qui devait faire la visite, indique finalement que c\u2019est le locataire sortant qui va s\u2019en charger. \u00ab\u2009On a \u00e9t\u00e9 accueillis par un homme d\u2019une trentaine d\u2019ann\u00e9es. Dans le logement, il y avait encore quelques affaires pr\u00e9sentes. Des costumes dans la penderie et des halt\u00e8res dans le lit coffre\u2009\u00bb, rembobine Mathieu.<\/p>\n<p class=\" wall-content\">Affable, le locataire sur le d\u00e9part r\u00e9pond au tacotac aux questions du couple, comme l\u2019explique Lara\u2009: \u00ab\u2009Il avait r\u00e9ponse \u00e0 tout. On lui a demand\u00e9 comment \u00e9tait le voisinage. Il nous a dit qu\u2019il y avait des \u00e9tudiants, mais que c\u2019\u00e9tait calme\u2009\u00bb. Conquis par l\u2019appartement, le couple envoie son dossier au propri\u00e9taire.<\/p>\n<p>Le bien n\u2019\u00e9tait qu\u2019une location Airbnb<\/p>\n<p class=\" wall-content\">Au bout de deux jours, Mathieu et Lara sont recontact\u00e9s. Leur dossier est retenu. \u00ab\u2009Il nous a dit qu\u2019il avait eu beaucoup de demandes, mais qu\u2019il nous avait choisis, car le locataire sortant avait dit du bien de nous. Il nous a fait tout un la\u00efus pour nous brosser dans le sens du poil\u2009\u00bb, relate Mathieu. \u00ab\u2009\u00c9ric\u2009\u00bb envoie un bail \u00e0 signer puis <strong>un RIB d\u2019une banque fran\u00e7aise<\/strong> pour lui verser la caution et le premier loyer. \u00ab\u2009L\u2019adresse \u00e9tait la m\u00eame que sur le bail. On a donc vers\u00e9 <strong>2\u2009875\u00a0euros<\/strong>\u2009\u00bb, indique Lara.<\/p>\n<p class=\" wall-content\">Apr\u00e8s cette tractation, le temps passe et l\u2019inqui\u00e9tude monte au sein du couple. Si une date d\u2019emm\u00e9nagement a \u00e9t\u00e9 fix\u00e9e le 17\u00a0septembre avec le propri\u00e9taire, celui-ci ne r\u00e9pond plus au t\u00e9l\u00e9phone. \u00ab\u2009\u00c7a nous indiquait que l\u2019appel \u00e9tait annul\u00e9. Il ne r\u00e9pondait pas aux mails non plus. On a trouv\u00e9 \u00e7a bizarre\u2009\u00bb, \u00e9gr\u00e8ne Mathieu. Plong\u00e9 dans l\u2019angoisse, le couple fait des recherches sur internet et d\u00e9couvre qu\u2019ils pourraient avoir \u00e9t\u00e9 victimes d\u2019une arnaque.<\/p>\n<p class=\" wall-content\">D\u00e9sabus\u00e9s, Mathieu et Lara se rendent au commissariat. Mais le coup a \u00e9t\u00e9 si bien mont\u00e9 que m\u00eame le policier a du mal \u00e0 y croire. \u00ab\u2009L\u2019agent nous a conseill\u00e9 de nous rendre sur place, car tout semblait concorder sur les papiers. Nous y sommes all\u00e9s et nous avons d\u00e9couvert qu\u2019une bo\u00eete \u00e0 cl\u00e9 avait \u00e9t\u00e9 install\u00e9e \u00e0 c\u00f4t\u00e9 de la porte. Un autre couple \u00e9tait pr\u00e9sent pour emm\u00e9nager comme nous et une femme Anglo-Saxonne. Elle nous a expliqu\u00e9 que le logement n\u2019\u00e9tait en fait qu\u2019un <a href=\"https:\/\/actu.fr\/ile-de-france\/paris_75056\/une-deliberation-historique-paris-durcit-ses-regles-pour-les-locations-saisonnieres-de-type-airbnb_62026099.html\" rel=\"nofollow noopener\" target=\"_blank\">Airbnb<\/a> qu\u2019ellevenait de louer\u2009\u00bb, soupire Mathieu.<\/p>\n<p>Votre r\u00e9gion, votre actu !<\/p>\n<p>Recevez chaque jour les infos qui comptent pour vous.<\/p>\n<p>\t<a href=\"https:\/\/actu.fr\/newsletter\" class=\"ac-btn ac-btn--corner ac-btn--medium ac-btn--blue800\" rel=\"nofollow noopener\" target=\"_blank\">S&rsquo;incrire<\/a><br \/>\n\u00ab\u2009On est d\u00e9phas\u00e9s\u2009\u00bb<\/p>\n<p class=\" wall-content\">Finalement, le couple d\u00e9pose plainte. Via les r\u00e9seaux sociaux, ils parviennent \u00e0 identifier <strong>neuf autres personnes<\/strong> victimes de cette m\u00eame offre frauduleuse. Le propri\u00e9taire l\u00e9gitime du bien est aussi retrouv\u00e9. Mathieu et Lara sont d\u00e9sormais contraints de revivre dans leur pr\u00e9c\u00e9dent appartement en \u00e9tat d\u2019insalubrit\u00e9. \u00ab\u2009On est d\u00e9phas\u00e9s. Il y a une sorte de culpabilit\u00e9. On se dit qu\u2019on a \u00e9t\u00e9 d\u00e9bile. Mais on se dit aussi que m\u00eame en \u00e9tant vigilant, tout le monde peut tomber dedans\u2009\u00bb, soupire Mathieu.<\/p>\n<p class=\" wall-content\">Cette arnaque du Airbnb travesti en location longue dur\u00e9e a d\u00e9j\u00e0 d\u00e9fray\u00e9 la chronique. En juin dernier, un homme d\u2019une quarantaine d\u2019ann\u00e9es a \u00e9t\u00e9 condamn\u00e9 par le tribunal \u00e0 <strong>quatre ans de prison<\/strong> pour des faits similaires. Il avait fait plus de 60 victimes. \u00c0 la barre, ces derni\u00e8res <a href=\"https:\/\/actu.fr\/ile-de-france\/paris_75056\/paris-par-amour-pour-sa-compagne-le-faux-proprietaire-escroquait-les-etudiants-en-galere-d-appartement_62589171.html\" rel=\"nofollow noopener\" target=\"_blank\">avaient racont\u00e9 leur angoisse et leur col\u00e8re<\/a>.<\/p>\n<p>Quels justificatifs demander au propri\u00e9taire\u2009?<\/p>\n<p class=\" wall-content\">Mais alors, comment pouvoir se pr\u00e9munir de cette escroquerie redoutable. Un moyen s\u00fbr, mais pas si \u00e9vident au vu du rapport de force d\u00e9s\u00e9quilibr\u00e9 entre propri\u00e9taires et locataires \u00e0 Paris\u2009: demander des justificatifs au bailleur. \u00ab\u2009Il ne faut pas h\u00e9siter \u00e0 demander la <strong>matrice cadastrale<\/strong> ou encore le <strong>relev\u00e9 de propri\u00e9t\u00e9<\/strong>. Ces justificatifs sont tr\u00e8s faciles \u00e0 r\u00e9cup\u00e9rer pour le bailleur. En revanche, il vaut mieux \u00e9viter de demander la taxe fonci\u00e8re ou les facteurs d\u2019\u00e9lectricit\u00e9, car elles peuvent se falsifier\u2009\u00bb, nous indique Sophie Morvan, juriste \u00e0 <strong>l\u2019Agence d\u00e9partementale d\u2019informations sur le logement<\/strong> (Adil) \u00e0 Paris.<\/p>\n<p class=\" wall-content\">Pour ce qui est des virements, l\u00e0 aussi, la prudence est de mise malgr\u00e9 la crainte de voir passer sous son nez le logement convoit\u00e9. \u00ab\u2009L\u2019id\u00e9al, c\u2019est de faire le virement en instantan\u00e9 le m\u00eame jour que la remise des cl\u00e9s\u2009\u00bb, pr\u00e9cise Sophie Morvan.<\/p>\n<p class=\" wall-content\">Personnalisez votre actualit\u00e9 en ajoutant vos villes et m\u00e9dias en favori avec <a href=\"https:\/\/moncompte.actu.fr\" title=\"D\u00e9couvez Mon Actu\" rel=\"nofollow noopener\" data-trk=\"{&quot;cta&quot;:{&quot;action&quot;:&quot;https:\\\/\\\/moncompte.actu.fr&quot;,&quot;category&quot;:&quot;mon compte&quot;,&quot;from&quot;:&quot;article footer&quot;,&quot;name&quot;:&quot;Mon actu&quot;,&quot;type&quot;:&quot;cta&quot;}}\" target=\"_blank\">Mon Actu<\/a>.<\/p>\n","protected":false},"excerpt":{"rendered":"Par Antoine Blanchet Publi\u00e9 le 30 sept. 2025 \u00e0 6h08 Une escroquerie bien men\u00e9e dans un march\u00e9 immobilier&hellip;\n","protected":false},"author":2,"featured_media":427821,"comment_status":"","ping_status":"","sticky":false,"template":"","format":"standard","meta":{"footnotes":""},"categories":[1888],"tags":[11,3514,3513,1777,674,118,1011,27,1116,12,626,25],"class_list":{"0":"post-427820","1":"post","2":"type-post","3":"status-publish","4":"format-standard","5":"has-post-thumbnail","7":"category-paris","8":"tag-actualites","9":"tag-arnaque","10":"tag-escroquerie","11":"tag-eu","12":"tag-europe","13":"tag-faits-divers","14":"tag-fr","15":"tag-france","16":"tag-immobilier","17":"tag-news","18":"tag-paris","19":"tag-republique-francaise"},"share_on_mastodon":{"url":"https:\/\/pubeurope.com\/@fr\/115291572357844805","error":""},"_links":{"self":[{"href":"https:\/\/www.europesays.com\/fr\/wp-json\/wp\/v2\/posts\/427820","targetHints":{"allow":["GET"]}}],"collection":[{"href":"https:\/\/www.europesays.com\/fr\/wp-json\/wp\/v2\/posts"}],"about":[{"href":"https:\/\/www.europesays.com\/fr\/wp-json\/wp\/v2\/types\/post"}],"author":[{"embeddable":true,"href":"https:\/\/www.europesays.com\/fr\/wp-json\/wp\/v2\/users\/2"}],"replies":[{"embeddable":true,"href":"https:\/\/www.europesays.com\/fr\/wp-json\/wp\/v2\/comments?post=427820"}],"version-history":[{"count":0,"href":"https:\/\/www.europesays.com\/fr\/wp-json\/wp\/v2\/posts\/427820\/revisions"}],"wp:featuredmedia":[{"embeddable":true,"href":"https:\/\/www.europesays.com\/fr\/wp-json\/wp\/v2\/media\/427821"}],"wp:attachment":[{"href":"https:\/\/www.europesays.com\/fr\/wp-json\/wp\/v2\/media?parent=427820"}],"wp:term":[{"taxonomy":"category","embeddable":true,"href":"https:\/\/www.europesays.com\/fr\/wp-json\/wp\/v2\/categories?post=427820"},{"taxonomy":"post_tag","embeddable":true,"href":"https:\/\/www.europesays.com\/fr\/wp-json\/wp\/v2\/tags?post=427820"}],"curies":[{"name":"wp","href":"https:\/\/api.w.org\/{rel}","templated":true}]}}