{"id":427824,"date":"2025-09-30T05:23:11","date_gmt":"2025-09-30T05:23:11","guid":{"rendered":"https:\/\/www.europesays.com\/fr\/427824\/"},"modified":"2025-09-30T05:23:11","modified_gmt":"2025-09-30T05:23:11","slug":"en-direct-guerre-en-ukraine-volodymyr-zelensky-appelle-les-pays-europeens-a-repondre-ensemble-aux-menaces-russes","status":"publish","type":"post","link":"https:\/\/www.europesays.com\/fr\/427824\/","title":{"rendered":"EN DIRECT &#8211; Guerre en Ukraine : Volodymyr Zelensky appelle les pays europ\u00e9ens \u00e0 r\u00e9pondre \u00ab\u00a0ensemble\u00a0\u00bb aux menaces russes"},"content":{"rendered":"<p>Une famille de quatre personnes a \u00e9t\u00e9 tu\u00e9e dans une frappe de drone russe dans la r\u00e9gion de Soumy, dans le nord de l&rsquo;Ukraine, a indiqu\u00e9 mardi matin le chef de l&rsquo;administration militaire r\u00e9gionale, Oleg Grygorov \u00ab\u00a0Ce soir, l&rsquo;ennemi a cibl\u00e9 un immeuble r\u00e9sidentiel dans le village de Tchernechchyna, dans l&rsquo;agglom\u00e9ration de Krasnopillia, avec un drone d&rsquo;attaque\u00a0\u00bb, a-t-il \u00e9crit sur Telegram.<\/p>\n<p>\u00ab\u00a0Un couple avec deux jeunes enfants vivait dans cette maison. Malheureusement, personne n&rsquo;a r\u00e9ussi \u00e0 s&rsquo;\u00e9chapper\u00a0\u00bb. \u00ab\u00a0Les secouristes ont extrait les corps de quatre personnes d\u00e9c\u00e9d\u00e9es sous les d\u00e9combres &#8211; les parents et leurs fils \u00e2g\u00e9s de 6 et 4 ans\u00a0\u00bb, a-t-il pr\u00e9cis\u00e9.<\/p>\n","protected":false},"excerpt":{"rendered":"Une famille de quatre personnes a \u00e9t\u00e9 tu\u00e9e dans une frappe de drone russe dans la r\u00e9gion de&hellip;\n","protected":false},"author":2,"featured_media":427825,"comment_status":"","ping_status":"","sticky":false,"template":"","format":"standard","meta":{"footnotes":""},"categories":[1591],"tags":[1111,11,1921,5925,1887,28083,1922,12,2543,1885,1886,132,220,1917,50704,133,1920,134],"class_list":{"0":"post-427824","1":"post","2":"type-post","3":"status-publish","4":"format-standard","5":"has-post-thumbnail","7":"category-russie","8":"tag-actu","9":"tag-actualites","10":"tag-article-video","11":"tag-conflits-et-guerre","12":"tag-federation-de-russie","13":"tag-guerre-en-ukraine-une-treve-sera-t-elle-possible","14":"tag-info","15":"tag-news","16":"tag-relations-internationales","17":"tag-russia","18":"tag-russian-federation","19":"tag-russie","20":"tag-ukraine","21":"tag-ukraine-4-annee-de-guerre","22":"tag-ukraine-russie-des-negociations-dans-limpasse","23":"tag-video","24":"tag-video-international","25":"tag-volodymyr-zelensky"},"share_on_mastodon":{"url":"https:\/\/pubeurope.com\/@fr\/115291580238176065","error":""},"_links":{"self":[{"href":"https:\/\/www.europesays.com\/fr\/wp-json\/wp\/v2\/posts\/427824","targetHints":{"allow":["GET"]}}],"collection":[{"href":"https:\/\/www.europesays.com\/fr\/wp-json\/wp\/v2\/posts"}],"about":[{"href":"https:\/\/www.europesays.com\/fr\/wp-json\/wp\/v2\/types\/post"}],"author":[{"embeddable":true,"href":"https:\/\/www.europesays.com\/fr\/wp-json\/wp\/v2\/users\/2"}],"replies":[{"embeddable":true,"href":"https:\/\/www.europesays.com\/fr\/wp-json\/wp\/v2\/comments?post=427824"}],"version-history":[{"count":0,"href":"https:\/\/www.europesays.com\/fr\/wp-json\/wp\/v2\/posts\/427824\/revisions"}],"wp:featuredmedia":[{"embeddable":true,"href":"https:\/\/www.europesays.com\/fr\/wp-json\/wp\/v2\/media\/427825"}],"wp:attachment":[{"href":"https:\/\/www.europesays.com\/fr\/wp-json\/wp\/v2\/media?parent=427824"}],"wp:term":[{"taxonomy":"category","embeddable":true,"href":"https:\/\/www.europesays.com\/fr\/wp-json\/wp\/v2\/categories?post=427824"},{"taxonomy":"post_tag","embeddable":true,"href":"https:\/\/www.europesays.com\/fr\/wp-json\/wp\/v2\/tags?post=427824"}],"curies":[{"name":"wp","href":"https:\/\/api.w.org\/{rel}","templated":true}]}}