{"id":427826,"date":"2025-09-30T05:24:10","date_gmt":"2025-09-30T05:24:10","guid":{"rendered":"https:\/\/www.europesays.com\/fr\/427826\/"},"modified":"2025-09-30T05:24:10","modified_gmt":"2025-09-30T05:24:10","slug":"une-famille-de-4-personnes-tuee-dans-une-frappe-russe-a-soumy","status":"publish","type":"post","link":"https:\/\/www.europesays.com\/fr\/427826\/","title":{"rendered":"une famille de 4 personnes tu\u00e9e dans une frappe russe \u00e0 Soumy"},"content":{"rendered":"<p>Une famille de quatre personnes<a href=\"https:\/\/www.laprovence.com\/article\/france-monde\/34413056324699\/guerre-en-ukraine-une-femme-et-son-petit-fils-tues-dans-un-feu-provoque-par-une-attaque-de-drones-en-russie\" target=\"_blank\" rel=\"noopener\"> a \u00e9t\u00e9 tu\u00e9e<\/a> dans une frappe de drone russe dans la r\u00e9gion de Soumy, <a href=\"https:\/\/www.laprovence.com\/dossiers\/126189\/guerre-en-ukraine\" target=\"_blank\" rel=\"noopener\">dans le nord de l&rsquo;Ukraine<\/a>, a indiqu\u00e9 ce mardi 29 septembre matin le chef de l&rsquo;administration militaire r\u00e9gionale, Oleg Grygorov.<\/p>\n<p>\u00ab\u00a0Ce soir, l&rsquo;ennemi a cibl\u00e9 un immeuble r\u00e9sidentiel dans le village de Tchernechchyna, dans l&rsquo;agglom\u00e9ration de Krasnopillia, avec un drone d&rsquo;attaque\u00a0\u00bb, a-t-il \u00e9crit sur Telegram.<\/p>\n<p>\u00ab\u00a0Un couple avec deux jeunes enfants vivait dans cette maison. Malheureusement, personne n&rsquo;a r\u00e9ussi \u00e0 s&rsquo;\u00e9chapper\u00a0\u00bb.<\/p>\n<p>\u00ab\u00a0Les secouristes ont extrait les corps de quatre personnes d\u00e9c\u00e9d\u00e9es sous les d\u00e9combres &#8211; les parents et leurs fils \u00e2g\u00e9s de 6 et 4 ans\u00a0\u00bb, a-t-il pr\u00e9cis\u00e9.<\/p>\n<p>Dans la nuit de samedi \u00e0 dimanche, une vaste attaque de centaines de drones et missiles russes contre l&rsquo;Ukraine a fait au moins quatre morts \u00e0 Kiev, parmi lesquels une fillette de 12 ans, et des dizaines de bless\u00e9s \u00e0 travers le pays.<\/p>\n<p>La Russie avait lanc\u00e9 une offensive dans la r\u00e9gion de Soumy apr\u00e8s avoir fini en avril de repousser les forces ukrainiennes de la r\u00e9gion russe de Koursk, dont elles occupaient une petite partie depuis l&rsquo;\u00e9t\u00e9 2024.<\/p>\n<p>L&rsquo;essentiel des combats se d\u00e9roule cependant dans l&rsquo;est du pays, o\u00f9 l&rsquo;arm\u00e9e russe, qui a lanc\u00e9 en 2022 une offensive d&rsquo;ampleur contre l&rsquo;Ukraine, a acc\u00e9l\u00e9r\u00e9 sa progression ces derniers mois face \u00e0 un adversaire moins nombreux et moins bien \u00e9quip\u00e9.<\/p>\n<p>Les forces du Kremlin occupent au total environ 20% du territoire ukrainiens.<\/p>\n<p>Apr\u00e8s trois ans et demi d&rsquo;invasion lanc\u00e9e par la Russie, les efforts diplomatiques engag\u00e9s par le pr\u00e9sident am\u00e9ricain Donald Trump pour mettre fin aux combats sont au point mort.<\/p>\n","protected":false},"excerpt":{"rendered":"Une famille de quatre personnes a \u00e9t\u00e9 tu\u00e9e dans une frappe de drone russe dans la r\u00e9gion de&hellip;\n","protected":false},"author":2,"featured_media":427827,"comment_status":"","ping_status":"","sticky":false,"template":"","format":"standard","meta":{"footnotes":""},"categories":[1590],"tags":[17,11,1446,1777,674,652,329,12,3744,15606,220,96],"class_list":{"0":"post-427826","1":"post","2":"type-post","3":"status-publish","4":"format-standard","5":"has-post-thumbnail","7":"category-ukraine","8":"tag-17","9":"tag-actualites","10":"tag-dans","11":"tag-eu","12":"tag-europe","13":"tag-famille","14":"tag-france-monde","15":"tag-news","16":"tag-personnes","17":"tag-tuee","18":"tag-ukraine","19":"tag-une"},"share_on_mastodon":{"url":"https:\/\/pubeurope.com\/@fr\/115291584695396049","error":""},"_links":{"self":[{"href":"https:\/\/www.europesays.com\/fr\/wp-json\/wp\/v2\/posts\/427826","targetHints":{"allow":["GET"]}}],"collection":[{"href":"https:\/\/www.europesays.com\/fr\/wp-json\/wp\/v2\/posts"}],"about":[{"href":"https:\/\/www.europesays.com\/fr\/wp-json\/wp\/v2\/types\/post"}],"author":[{"embeddable":true,"href":"https:\/\/www.europesays.com\/fr\/wp-json\/wp\/v2\/users\/2"}],"replies":[{"embeddable":true,"href":"https:\/\/www.europesays.com\/fr\/wp-json\/wp\/v2\/comments?post=427826"}],"version-history":[{"count":0,"href":"https:\/\/www.europesays.com\/fr\/wp-json\/wp\/v2\/posts\/427826\/revisions"}],"wp:featuredmedia":[{"embeddable":true,"href":"https:\/\/www.europesays.com\/fr\/wp-json\/wp\/v2\/media\/427827"}],"wp:attachment":[{"href":"https:\/\/www.europesays.com\/fr\/wp-json\/wp\/v2\/media?parent=427826"}],"wp:term":[{"taxonomy":"category","embeddable":true,"href":"https:\/\/www.europesays.com\/fr\/wp-json\/wp\/v2\/categories?post=427826"},{"taxonomy":"post_tag","embeddable":true,"href":"https:\/\/www.europesays.com\/fr\/wp-json\/wp\/v2\/tags?post=427826"}],"curies":[{"name":"wp","href":"https:\/\/api.w.org\/{rel}","templated":true}]}}