{"id":427834,"date":"2025-09-30T05:28:11","date_gmt":"2025-09-30T05:28:11","guid":{"rendered":"https:\/\/www.europesays.com\/fr\/427834\/"},"modified":"2025-09-30T05:28:11","modified_gmt":"2025-09-30T05:28:11","slug":"on-ne-se-demande-plus-si-un-championnat-nba-en-europe-avec-le-psg-cest-pour-demain","status":"publish","type":"post","link":"https:\/\/www.europesays.com\/fr\/427834\/","title":{"rendered":"\u00ab\u00a0On ne se demande plus si\u2026\u00a0\u00bb\u00a0: un championnat NBA en Europe avec le PSG, c\u2019est pour demain"},"content":{"rendered":"<p class=\"paragraph text_align_left lp-f-body-02\">Adam Silver, le tout-puissant commissioner (pr\u00e9sident) de la NBA, a pass\u00e9 une partie de son \u00e9t\u00e9 en Europe, mais pas pour des vacances. Fin juillet, avant un d\u00eener pr\u00e9vu avec Emmanuel Macron finalement d\u00e9cal\u00e9, le patron de la multimilliardaire ligue nord-am\u00e9ricaine de <a href=\"https:\/\/www.leparisien.fr\/sports\/basket\/\" target=\"_blank\" rel=\"noreferrer nofollow noopener\">basket<\/a> a rencontr\u00e9, \u00e0 Paris, Nasser al-Khela\u00effi, le boss du <a href=\"https:\/\/www.leparisien.fr\/sports\/football\/psg\/\" target=\"_blank\" rel=\"noreferrer nofollow noopener\">PSG<\/a>, avec qui les \u00e9changes sont <a href=\"https:\/\/www.leparisien.fr\/sports\/basket\/basket-une-equipe-du-psg-en-nba-ce-nest-plus-une-illusion-02-04-2025-WZEP45TUCRDHXHWG2QUARE4TWI.php\" target=\"_blank\" rel=\"noreferrer nofollow noopener\">\u00ab fr\u00e9quents et r\u00e9guliers \u00bb,<\/a> et la direction du Real Madrid.<\/p>\n<p class=\"paragraph text_align_left lp-f-body-02\">Il a poursuivi ses discussions dans les plus grandes capitales avec les principaux d\u00e9cideurs du sport europ\u00e9en et des chefs d\u2019\u00c9tat. \u00ab Le basket est le sport qui conna\u00eet la croissance la plus rapide dans le monde. Il occupe la deuxi\u00e8me place en Europe derri\u00e8re le <a href=\"https:\/\/www.leparisien.fr\/sports\/football\/\" target=\"_blank\" rel=\"noreferrer nofollow noopener\">football.<\/a> Je pense donc qu\u2019il existe une v\u00e9ritable opportunit\u00e9 \u00bb, a-t-il indiqu\u00e9 en conf\u00e9rence de presse la semaine derni\u00e8re.<\/p>\n","protected":false},"excerpt":{"rendered":"Adam Silver, le tout-puissant commissioner (pr\u00e9sident) de la NBA, a pass\u00e9 une partie de son \u00e9t\u00e9 en Europe,&hellip;\n","protected":false},"author":2,"featured_media":427835,"comment_status":"","ping_status":"","sticky":false,"template":"","format":"standard","meta":{"footnotes":""},"categories":[1586],"tags":[11,1465,1777,674,1011,27,12,25,60],"class_list":{"0":"post-427834","1":"post","2":"type-post","3":"status-publish","4":"format-standard","5":"has-post-thumbnail","7":"category-europe","8":"tag-actualites","9":"tag-basket","10":"tag-eu","11":"tag-europe","12":"tag-fr","13":"tag-france","14":"tag-news","15":"tag-republique-francaise","16":"tag-sports"},"share_on_mastodon":{"url":"https:\/\/pubeurope.com\/@fr\/115291599931508404","error":""},"_links":{"self":[{"href":"https:\/\/www.europesays.com\/fr\/wp-json\/wp\/v2\/posts\/427834","targetHints":{"allow":["GET"]}}],"collection":[{"href":"https:\/\/www.europesays.com\/fr\/wp-json\/wp\/v2\/posts"}],"about":[{"href":"https:\/\/www.europesays.com\/fr\/wp-json\/wp\/v2\/types\/post"}],"author":[{"embeddable":true,"href":"https:\/\/www.europesays.com\/fr\/wp-json\/wp\/v2\/users\/2"}],"replies":[{"embeddable":true,"href":"https:\/\/www.europesays.com\/fr\/wp-json\/wp\/v2\/comments?post=427834"}],"version-history":[{"count":0,"href":"https:\/\/www.europesays.com\/fr\/wp-json\/wp\/v2\/posts\/427834\/revisions"}],"wp:featuredmedia":[{"embeddable":true,"href":"https:\/\/www.europesays.com\/fr\/wp-json\/wp\/v2\/media\/427835"}],"wp:attachment":[{"href":"https:\/\/www.europesays.com\/fr\/wp-json\/wp\/v2\/media?parent=427834"}],"wp:term":[{"taxonomy":"category","embeddable":true,"href":"https:\/\/www.europesays.com\/fr\/wp-json\/wp\/v2\/categories?post=427834"},{"taxonomy":"post_tag","embeddable":true,"href":"https:\/\/www.europesays.com\/fr\/wp-json\/wp\/v2\/tags?post=427834"}],"curies":[{"name":"wp","href":"https:\/\/api.w.org\/{rel}","templated":true}]}}