{"id":427836,"date":"2025-09-30T05:29:10","date_gmt":"2025-09-30T05:29:10","guid":{"rendered":"https:\/\/www.europesays.com\/fr\/427836\/"},"modified":"2025-09-30T05:29:10","modified_gmt":"2025-09-30T05:29:10","slug":"agriculture-comment-la-pac-finance-lexploitation-des-travailleurs-dans-lunion-europeenne","status":"publish","type":"post","link":"https:\/\/www.europesays.com\/fr\/427836\/","title":{"rendered":"Agriculture\u00a0: comment la PAC finance l\u2019exploitation des travailleurs dans l\u2019Union europ\u00e9enne"},"content":{"rendered":"<p>Il est rare qu\u2019un politicien admette que les mesures qu\u2019il a fait voter n\u2019ont pas eu l\u2019effet escompt\u00e9, mais Maria Noichl fait partie de cette cat\u00e9gorie. \u00ab\u00a0Je ne suis pas vraiment fi\u00e8re de ce que nous avons accompli\u00a0\u00bb, regrette l\u2019eurod\u00e9put\u00e9e allemande. \u00ab\u00a0Si quelqu\u2019un se comporte comme un porc avec ses employ\u00e9s, il ne devrait pas recevoir d\u2019aides publiques. Cet argent n\u2019appartient pas aux agriculteurs, mais aux contribuables\u00a0\u00bb, d\u00e9nonce l\u2019\u00e9lue SPD, membre de la commission Agriculture du Parlement europ\u00e9en.<\/p>\n<p>En 2021, la conditionnalit\u00e9 sociale des aides \u00e0 la PAC qu\u2019elle avait port\u00e9e et fait adopter au bout d\u2019une longue bataille l\u00e9gislative a permis \u00e0 l\u2019Union europ\u00e9enne de se doter d\u2019une mesure pr\u00e9sent\u00e9e comme r\u00e9volutionnaire.<\/p>\n<p>Pour la premi\u00e8re fois dans l\u2019histoire de la politique agricole commune, les aides sont conditionn\u00e9es au respect du droit du travail. La Commission europ\u00e9enne vante \u00ab\u00a0une \u00e9tape historique dans la d\u00e9fense des droits des travailleurs agricoles\u00a0\u00bb, tandis que l\u2019EFFAT, la f\u00e9d\u00e9ration europ\u00e9enne des syndicats, salue \u00ab\u00a0une grande victoire syndicale\u00a0\u00bb&#8230;.<\/p>\n","protected":false},"excerpt":{"rendered":"Il est rare qu\u2019un politicien admette que les mesures qu\u2019il a fait voter n\u2019ont pas eu l\u2019effet escompt\u00e9,&hellip;\n","protected":false},"author":2,"featured_media":427837,"comment_status":"","ping_status":"","sticky":false,"template":"","format":"standard","meta":{"footnotes":""},"categories":[1586],"tags":[11,327,51983,1777,674,1779,1011,27,12,55676,25,55677,1778,364,2475],"class_list":{"0":"post-427836","1":"post","2":"type-post","3":"status-publish","4":"format-standard","5":"has-post-thumbnail","7":"category-europe","8":"tag-actualites","9":"tag-agriculture","10":"tag-esclavage-moderne","11":"tag-eu","12":"tag-europe","13":"tag-european-union","14":"tag-fr","15":"tag-france","16":"tag-news","17":"tag-politique-agricole-commune","18":"tag-republique-francaise","19":"tag-traite-du00eatres-humains","20":"tag-ue","21":"tag-union-europeenne","22":"tag-union-europu00e9enne"},"share_on_mastodon":{"url":"https:\/\/pubeurope.com\/@fr\/115291603787315910","error":""},"_links":{"self":[{"href":"https:\/\/www.europesays.com\/fr\/wp-json\/wp\/v2\/posts\/427836","targetHints":{"allow":["GET"]}}],"collection":[{"href":"https:\/\/www.europesays.com\/fr\/wp-json\/wp\/v2\/posts"}],"about":[{"href":"https:\/\/www.europesays.com\/fr\/wp-json\/wp\/v2\/types\/post"}],"author":[{"embeddable":true,"href":"https:\/\/www.europesays.com\/fr\/wp-json\/wp\/v2\/users\/2"}],"replies":[{"embeddable":true,"href":"https:\/\/www.europesays.com\/fr\/wp-json\/wp\/v2\/comments?post=427836"}],"version-history":[{"count":0,"href":"https:\/\/www.europesays.com\/fr\/wp-json\/wp\/v2\/posts\/427836\/revisions"}],"wp:featuredmedia":[{"embeddable":true,"href":"https:\/\/www.europesays.com\/fr\/wp-json\/wp\/v2\/media\/427837"}],"wp:attachment":[{"href":"https:\/\/www.europesays.com\/fr\/wp-json\/wp\/v2\/media?parent=427836"}],"wp:term":[{"taxonomy":"category","embeddable":true,"href":"https:\/\/www.europesays.com\/fr\/wp-json\/wp\/v2\/categories?post=427836"},{"taxonomy":"post_tag","embeddable":true,"href":"https:\/\/www.europesays.com\/fr\/wp-json\/wp\/v2\/tags?post=427836"}],"curies":[{"name":"wp","href":"https:\/\/api.w.org\/{rel}","templated":true}]}}