{"id":427839,"date":"2025-09-30T05:32:12","date_gmt":"2025-09-30T05:32:12","guid":{"rendered":"https:\/\/www.europesays.com\/fr\/427839\/"},"modified":"2025-09-30T05:32:12","modified_gmt":"2025-09-30T05:32:12","slug":"meme-si-cest-sur-des-roues-cest-du-foot","status":"publish","type":"post","link":"https:\/\/www.europesays.com\/fr\/427839\/","title":{"rendered":"\u00ab\u00a0M\u00eame si c\u2019est sur des roues\u2026 C\u2019est du foot\u00a0!\u00a0\u00bb"},"content":{"rendered":"<p>        <img decoding=\"async\" loading=\"lazy\" src=\"https:\/\/www.europesays.com\/fr\/wp-content\/uploads\/2025\/09\/98ed4e1_upload-1-no59xchergrz-g1n1tutw8aacyol.jfif.jpeg\"  width=\"728\" height=\"410\" alt=\"L\u2019\u00e9quipe de France de foot-fauteuil a \u00e9t\u00e9 sacr\u00e9e championne d\u2019Europe.\"\/>  <\/p>\n<p>Commission foot-fauteuil<\/p>\n<p>L\u2019\u00e9quipe de France de foot-fauteuil a \u00e9t\u00e9 sacr\u00e9e championne d\u2019Europe.<\/p>\n<p class=\"asset asset-text\">FOOTBALL &#8211; <a href=\"https:\/\/www.huffingtonpost.fr\/sport\/article\/equipe-de-france-didier-deschamps-repond-au-courrier-sale-du-psg-apres-les-blessures-de-dembele-et-doue_254564.html\" target=\"_blank\" rel=\"noopener\">L\u2019\u00e9quipe de France<\/a> de foot-fauteuil \u00e9lectrique a \u00e9crit une nouvelle page de sa belle histoire en d\u00e9crochant son second titre de champion d\u2019Europe, il y a quelques jours en Italie. D\u00e9j\u00e0 double championne du monde en titre, l\u2019\u00e9quipe du team manager Aur\u00e9lien Vandenbergue assure sa domination sur ce sport m\u00e9connu. Qu\u2019il nous explique avec son joueur Jonathan D\u00e9trier, lequel a v\u00e9cu sa premi\u00e8re comp\u00e9tition internationale \u00e0 28\u00a0ans.<\/p>\n<p class=\"asset asset-text\">Ancien joueur de foot-fauteuil, Aur\u00e9lien Vandenbergue a int\u00e9gr\u00e9 le staff de l\u2019EDF de foot-fauteuil en 2018 en tant que manager. Avant d\u2019endosser en plus le poste de responsable de la commission, deux ans plus tard. En association avec le s\u00e9lectionneur David Verg\u00e9, Aur\u00e9lien organise les stages de pr\u00e9paration et les d\u00e9placements en comp\u00e9tition. Afin de mettre les joueurs, comme Jonathan Detrier par exemple, dans les meilleures conditions. Pass\u00e9 par N\u00eemes en 4e division qu\u2019il a mont\u00e9 jusqu\u2019en 2e division, lui fait du foot-fauteuil depuis 20\u00a0ans. Apr\u00e8s quelques ann\u00e9es \u00e0 Toulouse et une petite \u00e0 Montpellier, le N\u00eemois finit par rejoindre les rangs de Saint-\u00c9tienne alors que le club vient d\u2019\u00eatre promu en division 1.<\/p>\n<p class=\"asset asset-text\"><strong>Aur\u00e9lien Vandenbergue\u00a0:<\/strong> Le foot fauteuil est une discipline mixte qui est d\u00e9di\u00e9e aux personnes pr\u00e9sentant un handicap moteur lourd, il se pratique en fauteuil roulant \u00e9lectrique \u00e9quip\u00e9 d\u2019un pare-chocs \u00e0 l\u2019avant permettant de conduire et de frapper dans un ballon de 33\u00a0cm de diam\u00e8tre (une fois et demie plus gros qu\u2019un ballon de foot taille 5). Il se joue \u00e0 quatre contre quatre sur la dimension d\u2019un terrain de basket pour une dur\u00e9e de deux fois 20 minutes, l\u2019objectif \u00e9tant de marquer un but de plus que son adversaire pour gagner.<\/p>\n<p> La lecture de ce contenu est susceptible d\u2019entra\u00eener un d\u00e9p\u00f4t de cookies de la part de l\u2019op\u00e9rateur tiers qui l\u2019h\u00e9berge. Compte-tenu des choix que vous avez exprim\u00e9s en mati\u00e8re de d\u00e9p\u00f4t de cookies, nous avons bloqu\u00e9 l\u2019affichage de ce contenu. Si vous souhaitez y acc\u00e9der, vous devez accepter la cat\u00e9gorie de cookies \u201cContenus tiers\u201d en cliquant sur le bouton ci-dessous. <\/p>\n<p> Lire la Vid\u00e9o        La France, un vivier de joueurs    <\/p>\n<p class=\"asset asset-text\"><strong>Aur\u00e9lien Vandenbergue\u00a0:<\/strong> Nous avons quatre divisions en France, ce qui repr\u00e9sente une bonne cinquantaine d\u2019\u00e9quipes. Une saison se d\u00e9roule g\u00e9n\u00e9ralement d\u2019octobre ou novembre \u00e0 fin juin avec des week-ends \u00ab\u00a0plateau\u00a0\u00bb, c\u2019est-\u00e0-dire que plusieurs matchs de championnat se d\u00e9roulent sur le m\u00eame lieu. Avoir autant d\u2019\u00e9quipes, c\u2019est une chance. C\u2019est l\u2019\u0153uvre de l\u2019ensemble des b\u00e9n\u00e9voles qui s\u2019investissent, qui forment et qui d\u00e9veloppent les joueurs. Gr\u00e2ce \u00e0 eux, le championnat de France de D1 est tr\u00e8s comp\u00e9titif.<\/p>\n<p class=\"asset asset-text\"><strong>Jonathan Detrier\u00a0:<\/strong> Quand les co\u00e9quipiers sont jeunes, il y a quand m\u00eame un r\u00f4le de mentor. Quand j\u2019avais 6 ou 7\u00a0ans, je jouais avec des adultes de 19\u00a0ans et ils m\u2019ont appris le sport comme leurs techniques. \u00c7a se transmet beaucoup comme \u00e7a, c\u2019est \u00e7a qui est chouette. On est quasiment 1000 licenci\u00e9s en France, et il faut compter sur les anciens pour pouvoir transmettre. Malheureusement, ce n\u2019est pas professionnel. Moi, je suis chanceux\u00a0: mon club appartient \u00e0 une structure professionnelle, ils peuvent me loger parce que j\u2019habite toujours \u00e0 Toulouse et j\u2019ai fait le d\u00e9placement pour venir jouer \u00e0 Saint-\u00c9tienne. Ils me logent et me nourrissent au centre de formation, ils paient mes d\u00e9placements. L\u2019ASSE fait beaucoup pour le foot-fauteuil, contrairement aux autres clubs professionnels qui n\u2019ont aucun int\u00e9r\u00eat l\u00e0-dedans. On n\u2019est pas pay\u00e9, mais \u00e7a \u00e9volue petit \u00e0 petit et c\u2019est d\u00e9j\u00e0 pas mal.<\/p>\n<p>    Et le foot-fauteuil \u00e0 l\u2019\u00e9chelle internationale\u00a0?    <\/p>\n<p class=\"asset asset-text\"><strong>Aur\u00e9lien Vandenbergue\u00a0:<\/strong> Au niveau international, il y a des comp\u00e9titions \u00e0 destination des clubs comme la Ligue des champions ou encore le championnat du monde des clubs. La premi\u00e8re \u00e9dition a eu lieu \u00e0 Bobigny en juin dernier, et nos deux repr\u00e9sentants fran\u00e7ais se sont retrouv\u00e9s en finale (Ch\u00e2tenay-Malabry et Villeneuve-d\u2019Ascq). Cela d\u00e9montre la qualit\u00e9 de nos \u00e9quipes, et de nos championnats. Pour les nations, on retrouve des comp\u00e9titions comme la Coupe du monde et le championnat d\u2019Europe qui se jouent tous les 4\u00a0ans.<\/p>\n<p class=\"asset asset-text\"><strong>Jonathan Detrier\u00a0:<\/strong> Je n\u2019ai jamais particip\u00e9 \u00e0 la Ligue des champions parce qu\u2019en France, seuls les deux premiers peuvent y participer\u00a0: Ch\u00e2tenay-Malabry et Grafteaux (Villeneuve-d\u2019Ascq), cette ann\u00e9e. Ils sont, comme souvent, les deux meilleurs du championnat pour l\u2019instant. Cette ann\u00e9e a eu lieu le premier Mondial des clubs en r\u00e9gion parisienne, et c\u2019\u00e9taient eux l\u2019affiche de la finale, \u00e7a montre qu\u2019on sait jouer au foot en France. En premi\u00e8re division, on a fini huiti\u00e8mes sur dix. Il y a deux ans, on a termin\u00e9 cinqui\u00e8mes et la saison derni\u00e8re quatri\u00e8mes. On esp\u00e8re faire encore mieux avec l\u2019objectif d\u2019accrocher le top 3, top 2 voire top 1.<\/p>\n<p>    Le championnat d\u2019Europe 2025, la razzia fran\u00e7aise    <\/p>\n<p class=\"asset asset-text\">31 buts marqu\u00e9s, 1 seul encaiss\u00e9 et des victoires de prestige comme le 10-0 inflig\u00e9 \u00e0 l\u2019Allemagne ou le 7-0 claqu\u00e9 \u00e0 l\u2019Espagne\u00a0: l\u2019\u00e9quipe de France a tr\u00e8s vite fait de ce Mondial une simple formalit\u00e9.<\/p>\n<p> La lecture de ce contenu est susceptible d\u2019entra\u00eener un d\u00e9p\u00f4t de cookies de la part de l\u2019op\u00e9rateur tiers qui l\u2019h\u00e9berge. Compte-tenu des choix que vous avez exprim\u00e9s en mati\u00e8re de d\u00e9p\u00f4t de cookies, nous avons bloqu\u00e9 l\u2019affichage de ce contenu. Si vous souhaitez y acc\u00e9der, vous devez accepter la cat\u00e9gorie de cookies \u201cContenus tiers\u201d en cliquant sur le bouton ci-dessous. <\/p>\n<p> Lire la Vid\u00e9o              <\/p>\n","protected":false},"excerpt":{"rendered":"Commission foot-fauteuil L\u2019\u00e9quipe de France de foot-fauteuil a \u00e9t\u00e9 sacr\u00e9e championne d\u2019Europe. FOOTBALL &#8211; L\u2019\u00e9quipe de France de&hellip;\n","protected":false},"author":2,"featured_media":427840,"comment_status":"","ping_status":"","sticky":false,"template":"","format":"standard","meta":{"footnotes":""},"categories":[4],"tags":[11,63,1011,27,1943,28367,12,25,35302,517],"class_list":{"0":"post-427839","1":"post","2":"type-post","3":"status-publish","4":"format-standard","5":"has-post-thumbnail","7":"category-france","8":"tag-actualites","9":"tag-football","10":"tag-fr","11":"tag-france","12":"tag-handicap","13":"tag-jeux-paralympiques","14":"tag-news","15":"tag-republique-francaise","16":"tag-so-foot","17":"tag-sport"},"share_on_mastodon":{"url":"https:\/\/pubeurope.com\/@fr\/115291616200510524","error":""},"_links":{"self":[{"href":"https:\/\/www.europesays.com\/fr\/wp-json\/wp\/v2\/posts\/427839","targetHints":{"allow":["GET"]}}],"collection":[{"href":"https:\/\/www.europesays.com\/fr\/wp-json\/wp\/v2\/posts"}],"about":[{"href":"https:\/\/www.europesays.com\/fr\/wp-json\/wp\/v2\/types\/post"}],"author":[{"embeddable":true,"href":"https:\/\/www.europesays.com\/fr\/wp-json\/wp\/v2\/users\/2"}],"replies":[{"embeddable":true,"href":"https:\/\/www.europesays.com\/fr\/wp-json\/wp\/v2\/comments?post=427839"}],"version-history":[{"count":0,"href":"https:\/\/www.europesays.com\/fr\/wp-json\/wp\/v2\/posts\/427839\/revisions"}],"wp:featuredmedia":[{"embeddable":true,"href":"https:\/\/www.europesays.com\/fr\/wp-json\/wp\/v2\/media\/427840"}],"wp:attachment":[{"href":"https:\/\/www.europesays.com\/fr\/wp-json\/wp\/v2\/media?parent=427839"}],"wp:term":[{"taxonomy":"category","embeddable":true,"href":"https:\/\/www.europesays.com\/fr\/wp-json\/wp\/v2\/categories?post=427839"},{"taxonomy":"post_tag","embeddable":true,"href":"https:\/\/www.europesays.com\/fr\/wp-json\/wp\/v2\/tags?post=427839"}],"curies":[{"name":"wp","href":"https:\/\/api.w.org\/{rel}","templated":true}]}}