{"id":427847,"date":"2025-09-30T05:37:44","date_gmt":"2025-09-30T05:37:44","guid":{"rendered":"https:\/\/www.europesays.com\/fr\/427847\/"},"modified":"2025-09-30T05:37:44","modified_gmt":"2025-09-30T05:37:44","slug":"basket-jean-pierre-hunckler-est-le-nouveau-president-de-la-federation","status":"publish","type":"post","link":"https:\/\/www.europesays.com\/fr\/427847\/","title":{"rendered":"BASKET : Jean-Pierre Hunckler est le nouveau Pr\u00e9sident de la F\u00e9d\u00e9ration"},"content":{"rendered":"<p><img decoding=\"async\" class=\"newsFullImg  \" src=\"https:\/\/www.europesays.com\/fr\/wp-content\/uploads\/2025\/09\/83918_1_full.jpg\"\/><\/p>\n<p>Il succ\u00e8s \u00e0 Jean-Pierre Suitat<\/p>\n<p>A l\u2019issue de l\u2019Assembl\u00e9e G\u00e9n\u00e9rale \u00c9lective qui s\u2019est d\u00e9roul\u00e9e ce samedi 14 d\u00e9cembre \u00e0 Paris, Monsieur Jean-Pierre HUNCKLER a \u00e9t\u00e9 \u00e9lu \u00e0 la pr\u00e9sidence de la F\u00e9d\u00e9ration Fran\u00e7aise de BasketBall (FFBB) pour un mandat de quatre ans. Il devient le 14e pr\u00e9sident de la FFBB et succ\u00e8de \u00e0 Jean-Pierre Siutat.<br \/>Les repr\u00e9sentants des Clubs, des Comit\u00e9s D\u00e9partementaux, des Ligues R\u00e9gionales, et les licenci\u00e9(e)s individuel(le)s ont \u00e9lu ce jour les 36 membres du nouveau Comit\u00e9 Directeur. 4 membres des diff\u00e9rents coll\u00e8ges (2 athl\u00e8tes de Haut Niveau, 1 technicien et 1 arbitre) avaient \u00e9t\u00e9 \u00e9lus pr\u00e9alablement.<br \/>D\u00e9sign\u00e9 par le Comit\u00e9 Directeur et propos\u00e9 au vote de l\u2019Assembl\u00e9e G\u00e9n\u00e9rale, Jean-Pierre Hunckler a \u00e9t\u00e9 \u00e9lu \u00e0 la majorit\u00e9 absolue, Pr\u00e9sident de la FFBB, avec 95,41% des voix des suffrages valablement exprim\u00e9s (hors votes blancs).Les 40 membres du nouveau Comit\u00e9 Directeur de la FFBB 2024-2028 :Val\u00e9rie ALLIO, Fran\u00e7oise AMIAUD, Christian AUGER, Thierry BALESTRIERE, Pierre-Yves BICHON, Thierry BILICHTIN, Corentin CARNE (athl\u00e8te de Haut Niveau), Elizabeth COESTIER DASSONVILLE, Rolande DARNAL, Marie DELACOTE (arbitre), Pierre DEPETRIS, Brigitte DESBOIS, Oumar DIA, Thierry DUDIT, Agn\u00e8s FAUCHARD, Magali FERRIER, Anne-Christel FOGLIANI, Carole FORCE, Eric GROLLEAU, H\u00e9l\u00e8ne HELOISE MENNUTI, Jean-Pierre HUNCKLER, St\u00e9phane KROEMER, Alban LE BIGOT (technicien), Bernard LEBOT (m\u00e9decin), Micka\u00ebl LEBRETON, Perrine LE LEUCH (athl\u00e8te de Haut Niveau), Anne LUCIANI, Nathalie MOREAU, Loetitia MOUSSARD LOUBENS, Emmeline NDONGUE, G\u00e9rald NIVELON, Arnaud PETITBOULANGER, St\u00e9phanie PIOGER, Fr\u00e9d\u00e9rique PRUD\u2019HOMME, Christina RIOUX, Alain SALMON, Guillaume SCHEER, Nicolas SORIN, Luc VALETTE, Claudine ZENTAR.<\/p>\n<p>Le premier Comit\u00e9 Directeur de la FFBB se r\u00e9unira au si\u00e8ge de la FFBB les 10 et 11 janvier 2025.<\/p>\n<p>\u00a0Jean-Pierre HUNCKLER : \u00ab\u00a0Je tiens avant tout \u00e0 remercier l&rsquo;ensemble des votants ayant pris part \u00e0 cette Assembl\u00e9e G\u00e9n\u00e9rale Elective, ainsi que tous ceux qui m\u2019ont fait confiance en m\u2019\u00e9lisant \u00e0 ce poste.<br \/>La nouvelle loi sur le sport et la gouvernance des F\u00e9d\u00e9rations a profond\u00e9ment modifi\u00e9 l&rsquo;organisation des Assembl\u00e9es G\u00e9n\u00e9rales et renforc\u00e9 le fonctionnement d\u00e9mocratique de nos instances. Avec le vote direct des associations sportives et les \u00e9lections de membres repr\u00e9sentant les coll\u00e8ges des arbitres, des entraineurs et des athl\u00e8tes de haut-niveau, ce sont toutes les composantes de la grande famille du basket fran\u00e7ais qui ont pu faire entendre leur voix. C\u2019est donc un immense honneur que de devenir aujourd&rsquo;hui le nouveau Pr\u00e9sident de la FFBB gr\u00e2ce \u00e0 leurs suffrages et de d\u00e9buter un mandat de quatre ans au cours duquel je m&rsquo;appuierai sur un nouveau Comit\u00e9 Directeur \u00e9lu.<br \/>Je succ\u00e8de \u00e0 Jean-Pierre Siutat que je souhaite f\u00e9liciter pour l&rsquo;immense travail accompli durant ses trois mandats. Il a su d\u00e9velopper la F\u00e9d\u00e9ration, renforcer son expertise, son image et donner une impulsion forte au basketball fran\u00e7ais. J&rsquo;ai eu la chance de l&rsquo;accompagner pendant de longues ann\u00e9es et de constater \u00e0 quel point il aura consacr\u00e9 toute son \u00e9nergie \u00e0 la FFBB et au basketball. Qu\u2019il en soit grandement remerci\u00e9.<br \/>Gr\u00e2ce \u00e0 son action d\u00e9but\u00e9e en 2010, il laisse derri\u00e8re lui une F\u00e9d\u00e9ration plus grande et plus forte. Il nous appartient d\u00e9sormais de poursuivre le travail tout en proposant un projet clair et ambitieux.<br \/>Mon plan d\u2019actions se d\u00e9clinera en cinq axes que je partagerai dans les prochaines semaines et prochains mois avec nos ligues, comit\u00e9s et clubs. Il s&rsquo;articule autour d&rsquo;une vision claire pour notre sport : faciliter l\u2019acc\u00e8s au basketball et le diffuser dans tous les pans de la soci\u00e9t\u00e9 d\u2019une part , consolider nos r\u00e9sultats au plus haut-niveau en atteignant la premi\u00e8re place du podium d\u2019autre part.<br \/>Pour y parvenir, je souhaite m\u2019appuyer sur les points forts de la F\u00e9d\u00e9ration et me rapprocher de notre base (clubs et comit\u00e9s). Notre croissance passe et passera par eux et il conviendra donc de lever les freins au d\u00e9veloppement qu\u2019ils rencontrent. Alors que les r\u00e9sultats de nos \u00c9quipes de France et de nos clubs font briller le basket-ball lors des comp\u00e9titions internationales et que l&rsquo;attractivit\u00e9 de notre sport se confirme jour apr\u00e8s jour aupr\u00e8s de pratiquants toujours plus nombreux \u00e0 nous rejoindre, je souhaite f\u00e9d\u00e9rer dans cet \u00e9lan positif tous les acteurs de notre sport : des pros, \u00e0 travers la Ligue Nationale de Basket, aux amateurs, des acteurs publics que sont les collectivit\u00e9s, au secteur priv\u00e9 avec les entreprises et nos partenaires. Un esprit d&rsquo;ouverture qui doit \u00e9galement nous guider dans les liens que je compte entretenir avec la F\u00e9d\u00e9ration Internationale.\u00a0\u00bb<\/p>\n<p>Jean-Pierre HUNCKLER<br \/>N\u00e9 le 14\/09\/1959 \u00e0 Le Coteau (42)<br \/>1er Vice-Pr\u00e9sident &amp; Tr\u00e9sorier G\u00e9n\u00e9ral de la FFBB de 2010 \u00e0 2024<br \/>Exp\u00e9riences ant\u00e9rieures dans le Basketball<br \/>Pr\u00e9sident du Comit\u00e9 d\u2019Organisation de l\u2019EuroBasket 2015 en France<br \/>Pr\u00e9sident du Comit\u00e9 d\u2019Organisation de l\u2019EuroBasket Women 2013 en France<br \/>Pr\u00e9sident de la Ligue R\u00e9gionale du Lyonnais de 2000 \u00e0 2008<br \/>Arbitre de haut niveau en premi\u00e8re division de 1980 \u00e0 1995<\/p>\n<p>Distinctions<br \/>Coq d\u2019Or de la FFBB 2020<br \/>M\u00e9daille d\u2019Or de la Jeunesse et des Sports 2018<br \/>Coq d\u2019Argent de la FFBB 2011<\/p>\n<p>Exp\u00e9rience professionnelle<br \/>G\u00e9rant de la Soci\u00e9t\u00e9 Comelit France de 1994 \u00e0 2022 (c\u00e9d\u00e9e en 2024)<\/p>\n<p>Situation familiale<br \/>Mari\u00e9, un enfant<\/p>\n","protected":false},"excerpt":{"rendered":"Il succ\u00e8s \u00e0 Jean-Pierre Suitat A l\u2019issue de l\u2019Assembl\u00e9e G\u00e9n\u00e9rale \u00c9lective qui s\u2019est d\u00e9roul\u00e9e ce samedi 14 d\u00e9cembre&hellip;\n","protected":false},"author":2,"featured_media":427848,"comment_status":"","ping_status":"","sticky":false,"template":"","format":"standard","meta":{"footnotes":""},"categories":[1414],"tags":[1465,1464,1011,27,60],"class_list":{"0":"post-427847","1":"post","2":"type-post","3":"status-publish","4":"format-standard","5":"has-post-thumbnail","7":"category-basket","8":"tag-basket","9":"tag-basketball","10":"tag-fr","11":"tag-france","12":"tag-sports"},"share_on_mastodon":{"url":"https:\/\/pubeurope.com\/@fr\/115291635698701011","error":""},"_links":{"self":[{"href":"https:\/\/www.europesays.com\/fr\/wp-json\/wp\/v2\/posts\/427847","targetHints":{"allow":["GET"]}}],"collection":[{"href":"https:\/\/www.europesays.com\/fr\/wp-json\/wp\/v2\/posts"}],"about":[{"href":"https:\/\/www.europesays.com\/fr\/wp-json\/wp\/v2\/types\/post"}],"author":[{"embeddable":true,"href":"https:\/\/www.europesays.com\/fr\/wp-json\/wp\/v2\/users\/2"}],"replies":[{"embeddable":true,"href":"https:\/\/www.europesays.com\/fr\/wp-json\/wp\/v2\/comments?post=427847"}],"version-history":[{"count":0,"href":"https:\/\/www.europesays.com\/fr\/wp-json\/wp\/v2\/posts\/427847\/revisions"}],"wp:featuredmedia":[{"embeddable":true,"href":"https:\/\/www.europesays.com\/fr\/wp-json\/wp\/v2\/media\/427848"}],"wp:attachment":[{"href":"https:\/\/www.europesays.com\/fr\/wp-json\/wp\/v2\/media?parent=427847"}],"wp:term":[{"taxonomy":"category","embeddable":true,"href":"https:\/\/www.europesays.com\/fr\/wp-json\/wp\/v2\/categories?post=427847"},{"taxonomy":"post_tag","embeddable":true,"href":"https:\/\/www.europesays.com\/fr\/wp-json\/wp\/v2\/tags?post=427847"}],"curies":[{"name":"wp","href":"https:\/\/api.w.org\/{rel}","templated":true}]}}