{"id":427849,"date":"2025-09-30T05:39:14","date_gmt":"2025-09-30T05:39:14","guid":{"rendered":"https:\/\/www.europesays.com\/fr\/427849\/"},"modified":"2025-09-30T05:39:14","modified_gmt":"2025-09-30T05:39:14","slug":"pavard-emerson-weah-ces-recrues-qui-ont-deja-change-le-visage-de-lom","status":"publish","type":"post","link":"https:\/\/www.europesays.com\/fr\/427849\/","title":{"rendered":"Pavard, Emerson, Weah\u2026 Ces recrues qui ont d\u00e9j\u00e0 chang\u00e9 le visage de l\u2019OM"},"content":{"rendered":"<p>Fort d\u2019un mercato estival offensif, l\u2019Olympique de Marseille comptera sur ses renforts pour dominer l\u2019Ajax Amsterdam mardi soir en Ligue des champions.<\/p>\n<p class=\"fig-paragraph\">Il est souvent coutume de dire que l\u2019adaptation dans le football reste une question de temps. Appr\u00e9hender un nouvel environnement, un nouveau mode de vie, de nouveaux partenaires, un nouvel entra\u00eeneur, n\u2019est pas donn\u00e9 \u00e0 tout le monde dans un laps de temps restreint. Des difficult\u00e9s qui pr\u00e9valent pour les joueurs, mais aussi leur entourage, avec femme et enfants contraints de suivre les p\u00e9r\u00e9grinations du papa, avec le lot de changements que cela apporte.<\/p>\n<p class=\"fig-paragraph\">\u00c0 ce petit jeu,<a href=\"http:\/\/www.lefigaro.fr\/sports\/football\/ligue-des-champions\/ambitions-marseillaises-europe-au-velodrome-gouiri-dans-le-dur-les-mots-de-de-zerbi-avant-om-ajax-amsterdam-20250929\" data-fig-type=\"NewsFlash\" data-gtm-custom-categorie=\"navigation\" data-gtm-custom-action=\"crossclick\" data-gtm-custom-label=\"Contextuel\" data-gtm-event=\"customEventSPE\" data-fig-domain=\"LEFIGARO\" target=\"_blank\" rel=\"noopener\">\u00a0l\u2019OM<\/a>\u00a0et sa fr\u00e9n\u00e9sie perp\u00e9tuelle sur le march\u00e9 des transferts a encore fait fort cet \u00e9t\u00e9. Douze arriv\u00e9es, dont six tardives et seize d\u00e9parts. La Commanderie tel un hall de gare. Pour autant,<a href=\"https:\/\/www.lefigaro.fr\/sports\/football\/ligue-1\/classement\" target=\"_blank\" rel=\"sponsored noopener\" data-gtm-custom-categorie=\"navigation\" data-gtm-custom-action=\"crossclick\" data-gtm-custom-label=\"Contextuel\" data-gtm-event=\"customEventSPE\">\u00a0entre ao\u00fbt (1 victoire, 2 d\u00e9faites) et septembre (3 victoires, 1 d\u00e9faite contre le Real Madrid<\/a>), la diff\u00e9rence est frappante. L\u2019\u00e9quipe transfigur\u00e9e. Les recrues y sont pour beaucoup. \u00c9tat des lieux des hommes qui ont chang\u00e9 le visage de l\u2019OM.<\/p>\n<p>                                    <a class=\"fig-a11y-skip a11y-hidden\" href=\"#fig-a11y-skip-main-inarticle\"><br \/>\n        Passer la publicit\u00e9<br \/>\n    <\/a><\/p>\n<p><strong>Benjamin Pavard, la rage et l\u2019exp\u00e9rience<\/strong><\/p>\n<p class=\"fig-paragraph\">Ses d\u00e9buts \u00e0 l\u2019OM\u00a0: 4 matches, 1 but<br \/>Recrue de toute fin de mercato, avec un contrat sign\u00e9 dans sa chambre de Clairefontaine pendant un entra\u00eenement des Bleus, Benjamin Pavard semble appartenir \u00e0 l\u2019OM depuis des mois, voire des ann\u00e9es. Souriant, d\u00e9tendu, motiv\u00e9 et exp\u00e9riment\u00e9, le champion du monde 2018 tient son rang sur la Canebi\u00e8re. \u00abMarseille, \u00e7a ne se refuse pas\u00bb, avouait-il au moment d\u2019expliquer les raisons d\u2019un d\u00e9part de l\u2019Inter Milan, lui qui fut titulaire en finale contre le Paris SG, vers un OM au projet flou. R\u00e9sultat, que ce soit dans l\u2019axe ou \u00e0 droite,\u00a0<a href=\"http:\/\/www.lefigaro.fr\/sports\/football\/ligue-des-champions\/les-notes-de-real-om-mbappe-clinique-rulli-heros-o-riley-catastrophique-20250916\" data-fig-type=\"NewsFlash\" data-gtm-custom-categorie=\"navigation\" data-gtm-custom-action=\"crossclick\" data-gtm-custom-label=\"Contextuel\" data-gtm-event=\"customEventSPE\" data-fig-domain=\"LEFIGARO\" target=\"_blank\" rel=\"noopener\">comme face au Real Madrid\u00a0<\/a>o\u00f9 il a tenu t\u00eate \u00e0 Rodrygo puis Vinicius, Pavard apporte exp\u00e9rience, hargne et puissance \u00e0 une d\u00e9fense qui en manquait cruellement.<\/p>\n<p class=\"fig-body-link\">\n            \u00c0 lire aussi<br \/>\n        <a class=\"fig-body-link__link\" href=\"http:\/\/www.lefigaro.fr\/sports\/football\/ligue-des-champions\/real-madrid-om-rulli-le-heros-le-penalty-polemique-bernabeu-ce-bijou-coups-de-coeur-et-coups-de-griffe-20250917\" data-fig-type=\"NewsFlash\" data-gtm-custom-categorie=\"navigation\" data-gtm-custom-action=\"crossclick\" data-gtm-custom-label=\"Contextuel\" data-gtm-event=\"customEventSPE\" data-fig-domain=\"LEFIGARO\" target=\"_blank\" rel=\"noopener\">Real Madrid-OM\u00a0: Rulli le (presque) h\u00e9ros, le penalty pol\u00e9mique, Bernabeu ce bijou&#8230; Coups de c\u0153ur et coups de griffe<br \/>\n    <\/a>\n<\/p>\n<p>    Nayef Aguerd<br \/>\n                ALEXANDRE DIMOU \/ REUTERS<\/p>\n<p><strong>Nayef Aguerd, le h\u00e9ros du Classique<\/strong><\/p>\n<p class=\"fig-paragraph\">Ses d\u00e9buts \u00e0 l\u2019OM\u00a0: 3 matches, 1 but<br \/>Des doutes entouraient l\u2019\u00e9tat de forme du Marocain, souvent bless\u00e9 ces derniers mois. Ils ont rapidement \u00e9t\u00e9 balay\u00e9s. S\u2019il a \u00e9t\u00e9 absent au Bernabeu, le d\u00e9fenseur central a, au cours de ses trois titularisations, d\u00e9montr\u00e9 tout son talent dans une arri\u00e8re-garde marseillaise qui peut difficilement se passer de lui. \u00c0 ses c\u00f4t\u00e9s, Balerdi joue mieux. Auteur du seul but lors du Classique\u00a0<a href=\"http:\/\/www.lefigaro.fr\/sports\/football\/ligue-1\/les-notes-apres-om-psg-aguerd-heros-rulli-infranchissable-chevalier-fautif-20250922\" data-fig-type=\"NewsFlash\" data-gtm-custom-categorie=\"navigation\" data-gtm-custom-action=\"crossclick\" data-gtm-custom-label=\"Contextuel\" data-gtm-event=\"customEventSPE\" data-fig-domain=\"LEFIGARO\" target=\"_blank\" rel=\"noopener\">face au Paris SG lundi dernier (1-0)<\/a>, l\u2019ancien Rennais brille par sa science du placement et diffuse une vraie s\u00e9r\u00e9nit\u00e9. Un vrai bon coup jusqu\u2019\u00e0 maintenant. Si son physique le laisse tranquille, il fera parler de lui.<\/p>\n<p>    <a href=\"https:\/\/photo.lefigaro.fr\/sports\/football\/ligue-1\/ballon-d-or-les-celebrations-apres-psg-auxerre-en-images-20250928\" target=\"_blank\" rel=\"noopener\"><\/p>\n<p class=\"fig-slideshow__title\">\n                    Ballon d\u2019or\u00a0: les c\u00e9l\u00e9brations apr\u00e8s PSG-Auxerre en images\n                <\/p>\n<p>Acc\u00e9der au diaporama (15)<\/p>\n<p>    <\/a><\/p>\n<p><strong>Emerson Palmieri, la force tranquille<\/strong><\/p>\n<p class=\"fig-paragraph\">Ses d\u00e9buts \u00e0 l\u2019OM\u00a0: 4 matches<br \/>Pour ses deux premi\u00e8res titularisations dans son nouveau club, le champion d\u2019Europe 2020\u00a0<a href=\"http:\/\/www.lefigaro.fr\/sports\/football\/ligue-des-champions\/real-madrid-om-rulli-le-heros-le-penalty-polemique-bernabeu-ce-bijou-coups-de-coeur-et-coups-de-griffe-20250917\" data-fig-type=\"NewsFlash\" data-gtm-custom-categorie=\"navigation\" data-gtm-custom-action=\"crossclick\" data-gtm-custom-label=\"Contextuel\" data-gtm-event=\"customEventSPE\" data-fig-domain=\"LEFIGARO\" target=\"_blank\" rel=\"noopener\">s\u2019est coltin\u00e9 Mastantuono au Bernabeu<\/a>\u00a0et Kvaratskhelia au V\u00e9lodrome face au Real et au PSG. Pour deux copies consistantes et rassurantes. Avec le d\u00e9part de Merlin, l\u2019OM a coch\u00e9 le nom de l\u2019ancien Lyonnais pour occuper le c\u00f4t\u00e9 gauche de sa d\u00e9fense. Pour le moment, c\u2019est une r\u00e9ussite. Exp\u00e9riment\u00e9 (29 s\u00e9lections, 31 ans), solide et pr\u00e9cieux, l\u2019Italien a d\u00e9j\u00e0 fait oublier le Rennais. Sa relation avec Weah est aussi \u00e0 saluer, reste \u00e0 savoir s\u2019il en fera de m\u00eame avec Paixao. D\u00e8s mardi contre l\u2019Ajax\u00a0?<\/p>\n<p class=\"fig-body-link\">\n            \u00c0 lire aussi<br \/>\n        <a class=\"fig-body-link__link\" href=\"http:\/\/www.lefigaro.fr\/sports\/football\/ligue-1\/satrasbourg-om-murillo-sauveur-la-pepite-barco-gouiri-perd-des-points-les-tops-et-flops-20250926\" data-fig-type=\"NewsFlash\" data-gtm-custom-categorie=\"navigation\" data-gtm-custom-action=\"crossclick\" data-gtm-custom-label=\"Contextuel\" data-gtm-event=\"customEventSPE\" data-fig-domain=\"LEFIGARO\" target=\"_blank\" rel=\"noopener\">Strasbourg-OM\u00a0: Murillo en sauveur, la p\u00e9pite Barco, Gouiri perd des points&#8230; Les Tops et flops<br \/>\n    <\/a>\n<\/p>\n<p><strong>Angel Gomes, la bonne pioche<\/strong><\/p>\n<p class=\"fig-paragraph\">Ses d\u00e9buts \u00e0 l\u2019OM\u00a0: 5 matches, 1 but<br \/>Recrut\u00e9 (gratuitement) tr\u00e8s rapidement lors de ce mercato, l\u2019ancien Lillois conna\u00eet d\u00e9j\u00e0 bien son nouveau club. Pas anodin si dans cet \u00e9t\u00e9 mouvement\u00e9, Roberto De Zerbi l\u2019a toujours titularis\u00e9 en Ligue 1\u2026 sauf contre le Paris SG, ni face au Real Madrid. Les deux plus gros matches de ce d\u00e9but de saison. Son coach a expliqu\u00e9 ce choix par rapport au d\u00e9fi propos\u00e9 par le plus grand club de Ligue 1 et le plus grand club du monde, tout en d\u00e9fendant l\u2019apport de l\u2019Anglais. Joueur vif, rapide, technique, mais aussi moins habitu\u00e9 au combat physique et sujet aux blessures, Gomes a montr\u00e9 ses qualit\u00e9s depuis le d\u00e9but de son aventure olympienne. L\u2019arriv\u00e9e d\u2019O\u2019Riley, concurrent direct apr\u00e8s le d\u00e9part de Rabiot, l\u2019a renvoy\u00e9 sur le banc lors des deux affiches. C\u2019est aussi cela un grand club. La concurrence partout.<\/p>\n<p><strong>Timothy Weah, la belle surprise<\/strong><\/p>\n<p class=\"fig-paragraph\">Ses d\u00e9buts \u00e0 l\u2019OM\u00a0: 7 matches, 1 but<br \/>\u00c0 25 ans, Weah a vu du pays (PSG, Glasgow, Lille, Turin) depuis le d\u00e9but de sa carri\u00e8re qui le voit aujourd\u2019hui \u00e9voluer \u00e0 Marseille depuis cet \u00e9t\u00e9. D\u00e9sir\u00e9 par le duo Benatia-De Zerbi et appr\u00e9ci\u00e9 pour sa polyvalence, le fils de Mister George a s\u00e9duit tout le monde sur la Canebi\u00e8re. Que ce soit face au Real ou contre le PSG, il a fait parler son volume de jeu, son go\u00fbt de l\u2019effort et sa propension \u00e0 jouer avec et pour les autres. \u00c9tonnant pour un offensif, capable aussi de jouer dans une position plus recul\u00e9e, \u00e9l\u00e9ment qui comptera cette saison. Des d\u00e9buts radieux qui demandent confirmation pour Timothy Weah, pas toujours r\u00e9gulier du c\u00f4t\u00e9 de la Juventus Turin.<\/p>\n<p>                                    <a class=\"fig-a11y-skip a11y-hidden\" href=\"#fig-a11y-skip-main-inarticle_mtf\"><br \/>\n        Passer la publicit\u00e9<br \/>\n    <\/a><\/p>\n<p><strong>Aubameyang, le retour du taulier<\/strong><\/p>\n<p class=\"fig-paragraph\">Ses d\u00e9buts \u00e0 l\u2019OM\u00a0: 6 matches, 3 buts<br \/>Face \u00e0 l\u2019inconstance d\u2019Amine Gouiri, vrai-faux num\u00e9ro 9, l\u2019OM a pens\u00e9 \u00e0 lui pour donner un peu d\u2019exp\u00e9rience \u00e0 la ligne d\u2019attaque. Bonne pioche jusqu\u2019\u00e0 maintenant. L\u2019ancien Marseillais (36 matches, 19 buts en 2023-2024) s\u2019est parfaitement r\u00e9acclimat\u00e9 et a d\u00e9j\u00e0 marqu\u00e9 trois buts en Ligue 1. Titulaire au Bernabeu, il a souffert contre le Real, trop esseul\u00e9. Avec Gouiri, ils se partagent le temps de jeu, mais lui joue les gros matches. Tout sauf un hasard. \u00c0 36 ans, \u00ab Aubame\u00a0\u00bb reste vif et pr\u00e9cieux, \u00e0 l\u2019image de son entr\u00e9e d\u00e9cisive contre Strasbourg avec un but \u00e0 la cl\u00e9.<\/p>\n<p class=\"fig-frame__title\">Medina, O\u2019Riley, Paixao&#8230; Ces recrues qui doivent faire plus<\/p>\n<p>Si les uns s\u00e9duisent, les autres (nombreuses) recrues n\u2019ont pas tous le m\u00eame rendement. Pour des raisons diverses\u00a0: niveau de jeu, acclimatation, utilisation par De Zerbi ou encore concurrence&#8230; Les nouveaux joueurs de l\u2019OM ont encore des choses \u00e0 prouver. C\u2019est le cas d\u2019<strong>Egan Riley<\/strong>, qui a montr\u00e9 ses limit\u00e9s en ao\u00fbt, tandis que <strong>Medina <\/strong>est capable de hausser son niveau de jeu. Au milieu de terrain, <strong>O\u2019Riley <\/strong>a un joli pied gauche mais il a err\u00e9 \u00e0 Madrid avant d\u2019\u00eatre plac\u00e9 un peu plus bas par la suite. Le Belge <strong>Vermeeren<\/strong> n\u2019a pas encore vraiment d\u00e9but\u00e9 son aventure olympienne tandis que <strong>Traor\u00e9<\/strong> est bless\u00e9. Recrue la plus ch\u00e8re de l\u2019histoire du club, le Br\u00e9silien<strong> Paixao<\/strong> a du mal sur son c\u00f4t\u00e9 gauche. Impossible de lui tomber dessus, il vient \u00e0 peine d\u2019arriver. Mais \u00e0 Marseille, les supporters ne sont pas connus pour leur patience.<\/p>\n","protected":false},"excerpt":{"rendered":"Fort d\u2019un mercato estival offensif, l\u2019Olympique de Marseille comptera sur ses renforts pour dominer l\u2019Ajax Amsterdam mardi soir&hellip;\n","protected":false},"author":2,"featured_media":427850,"comment_status":"","ping_status":"","sticky":false,"template":"","format":"standard","meta":{"footnotes":""},"categories":[1412],"tags":[1451,1452,1453,1454,1455,1011,27,66,447,149,60],"class_list":{"0":"post-427849","1":"post","2":"type-post","3":"status-publish","4":"format-standard","5":"has-post-thumbnail","7":"category-f1","8":"tag-f1","9":"tag-formula-1","10":"tag-formula1","11":"tag-formule-1","12":"tag-formule1","13":"tag-fr","14":"tag-france","15":"tag-ligue-1","16":"tag-ligue-des-champions","17":"tag-om","18":"tag-sports"},"share_on_mastodon":{"url":"https:\/\/pubeurope.com\/@fr\/115291643153777170","error":""},"_links":{"self":[{"href":"https:\/\/www.europesays.com\/fr\/wp-json\/wp\/v2\/posts\/427849","targetHints":{"allow":["GET"]}}],"collection":[{"href":"https:\/\/www.europesays.com\/fr\/wp-json\/wp\/v2\/posts"}],"about":[{"href":"https:\/\/www.europesays.com\/fr\/wp-json\/wp\/v2\/types\/post"}],"author":[{"embeddable":true,"href":"https:\/\/www.europesays.com\/fr\/wp-json\/wp\/v2\/users\/2"}],"replies":[{"embeddable":true,"href":"https:\/\/www.europesays.com\/fr\/wp-json\/wp\/v2\/comments?post=427849"}],"version-history":[{"count":0,"href":"https:\/\/www.europesays.com\/fr\/wp-json\/wp\/v2\/posts\/427849\/revisions"}],"wp:featuredmedia":[{"embeddable":true,"href":"https:\/\/www.europesays.com\/fr\/wp-json\/wp\/v2\/media\/427850"}],"wp:attachment":[{"href":"https:\/\/www.europesays.com\/fr\/wp-json\/wp\/v2\/media?parent=427849"}],"wp:term":[{"taxonomy":"category","embeddable":true,"href":"https:\/\/www.europesays.com\/fr\/wp-json\/wp\/v2\/categories?post=427849"},{"taxonomy":"post_tag","embeddable":true,"href":"https:\/\/www.europesays.com\/fr\/wp-json\/wp\/v2\/tags?post=427849"}],"curies":[{"name":"wp","href":"https:\/\/api.w.org\/{rel}","templated":true}]}}