{"id":427851,"date":"2025-09-30T05:40:19","date_gmt":"2025-09-30T05:40:19","guid":{"rendered":"https:\/\/www.europesays.com\/fr\/427851\/"},"modified":"2025-09-30T05:40:19","modified_gmt":"2025-09-30T05:40:19","slug":"cyclisme-le-mag-le-contre-la-montre-au-mont-saint-clair-a-sete-epreuve-mythique","status":"publish","type":"post","link":"https:\/\/www.europesays.com\/fr\/427851\/","title":{"rendered":"Cyclisme. Le Mag &#8211; Le contre-la-montre au Mont Saint-Clair \u00e0 S\u00e8te&#8230; \u00e9preuve mythique !"},"content":{"rendered":"<p>Apr\u00e8s plus de 20 ans d&rsquo;absence et une v\u00e9ritable renaissance l&rsquo;an pass\u00e9, le contre-la-montre sur les pentes du\u00a0<strong><a href=\"https:\/\/guidonsportifsetois.fr\/?fbclid=IwY2xjawNHQ05leHRuA2FlbQIxMABicmlkETFITnJVUHpaYUZVS0RDZzBlAR5eZkJbgNiISI1LME95hQW8ds5idbcRv_Lc9pChe_pugkKkP7B6mmFv8TPmWA_aem_hbXyP_7qzFs0GsK8-zyzVw\" target=\"_blank\" rel=\"noopener\">Mont Saint-Clair<\/a><\/strong>\u00a0\u00e0 S\u00e8te revenait ce dimanche 28 septembre pour une deuxi\u00e8me \u00e9dition new look de cette \u00e9preuve mythique, qui a connu son apog\u00e9e dans les ann\u00e9es d\u2019avant guerre \u00e0 partir de 1936. Initialement pr\u00e9vue une semaine plus t\u00f4t, la course organis\u00e9e par\u00a0<a href=\"https:\/\/www.facebook.com\/guidonsportifsetois\" target=\"_blank\" rel=\"noopener\">Le Guidon Sportif S\u00e9tois<\/a>\u00a0avait d\u00fb \u00eatre report\u00e9e\u00a0en raison d&rsquo;une alerte m\u00e9t\u00e9o \u00e0 ce dimanche, o\u00f9 elle a finalement enfin pu avoir lieu.\u00a0Tous les licenci\u00e9s des f\u00e9d\u00e9rations de cyclisme\u00a0pouvaient participer, et cette ann\u00e9e ils \u00e9taient plus de 50\u00a0de tout le d\u00e9partement \u00e0 se lancer sur ces terribles pentes \u00e0 environ 10% de moyenne et qui atteignent parfois les 20%. <strong>Jean-Michel Guidez<\/strong> et Cyclism&rsquo;Actu \u00e9tait pr\u00e9sents \u00e0 S\u00e8te pour vous faire vivre\u00a0de l&rsquo;int\u00e9rieur l&rsquo;\u00e9v\u00e8nement et cette course qui m\u00e9riterait de prendre de l\u2019envergure au fil des ans&#8230; et\u00a0c&rsquo;est \u00e0 retrouver dans\u00a0Le Mag Cyclism&rsquo;Actu\u00a0en vid\u00e9o.<\/p>\n<p>Vid\u00e9o &#8211; Un contre-la-montre pas comme les autres au Mont Saint-Clair Lire la suite de l&rsquo;article&#13;<\/p>\n<p style=\"text-align: center;\">\n<p>&#13;<\/p>\n<p>\u00a0<\/p>\n<p>&#13;<br \/>\nLe Mont Saint-Clair&#8230; mythe du Tour de France et du GP Midi-Libre&#13;<br \/>\n&#13;<\/p>\n<p>Le beau temps \u00e9tait au rendez-vous avant le d\u00e9part \u00e0 9h ce dimanche l\u00e0. Les 50 coureurs et quelques se sont \u00e9lanc\u00e9s pour une escalade de 2 km avec des passages \u00e0 20% (\u00e0 S\u00e9maphore et \u00e0 Citadelle).\u00a0Une ascension pour costauds avec de beaux paysages en toile de fond, et les coureurs p\u00e9lerins apr\u00e8s de longues minutes de souffrance sont arriv\u00e9s au sommet devant la<strong>\u00a0Chapelle Notre Dame de la Salette<\/strong>\u00a0en haut du\u00a0<strong>Mont Saint-Clair<\/strong>.\u00a0<\/p>\n<p>&#13;<\/p>\n<p><strong>Nicolas Grosso<\/strong>, le pr\u00e9sident du\u00a0Guidon Sportif S\u00e9tois\u00a0rappelle que cette mont\u00e9e est associ\u00e9e au<strong>\u00a0Tour de France<\/strong>\u00a0avec par exemple le passage en 2012 au sommet du\u00a0<strong>Mont Saint-Clair\u00a0<\/strong>sur le m\u00eame trajet lors de l\u2019\u00e9tape Saint-Paul-trois-Ch\u00e2teaux &#8211; Le Cap d\u2019Agde.\u00a0Ce jour-l\u00e0, le 14 juillet c\u2019est\u00a0<strong>Jurgen Van Den Broeck<\/strong>\u00a0qui avait franchi le sommet class\u00e9 en 3e cat\u00e9gorie devant\u00a0<strong>Cadel Evans<\/strong>\u00a0alors que\u00a0<strong>Bradley Wiggins<\/strong>\u00a0portait le maillot jaune.\u00a0Et pendant des ann\u00e9es le<strong>\u00a0Grand Prix du Midi-Libre<\/strong>, qui a\u00a0disparu en 2002, servait de r\u00e9p\u00e9tition pour le\u00a0<strong>Tour de France<\/strong>.\u00a0<\/p>\n<p>&#13;<\/p>\n<p>Si les r\u00e9sultats officiels n&rsquo;ont pas encore \u00e9t\u00e9 transmis, on sait d\u00e9j\u00e0 que\u00a0c\u2019est <strong>Baptiste Danoy<\/strong> du club <strong>VCC B\u00e9ziers<\/strong>\u00a0qui s&rsquo;est impos\u00e9 en r\u00e9alisant le meilleur temps pour grimper et \u00eatre sur le toit du\u00a0<strong>Mont Saint-Clair<\/strong>. Il succ\u00e8de ainsi \u00e0\u00a0<strong>Adrien Shakal<\/strong>, vainqueur en 6 minutes et 30 secondes l&rsquo;an pass\u00e9.<\/p>\n<p>&#13;<\/p>\n","protected":false},"excerpt":{"rendered":"Apr\u00e8s plus de 20 ans d&rsquo;absence et une v\u00e9ritable renaissance l&rsquo;an pass\u00e9, le contre-la-montre sur les pentes du\u00a0Mont&hellip;\n","protected":false},"author":2,"featured_media":427852,"comment_status":"","ping_status":"","sticky":false,"template":"","format":"standard","meta":{"footnotes":""},"categories":[1411],"tags":[1154,207,211,1011,27,55678,209,60,210,212,208,213],"class_list":{"0":"post-427851","1":"post","2":"type-post","3":"status-publish","4":"format-standard","5":"has-post-thumbnail","7":"category-cyclisme","8":"tag-cycling","9":"tag-cyclisme","10":"tag-ffc","11":"tag-fr","12":"tag-france","13":"tag-le-mag","14":"tag-route","15":"tag-sports","16":"tag-tour-de-france","17":"tag-uci","18":"tag-velo","19":"tag-world-tour"},"share_on_mastodon":{"url":"https:\/\/pubeurope.com\/@fr\/115291647066843379","error":""},"_links":{"self":[{"href":"https:\/\/www.europesays.com\/fr\/wp-json\/wp\/v2\/posts\/427851","targetHints":{"allow":["GET"]}}],"collection":[{"href":"https:\/\/www.europesays.com\/fr\/wp-json\/wp\/v2\/posts"}],"about":[{"href":"https:\/\/www.europesays.com\/fr\/wp-json\/wp\/v2\/types\/post"}],"author":[{"embeddable":true,"href":"https:\/\/www.europesays.com\/fr\/wp-json\/wp\/v2\/users\/2"}],"replies":[{"embeddable":true,"href":"https:\/\/www.europesays.com\/fr\/wp-json\/wp\/v2\/comments?post=427851"}],"version-history":[{"count":0,"href":"https:\/\/www.europesays.com\/fr\/wp-json\/wp\/v2\/posts\/427851\/revisions"}],"wp:featuredmedia":[{"embeddable":true,"href":"https:\/\/www.europesays.com\/fr\/wp-json\/wp\/v2\/media\/427852"}],"wp:attachment":[{"href":"https:\/\/www.europesays.com\/fr\/wp-json\/wp\/v2\/media?parent=427851"}],"wp:term":[{"taxonomy":"category","embeddable":true,"href":"https:\/\/www.europesays.com\/fr\/wp-json\/wp\/v2\/categories?post=427851"},{"taxonomy":"post_tag","embeddable":true,"href":"https:\/\/www.europesays.com\/fr\/wp-json\/wp\/v2\/tags?post=427851"}],"curies":[{"name":"wp","href":"https:\/\/api.w.org\/{rel}","templated":true}]}}