{"id":427855,"date":"2025-09-30T05:42:11","date_gmt":"2025-09-30T05:42:11","guid":{"rendered":"https:\/\/www.europesays.com\/fr\/427855\/"},"modified":"2025-09-30T05:42:11","modified_gmt":"2025-09-30T05:42:11","slug":"cyril-hanouna-donne-des-details-tres-persos-su","status":"publish","type":"post","link":"https:\/\/www.europesays.com\/fr\/427855\/","title":{"rendered":"Cyril Hanouna donne des d\u00e9tails tr\u00e8s persos su &#8230;"},"content":{"rendered":"<p>EN BREF<\/p>\n<ul class=\"bloc_resume_post_list\">\n<li>Cyril Hanouna partage un moment intime sur Fun<br \/>\nRadio.<\/li>\n<li>En pleine conversation t\u00e9l\u00e9phonique avec Emmanuel Macron,<br \/>\nl\u00a0\u00bbanimateur se retrouve dans une situation<br \/>\nembarrassante.<\/li>\n<li>Il revient sur ce jour o\u00f9 il a dit r\u00e9pondre au pr\u00e9sident<br \/>\nde la R\u00e9publique, sur les toilettes.<\/li>\n<\/ul>\n<p data-start=\"287\" data-end=\"695\">Cyril Hanouna ne fait jamais<br \/>\ndans la demi-mesure. Sur Fun Radio, il a partag\u00e9<br \/>\n<strong>un \u00e9pisode intime<\/strong> qui ferait rougir n\u2019importe qui.<br \/>\nSauf lui. Au programme : <strong>fesses \u00e0 l\u2019air<\/strong> et<br \/>\ndiscussions sur les toilettes. <a href=\"https:\/\/www.telestar.fr\/actu_tv\/cyril-hanouna-son-chroniqueur-frise-opportunisme-il-est-a-deux-doigts-de-lui-souhaiter-le-pire-1739442\" target=\"_blank\" rel=\"noopener\"><br \/>\nL\u2019animateur<\/a>, fid\u00e8le \u00e0 son style, a tout d\u00e9taill\u00e9 sans filtre.<br \/>\n<strong>Appels priv\u00e9s, anecdotes absurdes<\/strong>, le tout<br \/>\nsaupoudr\u00e9 d\u2019humour grin\u00e7ant. Rien ne lui \u00e9chappe. Et encore moins<br \/>\nlorsqu\u2019il s\u2019agit du <a href=\"https:\/\/www.telestar.fr\/societe\/je-le-dis-pour-vous-emmanuel-macron-se-fait-moucher-sur-bfm-le-president-fait-mine-de-rien-1739192\" target=\"_blank\" rel=\"noopener\"><br \/>\npr\u00e9sident de la R\u00e9publique<\/a>.<\/p>\n<blockquote class=\"twitter-tweet\"><p><a class=\"twitter-link\" rel=\"noindex, nofollow noopener\" href=\"https:\/\/twitter.com\/funradio_fr\/status\/1970491558437720136\" target=\"_blank\"><\/p><\/blockquote>\n<p>Les toilettes comme salle de r\u00e9union<\/p>\n<p data-start=\"741\" data-end=\"1662\">Le r\u00e9cit commence dans sa loge,<br \/>\nalors qu\u2019il n\u2019\u00e9tait pas encore en direct sur <a href=\"https:\/\/www.telestar.fr\/actu_tv\/tpmp\/detruite-enora-malagre-revient-sur-sa-periode-tpmp-et-cest-edifiant-1733530\" target=\"_blank\" rel=\"noopener\"><br \/>\nTouche pas \u00e0 mon poste<\/a>. \u00ab\u00a0Je ne suis pas encore<br \/>\ndans l&rsquo;\u00e9mission, je suis dans ma loge. Et j&rsquo;ai mang\u00e9 chez ma m\u00e8re<br \/>\nla veille. <strong>Je ne suis pas bien, je suis beaucoup aux<br \/>\ntoilettes<\/strong>\u00ab\u00a0, confie <a href=\"https:\/\/www.telestar.fr\/actu_tv\/yen-a-marre-le-ton-monte-sur-tbt9-entre-danielle-moreau-et-laurent-fontaine-cyril-hanouna-peine-a-calmer-le-plateau-1739612\" target=\"_blank\" rel=\"noopener\"><br \/>\nCyril Hanouna<\/a>, sous les rires de ses chroniqueurs. Il raconte<br \/>\nson interminable passage sur le tr\u00f4ne. Et c\u2019est l\u00e0 qu\u2019un num\u00e9ro<br \/>\npriv\u00e9 appara\u00eet \u00e0 l\u2019\u00e9cran. Appuyer sur le rouge ? Non, cette fois,<br \/>\nil d\u00e9croche.<\/p>\n<p data-start=\"741\" data-end=\"1662\">\u00ab\u00a0Mais l\u00e0, <strong>je suis<br \/>\nle cul \u00e0 l&rsquo;air<\/strong>, et je r\u00e9ponds. Il me dit : &lsquo;Cyril, c&rsquo;est<br \/>\nEmmanuel ! Je voulais vous souhaiter bon anniversaire quand<br \/>\nm\u00eame'\u00a0\u00bb, raconte-t-il. Le pr\u00e9sident, en d\u00e9placement, insiste :<br \/>\n\u00ab\u00a0Bah comme je sais que c&rsquo;est ton anniversaire, je me dis que je<br \/>\nvais quand m\u00eame t&rsquo;appeler. Donc c&rsquo;est moi qui n&rsquo;arr\u00eate pas de<br \/>\nt&rsquo;appeler depuis tout \u00e0 l&rsquo;heure.\u00a0\u00bb On imagine la sc\u00e8ne : Cyril<br \/>\nHanouna, roi des plateaux, r\u00e9duit \u00e0 l\u2019\u00e9tat de simple mortel sur son<br \/>\ntr\u00f4ne, en proie <strong>des ennuis gastriques<\/strong>.<\/p>\n<p>Cyril Hanouna : entre politique et<br \/>\nanecdotes<\/p>\n<p data-start=\"1700\" data-end=\"2633\">Ce <strong>coup de fil<br \/>\ninsolite<\/strong> aurait pu rester anecdotique. Sauf que le<br \/>\ncontexte de la <strong>fermeture de C8<\/strong> plane toujours.<br \/>\nCyril Hanouna, dans son style franc et direct, a souvent point\u00e9 du<br \/>\ndoigt <a href=\"https:\/\/www.telestar.fr\/people\/peu-dorgueil-ou-de-sympathie-le-style-emmanuel-macron-a-piege-un-celebre-journaliste-pourtant-aguerri-1729665\" target=\"_blank\" rel=\"noopener\"><br \/>\nEmmanuel Macron<\/a>, accus\u00e9 d\u2019avoir influenc\u00e9 la d\u00e9cision. Mais le<br \/>\npr\u00e9sident avait clarifi\u00e9 la situation en direct du Salon de<br \/>\nl\u2019agriculture : \u00ab\u00a0De l\u00e0 o\u00f9 je<br \/>\nsuis, <strong>je ne peux pas commenter des d\u00e9cisions<\/strong> qui<br \/>\nsont prises par une autorit\u00e9 ind\u00e9pendante et qui appliquent la<br \/>\nloi\u00a0\u00bb. Puis, encore plus clair : \u00ab\u00a0<strong>Pas une d\u00e9cision politique du<br \/>\ntout<\/strong>. La loi a \u00e9t\u00e9 con\u00e7ue pour que ce ne soit pas une<br \/>\nd\u00e9cision politique : ce n\u2019est pas \u00e0 l\u2019arbitraire, ni d\u2019un ministre,<br \/>\nni du pr\u00e9sident, d\u2019ouvrir ou fermer une cha\u00eene.\u00a0\u00bb<\/p>\n<p data-start=\"1700\" data-end=\"2633\">L&rsquo;animateur a donc appris que<br \/>\nm\u00eame les rodomontades t\u00e9l\u00e9visuelles ont leurs limites. Entre<br \/>\nhumour, d\u00e9rision et <strong>confidences improbables<\/strong>,<br \/>\n<a href=\"https:\/\/www.telestar.fr\/actu_tv\/cyril-hanouna-bientot-acteur-sa-revelation-sur-sa-nouvelle-carriere-aupres-de-pierre-niney-1739354\" target=\"_blank\" rel=\"noopener\"><br \/>\nBaba<\/a> confirme une fois de plus qu\u2019aucune situation n\u2019est trop<br \/>\ns\u00e9rieuse pour qu\u2019il n\u2019y mette un grain de folie.<\/p>\n<p><script async src=\"https:\/\/platform.twitter.com\/widgets.js\" charset=\"utf-8\"><\/script><\/p>\n","protected":false},"excerpt":{"rendered":"EN BREF Cyril Hanouna partage un moment intime sur Fun Radio. En pleine conversation t\u00e9l\u00e9phonique avec Emmanuel Macron,&hellip;\n","protected":false},"author":2,"featured_media":352538,"comment_status":"","ping_status":"","sticky":false,"template":"","format":"standard","meta":{"footnotes":""},"categories":[1359],"tags":[548,1083,58,1073,59,1011,27,973],"class_list":{"0":"post-427855","1":"post","2":"type-post","3":"status-publish","4":"format-standard","5":"has-post-thumbnail","7":"category-people","8":"tag-article-simple","9":"tag-cyril-hanouna","10":"tag-divertissement","11":"tag-emmanuel-macron","12":"tag-entertainment","13":"tag-fr","14":"tag-france","15":"tag-people"},"share_on_mastodon":{"url":"https:\/\/pubeurope.com\/@fr\/115291654960943739","error":""},"_links":{"self":[{"href":"https:\/\/www.europesays.com\/fr\/wp-json\/wp\/v2\/posts\/427855","targetHints":{"allow":["GET"]}}],"collection":[{"href":"https:\/\/www.europesays.com\/fr\/wp-json\/wp\/v2\/posts"}],"about":[{"href":"https:\/\/www.europesays.com\/fr\/wp-json\/wp\/v2\/types\/post"}],"author":[{"embeddable":true,"href":"https:\/\/www.europesays.com\/fr\/wp-json\/wp\/v2\/users\/2"}],"replies":[{"embeddable":true,"href":"https:\/\/www.europesays.com\/fr\/wp-json\/wp\/v2\/comments?post=427855"}],"version-history":[{"count":0,"href":"https:\/\/www.europesays.com\/fr\/wp-json\/wp\/v2\/posts\/427855\/revisions"}],"wp:featuredmedia":[{"embeddable":true,"href":"https:\/\/www.europesays.com\/fr\/wp-json\/wp\/v2\/media\/352538"}],"wp:attachment":[{"href":"https:\/\/www.europesays.com\/fr\/wp-json\/wp\/v2\/media?parent=427855"}],"wp:term":[{"taxonomy":"category","embeddable":true,"href":"https:\/\/www.europesays.com\/fr\/wp-json\/wp\/v2\/categories?post=427855"},{"taxonomy":"post_tag","embeddable":true,"href":"https:\/\/www.europesays.com\/fr\/wp-json\/wp\/v2\/tags?post=427855"}],"curies":[{"name":"wp","href":"https:\/\/api.w.org\/{rel}","templated":true}]}}