{"id":427856,"date":"2025-09-30T05:43:25","date_gmt":"2025-09-30T05:43:25","guid":{"rendered":"https:\/\/www.europesays.com\/fr\/427856\/"},"modified":"2025-09-30T05:43:25","modified_gmt":"2025-09-30T05:43:25","slug":"samatan-ouverture-du-studio-photo-de-florence","status":"publish","type":"post","link":"https:\/\/www.europesays.com\/fr\/427856\/","title":{"rendered":"Samatan. Ouverture du studio photo de Florence"},"content":{"rendered":"<p>La ville s\u2019enrichit d\u2019un nouveau commerce tr\u00e8s attendu, un studio de photographies : \u00ab\u00a0Sous l\u2019\u0153il de Flo\u00a0\u00bb. La jeune g\u00e9rante, Florence Fabaron ouvre son premier studio officiel, apr\u00e8s s\u2019\u00eatre fait les griffes chez son p\u00e8re, \u00e0 l\u2019Isle en Dodon. Son histoire avec la photographie d\u00e9bute en 2017. Alors cavali\u00e8re et vivant en milieu \u00e9questre, elle photographie les chevaux et les chiens. Puis elle s\u2019int\u00e9resse \u00e0 l\u2019humain et avec la naissance de son premier enfant il y a deux ans, plus particuli\u00e8rement aux nouveau-n\u00e9s.<\/p>\n<p>Form\u00e9e aupr\u00e8s de photographes comme Elodie Zeller, Emeline et Alex Lievin (All About Tomorrow) et Eva Sarraute, cela devient sa sp\u00e9cialit\u00e9 : \u00ab\u00a0Chaque \u00e9tape de la vie m\u00e9rite d\u2019\u00eatre c\u00e9l\u00e9br\u00e9e et gard\u00e9e pr\u00e9cieusement. \u00c0 travers mon objectif, je capture les instants vrais, les \u00e9motions pures, les connexions sinc\u00e8res\u00a0\u00bb. Elle se pr\u00e9sente comme amoureuse des \u00e9motions vraies. \u00ab\u00a0Depuis mon premier appareil photo, je suis tomb\u00e9e sous le charme de la magie d\u2019un instant captur\u00e9, d\u2019un regard \u00e9chang\u00e9, d\u2019un rire spontan\u00e9 ou d\u2019une larme discr\u00e8te. Mon objectif, saisir l\u2019authenticit\u00e9 de chaque moment\u2026\u00a0\u00bb<\/p>\n<p>Chaque s\u00e9ance photo est une rencontre, un partage, que ce soit lors d\u2019un mariage, d\u2019une s\u00e9ance en famille, d\u2019un portrait ou d\u2019un moment de vie plus intime, Florence cherche \u00e0 cr\u00e9er une atmosph\u00e8re douce et bienveillante pour que chacun puisse se sentir \u00e0 l\u2019aise. Son studio est ouvert les lundis et mercredis de 9 h \u00e0 17 h.<\/p>\n<p>Prendre rendez-vous pour les autres jours au 07 86 16 01 39 ou <a href=\"https:\/\/www.ladepeche.fr\/2025\/09\/29\/mailto:sousloeildeflo@yahoo.com\" rel=\"nofollow noopener\" target=\"_blank\">sousloeildeflo@yahoo.com<\/a><\/p>\n","protected":false},"excerpt":{"rendered":"La ville s\u2019enrichit d\u2019un nouveau commerce tr\u00e8s attendu, un studio de photographies : \u00ab\u00a0Sous l\u2019\u0153il de Flo\u00a0\u00bb. La&hellip;\n","protected":false},"author":2,"featured_media":427857,"comment_status":"","ping_status":"","sticky":false,"template":"","format":"standard","meta":{"footnotes":""},"categories":[1358],"tags":[1348,1384,1385,1386,58,59,1011,27],"class_list":{"0":"post-427856","1":"post","2":"type-post","3":"status-publish","4":"format-standard","5":"has-post-thumbnail","7":"category-arts-et-design","8":"tag-arts","9":"tag-arts-and-design","10":"tag-arts-et-design","11":"tag-design","12":"tag-divertissement","13":"tag-entertainment","14":"tag-fr","15":"tag-france"},"share_on_mastodon":{"url":"https:\/\/pubeurope.com\/@fr\/115291659004899542","error":""},"_links":{"self":[{"href":"https:\/\/www.europesays.com\/fr\/wp-json\/wp\/v2\/posts\/427856","targetHints":{"allow":["GET"]}}],"collection":[{"href":"https:\/\/www.europesays.com\/fr\/wp-json\/wp\/v2\/posts"}],"about":[{"href":"https:\/\/www.europesays.com\/fr\/wp-json\/wp\/v2\/types\/post"}],"author":[{"embeddable":true,"href":"https:\/\/www.europesays.com\/fr\/wp-json\/wp\/v2\/users\/2"}],"replies":[{"embeddable":true,"href":"https:\/\/www.europesays.com\/fr\/wp-json\/wp\/v2\/comments?post=427856"}],"version-history":[{"count":0,"href":"https:\/\/www.europesays.com\/fr\/wp-json\/wp\/v2\/posts\/427856\/revisions"}],"wp:featuredmedia":[{"embeddable":true,"href":"https:\/\/www.europesays.com\/fr\/wp-json\/wp\/v2\/media\/427857"}],"wp:attachment":[{"href":"https:\/\/www.europesays.com\/fr\/wp-json\/wp\/v2\/media?parent=427856"}],"wp:term":[{"taxonomy":"category","embeddable":true,"href":"https:\/\/www.europesays.com\/fr\/wp-json\/wp\/v2\/categories?post=427856"},{"taxonomy":"post_tag","embeddable":true,"href":"https:\/\/www.europesays.com\/fr\/wp-json\/wp\/v2\/tags?post=427856"}],"curies":[{"name":"wp","href":"https:\/\/api.w.org\/{rel}","templated":true}]}}