{"id":427860,"date":"2025-09-30T05:45:17","date_gmt":"2025-09-30T05:45:17","guid":{"rendered":"https:\/\/www.europesays.com\/fr\/427860\/"},"modified":"2025-09-30T05:45:17","modified_gmt":"2025-09-30T05:45:17","slug":"notre-selection-du-mardi-30-septembre","status":"publish","type":"post","link":"https:\/\/www.europesays.com\/fr\/427860\/","title":{"rendered":"notre s\u00e9lection du mardi 30\u00a0septembre"},"content":{"rendered":"\n<p class=\"article__chapeau\">On a besoin de l\u2019entrain de la com\u00e9die musicale am\u00e9ricaine, revisit\u00e9e dans un spectacle sur France\u00a04. La soir\u00e9e sera par ailleurs s\u00e9rieuse, avec un doc sur l\u2019arm\u00e9e isra\u00e9lienne et une enqu\u00eate sur les SUV concoct\u00e9e par \u00c9lise Lucet.<\/p>\n<p class=\"author author--simple\">Par  <a class=\"author author--link\" href=\"https:\/\/www.telerama.fr\/recherche\/articles?q=Fr%C3%A9d%C3%A9ric+Strauss\" rel=\"nofollow noopener\" target=\"_blank\"> Fr\u00e9d\u00e9ric Strauss <\/a>    <\/p>\n<p class=\"publication__date\">Publi\u00e9 le 30 septembre 2025 \u00e0 06h55<\/p>\n<p>   Partager   <\/p>\n<ul class=\"sharing-popin--results\">\n<li class=\"sharing-popin--item sharing-popin--item-container\"> Partage  <\/li>\n<li data-share=\"linkedin\" class=\"sharing-popin--item\">  LinkedIn <\/li>\n<li data-share=\"facebook\" class=\"sharing-popin--item\">  Facebook <\/li>\n<li data-share=\"mail\" data-social=\"mail\" class=\"sharing-popin--item\">  Envoyer par email <\/li>\n<li data-share=\"copy\" class=\"sharing-popin--item\">  Copier le lien <\/li>\n<\/ul>\n<p>        Favoris       <\/p>\n<p>                <a class=\"openapp__link\" data-event=\"click-open-app\" data-deep-link=\"tlrm:\/\/element?id=\/television\/ce-soir-a-la-tele-notre-selection-du-mardi-30-septembre-7027610.php&amp;source=deeplink_site\">  Lire dans l&rsquo;application<br \/>\n  <\/a>                               <strong>Hollywood sur sc\u00e8ne\u00a0: \u201cChasing Rainbows\u00a0: hommage \u00e0 l\u2019\u00e2ge d\u2019or de la com\u00e9die musicale\u201d<\/strong>                              <a href=\"https:\/\/www.europesays.com\/fr\/wp-content\/uploads\/2025\/09\/f8575a2_upload-1-obr6g7ioemvm-chasingrainbows-hommagec3a0le28099c3a2gede28099ordelacomc3a9diemusical.jpeg\" data-pswp-width=\"\" data-pswp-height=\"\" class=\"media__hd\" target=\"_blank\">      <img decoding=\"async\" loading=\"lazy\" src=\"https:\/\/www.europesays.com\/fr\/wp-content\/uploads\/2025\/09\/f8575a2_upload-1-obr6g7ioemvm-chasingrainbows-hommagec3a0le28099c3a2gede28099ordelacomc3a9diemusical.jpeg\" class=\"media__picture js-media-zoom  media__size--large\" alt=\"Un spectacle interpr\u00e9t\u00e9 par Lea Desandre et film\u00e9 \u00e0 l\u2019Op\u00e9ra-Comique le 21 mai 2024.\" title=\" Cordula Treml - Francois Roussillon et Associes\"\/>      <\/p>\n<p class=\"media__legend\"> Un spectacle interpr\u00e9t\u00e9 par Lea Desandre et film\u00e9 \u00e0 l\u2019Op\u00e9ra-Comique le 21 mai 2024.   Cordula Treml &#8211; Francois Roussillon et Associes  <\/p>\n<p>     <\/a>                          <\/p>\n<p class=\"paragraph\">Sortis de <a target=\"_blank\" href=\"https:\/\/www.telerama.fr\/cinema\/films\/mary-poppins,5013.php\" rel=\"nofollow noopener\">Mary Poppins<\/a> ou de <a target=\"_blank\" href=\"https:\/\/www.telerama.fr\/cinema\/films\/la-melodie-du-bonheur,4798.php\" rel=\"nofollow noopener\">La M\u00e9lodie du bonheur<\/a>, de <a target=\"_blank\" href=\"https:\/\/www.telerama.fr\/cinema\/my-fair-lady-de-george-cukor-notre-critique_cri-7037739.php\" rel=\"nofollow noopener\">My Fair Lady<\/a> ou de <a target=\"_blank\" href=\"https:\/\/www.telerama.fr\/cinema\/films\/west-side-story,6336.php\" rel=\"nofollow noopener\">West Side Story<\/a>, les grands tubes des musicals am\u00e9ricains ont repris vie, l\u2019an dernier, sur la sc\u00e8ne de l\u2019Op\u00e9ra-Comique, gr\u00e2ce \u00e0 la mezzo-soprano Lea Desandre. Une interpr\u00e8te dou\u00e9e et inventive, qui enchante et fait irradier la joie.<\/p>\n<p>\u00c0 21h05 sur France\u00a04. Concert film\u00e9 \u00e0 l\u2019Op\u00e9ra-Comique, \u00e0 Paris, le 21\u00a0mai 2024. Avec Lea Desandre et l\u2019ensemble Jupiter, sous la direction de Thomas Dunford. 85\u00a0mn. In\u00e9dit.<\/p>\n<p class=\"edito__prefixe\">   D\u00e9couvrir la note et la critique   <\/p>\n<p class=\"edito__text-container\">       <a alt=\"Lire aussi\" href=\"https:\/\/www.telerama.fr\/television\/chasing-rainbows-hommage-a-l-age-d-or-de-la-comedie-musicale-ca-swingue-sur-france-4_cri-7040791.php\" class=\"article__title--edito\" rel=\"nofollow noopener\" target=\"_blank\">\u201cChasing Rainbows\u00a0: hommage \u00e0 l\u2019\u00e2ge d\u2019or de la com\u00e9die musicale\u201d, \u00e7a swingue sur France 4\u00a0!<\/a>  <\/p>\n<p>                                        <strong>Embrouille sous le capot\u00a0: \u201cCash investigation. SUV\u00a0: le jackpot des constructeurs automobiles\u201d<\/strong>                              <a href=\"https:\/\/www.europesays.com\/fr\/wp-content\/uploads\/2025\/09\/4f33499_upload-1-xmrdnbdgsrn8-cashinvestigation.jpg\" data-pswp-width=\"\" data-pswp-height=\"\" class=\"media__hd\" target=\"_blank\">      <img decoding=\"async\" loading=\"lazy\" src=\"https:\/\/www.europesays.com\/fr\/wp-content\/uploads\/2025\/09\/4f33499_upload-1-xmrdnbdgsrn8-cashinvestigation.jpg\" class=\"media__picture js-media-zoom  media__size--large\" alt=\"\u00c9lise Lucet, dans cet \u00e9pisode de Cash Investigation, d\u00e9construit l\u2019image de la voiture plus s\u00fbre et performante.\" title=\"\u00a9 Nathalie Guyon - FTV \/ \u00a9 Nathalie Guyon - FTV\"\/>      <\/p>\n<p class=\"media__legend\"> \u00c9lise Lucet, dans cet \u00e9pisode de Cash Investigation, d\u00e9construit l\u2019image de la voiture plus s\u00fbre et performante.  \u00a9 Nathalie Guyon &#8211; FTV \/ \u00a9 Nathalie Guyon &#8211; FTV  <\/p>\n<p>     <\/a>                          <\/p>\n<p class=\"paragraph\">\u00c9lise Lucet va encore se faire des amis avec cette enqu\u00eate qui d\u00e9molit un r\u00eave devenu r\u00e9alit\u00e9 pour beaucoup de Fran\u00e7ais\u00a0: conduire un SUV. Un v\u00e9hicule nomm\u00e9 d\u00e9sir qui co\u00fbte plus cher, pollue davantage et se r\u00e9v\u00e8le plus dangereux que les berlines. Soutenu par un lobby qui ne recule pas devant la mauvaise conduite.<\/p>\n<p>\u00c0 21h10 sur France\u00a02. Magazine pr\u00e9sent\u00e9 par \u00c9lise Lucet. R\u00e9daction en chef\u00a0: Zo\u00e9 de Bussierre. Enqu\u00eate\u00a0: Donatien Lemaitre (France, 2025). 90\u00a0mn. In\u00e9dit.<\/p>\n<p class=\"edito__prefixe\">   D\u00e9couvrir la note et la critique   <\/p>\n<p class=\"edito__text-container\">       <a alt=\"Lire aussi\" href=\"https:\/\/www.telerama.fr\/television\/suv-le-jackpot-des-constructeurs-automobiles-une-enquete-bien-carrossee-de-cash-investigation_cri-7040789.php\" class=\"article__title--edito\" rel=\"nofollow noopener\" target=\"_blank\">\u201cSUV\u00a0: le jackpot des constructeurs automobiles\u201d, une enqu\u00eate bien carross\u00e9e de \u201cCash investigation\u201d<\/a>  <\/p>\n<p>                                        <strong>Un pouvoir guerrier en question\u00a0: \u201cTsahal\u00a0: l\u2019arm\u00e9e isra\u00e9lienne \u00e0 l\u2019\u00e9preuve\u201d<\/strong>                              <a href=\"https:\/\/www.europesays.com\/fr\/wp-content\/uploads\/2025\/09\/a2dc5c7_upload-1-kygsk5dv11ru-122725-000-a-5596741.jpg\" data-pswp-width=\"\" data-pswp-height=\"\" class=\"media__hd\" target=\"_blank\">      <img decoding=\"async\" loading=\"lazy\" src=\"https:\/\/www.europesays.com\/fr\/wp-content\/uploads\/2025\/09\/a2dc5c7_upload-1-kygsk5dv11ru-122725-000-a-5596741.jpg\" class=\"media__picture js-media-zoom  media__size--large\" alt=\"Derri\u00e8re le mur\u00a0: la Cisjordanie. Les colons isra\u00e9liens sont prot\u00e9g\u00e9s par l\u2019arm\u00e9e isra\u00e9lienne, les attaques contre les Palestiniens restent impunies.\" title=\"Photo Hikari\/Pictanovo\"\/>      <\/p>\n<p class=\"media__legend\"> Derri\u00e8re le mur\u00a0: la Cisjordanie. Les colons isra\u00e9liens sont prot\u00e9g\u00e9s par l\u2019arm\u00e9e isra\u00e9lienne, les attaques contre les Palestiniens restent impunies.  Photo Hikari\/Pictanovo  <\/p>\n<p>     <\/a>                          <\/p>\n<p class=\"paragraph\">\u00c0 l\u2019heure o\u00f9 les actions militaires sont devenues le principal langage parl\u00e9 par Isra\u00ebl, ce documentaire aussi riche qu\u2019indispensable vient \u00e9clairer la puissance, les victoires, les \u00e9checs et les errances de la fameuse arm\u00e9e du pays. Une institution qui n\u2019est pas \u00e0 l\u2019abri des manipulations de toutes sortes, r\u00e9v\u00e8le ce brillant travail journalistique.<\/p>\n<p>\u00c0 21h00 sur Arte. Documentaire\u00a0de Damien Fleurette (France, 2025). 90\u00a0mn. In\u00e9dit.<\/p>\n<p class=\"edito__prefixe\">   D\u00e9couvrir la note et la critique   <\/p>\n<p class=\"edito__text-container\">       <a alt=\"Lire aussi\" href=\"https:\/\/www.telerama.fr\/television\/tsahal-l-armee-israelienne-a-l-epreuve-un-film-tres-documente-sur-une-strategie-de-longue-haleine_cri-7040792.php\" class=\"article__title--edito\" rel=\"nofollow noopener\" target=\"_blank\">\u201cTsahal\u00a0: l\u2019arm\u00e9e isra\u00e9lienne \u00e0 l\u2019\u00e9preuve\u201d, un film tr\u00e8s document\u00e9 sur une strat\u00e9gie de longue haleine<\/a>  <\/p>\n<p class=\"edito__prefixe\">   \u00c0 lire aussi :   <\/p>\n<p class=\"edito__text-container\">     <a alt=\"Lire aussi\" href=\"https:\/\/www.telerama.fr\/series-tv\/empathie-c-est-deja-fini-dix-series-a-regarder-si-vous-etes-en-manque-7027594.php\" class=\"article__title--edito\" rel=\"nofollow noopener\" target=\"_blank\">\u201cEmpathie\u201d, c\u2019est d\u00e9j\u00e0 fini\u00a0: dix s\u00e9ries \u00e0 regarder si vous \u00eates en manque<\/a>  <\/p>\n<p class=\"edito__prefixe\">   D\u00e9couvrir la note et la critique   <\/p>\n<p class=\"edito__text-container\">       <a alt=\"Lire aussi\" href=\"https:\/\/www.telerama.fr\/television\/paris-descartes-anatomie-d-un-scandale-un-documentaire-edifiant-sur-les-corps-donnes-a-la-science_cri-7040807.php\" class=\"article__title--edito\" rel=\"nofollow noopener\" target=\"_blank\">\u201cParis-Descartes, anatomie d\u2019un scandale\u201d, un documentaire \u00e9difiant sur les corps donn\u00e9s \u00e0 la science<\/a>  <\/p>\n<p class=\"paragraph\"><strong>Et si vous ne trouvez pas votre bonheur\u2026 <\/strong>consultez\u00a0<a target=\"_blank\" href=\"https:\/\/television.telerama.fr\/\" rel=\"nofollow noopener\">le programme TV de ce soir<\/a>. Ou piochez dans notre\u00a0<a target=\"_blank\" href=\"https:\/\/www.telerama.fr\/plateformes\" rel=\"nofollow noopener\">guide des plateformes<\/a>\u00a0pour trouver une s\u00e9rie, un film ou un documentaire en moins de cinq minutes sur Arte.tv, Netflix, Max, Apple\u00a0TV+, MyCanal, France.tv, Disney+\u2026<\/p>\n<p>        <img decoding=\"async\" class=\"snippet-generic__img\" src=\"https:\/\/www.europesays.com\/fr\/wp-content\/uploads\/2025\/04\/9969f08_sirius-fs-upload-1-qff12f27bjm0-1741867658571-design-sans-titre-30.png\"\/><\/p>\n<p class=\"snippet-generic__title\">On regarde quoi ?<\/p>\n<p class=\"snippet-generic__text\">Tous les soirs \u00e0 19h, une s\u00e9lection d\u2019articles, de programmes, et les derni\u00e8res critiques plateformes<\/p>\n<p>    <a href=\"https:\/\/sec.telerama.fr\/newsletters\/ecrantv?at_medium=display&amp;at_campaign=snippetecrantv\" rel=\"nofollow noopener\" target=\"_blank\"><\/p>\n<p>Recevoir la newsletter<\/p>\n<p>    <\/a><\/p>\n","protected":false},"excerpt":{"rendered":"On a besoin de l\u2019entrain de la com\u00e9die musicale am\u00e9ricaine, revisit\u00e9e dans un spectacle sur France\u00a04. La soir\u00e9e&hellip;\n","protected":false},"author":2,"featured_media":427861,"comment_status":"","ping_status":"","sticky":false,"template":"","format":"standard","meta":{"footnotes":""},"categories":[1356],"tags":[58,59,1011,27,252,1364],"class_list":{"0":"post-427860","1":"post","2":"type-post","3":"status-publish","4":"format-standard","5":"has-post-thumbnail","7":"category-television","8":"tag-divertissement","9":"tag-entertainment","10":"tag-fr","11":"tag-france","12":"tag-television","13":"tag-tv"},"share_on_mastodon":{"url":"https:\/\/pubeurope.com\/@fr\/115291667855823394","error":""},"_links":{"self":[{"href":"https:\/\/www.europesays.com\/fr\/wp-json\/wp\/v2\/posts\/427860","targetHints":{"allow":["GET"]}}],"collection":[{"href":"https:\/\/www.europesays.com\/fr\/wp-json\/wp\/v2\/posts"}],"about":[{"href":"https:\/\/www.europesays.com\/fr\/wp-json\/wp\/v2\/types\/post"}],"author":[{"embeddable":true,"href":"https:\/\/www.europesays.com\/fr\/wp-json\/wp\/v2\/users\/2"}],"replies":[{"embeddable":true,"href":"https:\/\/www.europesays.com\/fr\/wp-json\/wp\/v2\/comments?post=427860"}],"version-history":[{"count":0,"href":"https:\/\/www.europesays.com\/fr\/wp-json\/wp\/v2\/posts\/427860\/revisions"}],"wp:featuredmedia":[{"embeddable":true,"href":"https:\/\/www.europesays.com\/fr\/wp-json\/wp\/v2\/media\/427861"}],"wp:attachment":[{"href":"https:\/\/www.europesays.com\/fr\/wp-json\/wp\/v2\/media?parent=427860"}],"wp:term":[{"taxonomy":"category","embeddable":true,"href":"https:\/\/www.europesays.com\/fr\/wp-json\/wp\/v2\/categories?post=427860"},{"taxonomy":"post_tag","embeddable":true,"href":"https:\/\/www.europesays.com\/fr\/wp-json\/wp\/v2\/tags?post=427860"}],"curies":[{"name":"wp","href":"https:\/\/api.w.org\/{rel}","templated":true}]}}