{"id":427876,"date":"2025-09-30T05:53:11","date_gmt":"2025-09-30T05:53:11","guid":{"rendered":"https:\/\/www.europesays.com\/fr\/427876\/"},"modified":"2025-09-30T05:53:11","modified_gmt":"2025-09-30T05:53:11","slug":"une-frappe-de-drone-russe-tue-une-famille-de-quatre-personnes-pres-de-soumy","status":"publish","type":"post","link":"https:\/\/www.europesays.com\/fr\/427876\/","title":{"rendered":"Une frappe de drone russe tue une famille de quatre personnes pr\u00e8s de Soumy\u2026"},"content":{"rendered":"<p>Une famille de quatre personnes tu\u00e9e dans une frappe de drone russe<\/p>\n<p>Une famille de quatre personnes a \u00e9t\u00e9 tu\u00e9e dans une frappe de drone russe dans la r\u00e9gion de Soumy, dans le nord de l&rsquo;Ukraine, a indiqu\u00e9 mardi matin le chef de l&rsquo;administration militaire r\u00e9gionale, Oleg Grygorov<\/p>\n<p>\u00ab Ce soir, l&rsquo;ennemi a cibl\u00e9 un immeuble r\u00e9sidentiel dans le village de Tchernechchyna, dans l&rsquo;agglom\u00e9ration de Krasnopillia, avec un drone d&rsquo;attaque \u00bb, a-t-il \u00e9crit sur Telegram.<\/p>\n<p>\u00ab Les secouristes ont extrait les corps de quatre personnes d\u00e9c\u00e9d\u00e9es sous les d\u00e9combres \u2013  les parents et leurs fils \u00e2g\u00e9s de 6 et 4 ans \u00bb, a-t-il pr\u00e9cis\u00e9.<\/p>\n<p>Orban juge que l\u2019Ukraine n\u2019est \u00ab\u00a0pas un pays souverain\u00a0\u00bb<\/p>\n<p>En Hongrie, le Premier ministre Viktor Orban a minimis\u00e9 lundi le survol \u00e9ventuel par des drones hongrois de l\u2019espace a\u00e9rien ukrainien. \u00ab\u00a0Que deux, trois ou quatre drones hongrois aient franchi la fronti\u00e8re ou non n\u2019est pas le probl\u00e8me\u00a0\u00bb, a-t-il d\u00e9clar\u00e9, disant \u00ab\u00a0tendre \u00e0 croire son ministre\u00a0\u00bb de la D\u00e9fense Kristof Szalay-Bobrovniczky, qui a ni\u00e9 les accusations.<\/p>\n<p>\u00ab\u00a0Disons qu\u2019ils aient vol\u00e9 quelques m\u00e8tres dans le pays, et alors\u00a0?\u00a0\u00bb, a-t-il ajout\u00e9 dans un podcast anim\u00e9 par le porte-parole de son parti, affirmant que Kiev devrait plut\u00f4t \u00ab\u00a0s\u2019inqui\u00e9ter des drones\u00a0\u00bb russes \u00ab\u00a0\u00e0 sa fronti\u00e8re orientale\u00a0\u00bb.<\/p>\n<p>Surtout, selon lui, \u00ab\u00a0l\u2019Ukraine n\u2019est pas un pays ind\u00e9pendant et souverain, c\u2019est nous qui la maintenons \u00e0 flot, donc elle ne devrait pas se comporter comme si elle l\u2019\u00e9tait\u00a0\u00bb. Si \u00ab\u00a0l\u2019Occident d\u00e9cidait demain de ne plus donner un seul forint (la monnaie hongroise), l\u2019Ukraine s\u2019effondrerait\u00a0\u00bb.<\/p>\n<p>La Russie se retire d\u2019une convention europ\u00e9enne contre la torture<\/p>\n<p>Vladimir Poutine a sign\u00e9 lundi une loi pour retirer la Russie de la Convention europ\u00e9enne pour la pr\u00e9vention de la torture, cr\u00e9\u00e9e par le Conseil de l\u2019Europe dont Moscou a \u00e9t\u00e9 exclu en mars\u00a02022 apr\u00e8s son offensive contre l\u2019Ukraine. Selon un document publi\u00e9 par les autorit\u00e9s, le pr\u00e9sident russe a sign\u00e9 cette loi adopt\u00e9e pr\u00e9c\u00e9demment par le Parlement qui avait accus\u00e9 le Conseil de l\u2019Europe, bas\u00e9 \u00e0 Strasbourg, en France, de \u00ab\u00a0discrimination\u00a0\u00bb contre la Russie.<\/p>\n<p>La Convention europ\u00e9enne pour la pr\u00e9vention de la torture, ratifi\u00e9e par les 46 Etats membres actuels du Conseil de l\u2019Europe, vise \u00e0 prot\u00e9ger les personnes d\u00e9tenues de possibles violences et pr\u00e9voit notamment des contr\u00f4les dans les prisons.<\/p>\n<p>Bienvenue dans ce nouveau Live<\/p>\n<p>Bonjour \u00e0 toutes et \u00e0 tous. Comme chaque jour, la r\u00e9daction de 20 Minutes est mobilis\u00e9e pour vous donner l\u2019ensemble des informations sur le conflit entre Moscou et Kiev.<\/p>\n<p>Alors qu\u2019en Ukraine les combats se poursuivent, le ton ne cesse de monter entre d\u2019un c\u00f4t\u00e9 les pays de l\u2019Otan et de l\u2019Union europ\u00e9enne et de l\u2019autre le Kremlin. La Russie est en effet r\u00e9guli\u00e8rement accus\u00e9e par plusieurs capitales europ\u00e9ennes de mener une guerre hybride contre les pays soutenant l\u2019Ukraine, via des op\u00e9rations clandestines, des actions d\u2019ing\u00e9rence num\u00e9rique, ou en testant la r\u00e9activit\u00e9 des d\u00e9fenses militaires, dans le but de d\u00e9stabiliser ou mettre \u00e0 l\u2019\u00e9preuve l\u2019Europe et l\u2019Alliance atlantique.<\/p>\n","protected":false},"excerpt":{"rendered":"Une famille de quatre personnes tu\u00e9e dans une frappe de drone russe Une famille de quatre personnes a&hellip;\n","protected":false},"author":2,"featured_media":427877,"comment_status":"","ping_status":"","sticky":false,"template":"","format":"standard","meta":{"footnotes":""},"categories":[5],"tags":[47,11,73,1011,27,131,14,74,12,136,132,555,133,135,134,28],"class_list":{"0":"post-427876","1":"post","2":"type-post","3":"status-publish","4":"format-standard","5":"has-post-thumbnail","7":"category-international","8":"tag-actualite","9":"tag-actualites","10":"tag-etats-unis","11":"tag-fr","12":"tag-france","13":"tag-guerre-en-ukraine","14":"tag-international","15":"tag-monde","16":"tag-news","17":"tag-otan","18":"tag-russie","19":"tag-union-europeenne-ue","20":"tag-video","21":"tag-vladimir-poutine","22":"tag-volodymyr-zelensky","23":"tag-world"},"share_on_mastodon":{"url":"https:\/\/pubeurope.com\/@fr\/115291698213811084","error":""},"_links":{"self":[{"href":"https:\/\/www.europesays.com\/fr\/wp-json\/wp\/v2\/posts\/427876","targetHints":{"allow":["GET"]}}],"collection":[{"href":"https:\/\/www.europesays.com\/fr\/wp-json\/wp\/v2\/posts"}],"about":[{"href":"https:\/\/www.europesays.com\/fr\/wp-json\/wp\/v2\/types\/post"}],"author":[{"embeddable":true,"href":"https:\/\/www.europesays.com\/fr\/wp-json\/wp\/v2\/users\/2"}],"replies":[{"embeddable":true,"href":"https:\/\/www.europesays.com\/fr\/wp-json\/wp\/v2\/comments?post=427876"}],"version-history":[{"count":0,"href":"https:\/\/www.europesays.com\/fr\/wp-json\/wp\/v2\/posts\/427876\/revisions"}],"wp:featuredmedia":[{"embeddable":true,"href":"https:\/\/www.europesays.com\/fr\/wp-json\/wp\/v2\/media\/427877"}],"wp:attachment":[{"href":"https:\/\/www.europesays.com\/fr\/wp-json\/wp\/v2\/media?parent=427876"}],"wp:term":[{"taxonomy":"category","embeddable":true,"href":"https:\/\/www.europesays.com\/fr\/wp-json\/wp\/v2\/categories?post=427876"},{"taxonomy":"post_tag","embeddable":true,"href":"https:\/\/www.europesays.com\/fr\/wp-json\/wp\/v2\/tags?post=427876"}],"curies":[{"name":"wp","href":"https:\/\/api.w.org\/{rel}","templated":true}]}}