{"id":427882,"date":"2025-09-30T05:56:11","date_gmt":"2025-09-30T05:56:11","guid":{"rendered":"https:\/\/www.europesays.com\/fr\/427882\/"},"modified":"2025-09-30T05:56:11","modified_gmt":"2025-09-30T05:56:11","slug":"fraisses-antoine-petiot-est-lun-des-derniers-eleves-de-lecole-des-mines-de-la-malafolie","status":"publish","type":"post","link":"https:\/\/www.europesays.com\/fr\/427882\/","title":{"rendered":"Fraisses. Antoine Petiot est l\u2019un des derniers \u00e9l\u00e8ves de l\u2019\u00e9cole des Mines de La Malafolie"},"content":{"rendered":"<p>N\u00e9 \u00e0 Bas-en-Basset, Antoine Petiot, \u00e2g\u00e9 aujourd\u2019hui de 75 ans, est venu tout petit \u00e0 Fraisses. Il obtient son certificat d\u2019\u00e9tudes puis fera partie de la derni\u00e8re promotion de l\u2019\u00e9cole d\u2019apprentis mineurs de la Malafolie au Chambon-Feugerolles. Dans la session, ils \u00e9taient 28 dont seulement quatre (Lucien Royer, Roland Royer, Marcel Catalon et lui) ont fait carri\u00e8re \u00e0 la mine. Les autres, il les a perdus de vue.<\/p>\n<p>\u00ab\u00a0Le&#8230;                        <\/p>\n","protected":false},"excerpt":{"rendered":"N\u00e9 \u00e0 Bas-en-Basset, Antoine Petiot, \u00e2g\u00e9 aujourd\u2019hui de 75 ans, est venu tout petit \u00e0 Fraisses. Il obtient&hellip;\n","protected":false},"author":2,"featured_media":427883,"comment_status":"","ping_status":"","sticky":false,"template":"","format":"standard","meta":{"footnotes":""},"categories":[9653],"tags":[1111,11,2430,7539,1777,674,1011,32964,27,12,25,4001,517,14025],"class_list":{"0":"post-427882","1":"post","2":"type-post","3":"status-publish","4":"format-standard","5":"has-post-thumbnail","7":"category-saint-etienne","8":"tag-actu","9":"tag-actualites","10":"tag-auvergne-rhone-alpes","11":"tag-edition-loire-sud","12":"tag-eu","13":"tag-europe","14":"tag-fr","15":"tag-fraisses","16":"tag-france","17":"tag-news","18":"tag-republique-francaise","19":"tag-saint-etienne","20":"tag-sport","21":"tag-unieux-bassin"},"share_on_mastodon":{"url":"https:\/\/pubeurope.com\/@fr\/115291709983793143","error":""},"_links":{"self":[{"href":"https:\/\/www.europesays.com\/fr\/wp-json\/wp\/v2\/posts\/427882","targetHints":{"allow":["GET"]}}],"collection":[{"href":"https:\/\/www.europesays.com\/fr\/wp-json\/wp\/v2\/posts"}],"about":[{"href":"https:\/\/www.europesays.com\/fr\/wp-json\/wp\/v2\/types\/post"}],"author":[{"embeddable":true,"href":"https:\/\/www.europesays.com\/fr\/wp-json\/wp\/v2\/users\/2"}],"replies":[{"embeddable":true,"href":"https:\/\/www.europesays.com\/fr\/wp-json\/wp\/v2\/comments?post=427882"}],"version-history":[{"count":0,"href":"https:\/\/www.europesays.com\/fr\/wp-json\/wp\/v2\/posts\/427882\/revisions"}],"wp:featuredmedia":[{"embeddable":true,"href":"https:\/\/www.europesays.com\/fr\/wp-json\/wp\/v2\/media\/427883"}],"wp:attachment":[{"href":"https:\/\/www.europesays.com\/fr\/wp-json\/wp\/v2\/media?parent=427882"}],"wp:term":[{"taxonomy":"category","embeddable":true,"href":"https:\/\/www.europesays.com\/fr\/wp-json\/wp\/v2\/categories?post=427882"},{"taxonomy":"post_tag","embeddable":true,"href":"https:\/\/www.europesays.com\/fr\/wp-json\/wp\/v2\/tags?post=427882"}],"curies":[{"name":"wp","href":"https:\/\/api.w.org\/{rel}","templated":true}]}}