{"id":427886,"date":"2025-09-30T05:58:12","date_gmt":"2025-09-30T05:58:12","guid":{"rendered":"https:\/\/www.europesays.com\/fr\/427886\/"},"modified":"2025-09-30T05:58:12","modified_gmt":"2025-09-30T05:58:12","slug":"on-connait-lheure-et-le-parcours-de-la-manifestation-jeudi","status":"publish","type":"post","link":"https:\/\/www.europesays.com\/fr\/427886\/","title":{"rendered":"on conna\u00eet l&rsquo;heure et le parcours de la manifestation jeudi"},"content":{"rendered":"<p>            Par<br \/>\n        <strong><br \/>\n            <a href=\"https:\/\/actu.fr\/auteur\/pierre-emile-bouchy-actu-fr\" title=\"Consulter tous les articles de Paul-Emile Bouchy\" target=\"_blank\" rel=\"noopener\">Paul-Emile Bouchy<\/a><br \/>\n        <\/strong><\/p>\n<p>        Publi\u00e9 le<\/p>\n<p>            30 sept. 2025 \u00e0 7h02        <\/p>\n<p>Apr\u00e8s <a href=\"https:\/\/actu.fr\/grand-est\/nancy_54395\/bloquons-tout-le-10-septembre-a-nancy-nos-meilleures-images-de-la-manifestation_63142914.html\" target=\"_blank\" rel=\"noopener\">la mobilisation citoyenne \u00ab\u2009Bloquons tout\u2009\u00bb mercredi 10 septembre<\/a> et la <a href=\"https:\/\/actu.fr\/societe\/direct-greve-du-18-septembre-perturbations-blocages-manifestations-suivez-cette-journee-de-mobilisation_63172627.html\" target=\"_blank\" rel=\"noopener\">gr\u00e8ve du 18\u00a0septembre<\/a>, une nouvelle journ\u00e9e de gr\u00e8ve aura lieu <strong>jeudi 2\u00a0octobre 2025<\/strong> \u00e0 l\u2019appel des organisations syndicales.<\/p>\n<p class=\" wall-content\">Ainsi, une nouvelle manifestation sera organis\u00e9e dans le centre-ville de <a href=\"https:\/\/actu.fr\/grand-est\/nancy_54395\" target=\"_blank\" rel=\"noopener\">Nancy<\/a> (Meurthe-et-Moselle). On fait le point sur l\u2019horaire et le parcours du cort\u00e8ge.<\/p>\n<p>Le parcours de la manifestation jeudi \u00e0 Nancy<\/p>\n<p class=\" wall-content\">Comme le 18\u00a0septembre, la manifestation partira depuis la <strong>place Saint-Epvre<\/strong>. Le rendez-vous est donn\u00e9 <strong>\u00e0 14h<\/strong> avant un d\u00e9part et une prise de parole des syndicats \u00e0 14h30.<\/p>\n<p class=\" wall-content\">Si le parcours est quasiment similaire \u00e0 celui de la pr\u00e9c\u00e9dente manifestation (place Dombasle, rue du Grand Rabbin Haguenauer, rue Cyffl\u00e9, rue Saint-Dizier), <strong>l\u2019arriv\u00e9e sera place Saint-Epvre<\/strong>, en raison de la pr\u00e9sence du jardin \u00e9ph\u00e9m\u00e8re place Stanislas.<\/p>\n<p>Les syndicats pr\u00e9sents pour cette nouvelle manifestation<\/p>\n<p class=\" wall-content\">Joint par t\u00e9l\u00e9phone, R\u00e9gis Crunchant, secr\u00e9taire g\u00e9n\u00e9ral de l\u2019union d\u00e9partementale CGT de Meurthe-et-Moselle, confirme que les principaux syndicats seront r\u00e9unis lors de cette manifestation\u2009: <strong>CFDT, FO, CFE-CGC, UNSA, UNEF, FSU et Sud Solidaires<\/strong>.<\/p>\n<p class=\" wall-content\">\u00ab\u2009On \u00e9tait 7\u2009000 le 18\u00a0septembre. On esp\u00e8re mobiliser encore plus de monde jeudi, surtout si la m\u00e9t\u00e9o est cl\u00e9mente. <strong>Le m\u00e9contentement est toujours pr\u00e9sent, aucune r\u00e9ponse n\u2019a \u00e9t\u00e9 apport\u00e9e<\/strong>. On attend toujours des progr\u00e8s sociaux\u2009\u00bb, indique-t-il.<\/p>\n<p class=\" wall-content\">Personnalisez votre actualit\u00e9 en ajoutant vos villes et m\u00e9dias en favori avec <a href=\"https:\/\/moncompte.actu.fr\" title=\"D\u00e9couvez Mon Actu\" rel=\"nofollow noopener\" data-trk=\"{&quot;cta&quot;:{&quot;action&quot;:&quot;https:\\\/\\\/moncompte.actu.fr&quot;,&quot;category&quot;:&quot;mon compte&quot;,&quot;from&quot;:&quot;article footer&quot;,&quot;name&quot;:&quot;Mon actu&quot;,&quot;type&quot;:&quot;cta&quot;}}\" target=\"_blank\">Mon Actu<\/a>.<\/p>\n","protected":false},"excerpt":{"rendered":"Par Paul-Emile Bouchy Publi\u00e9 le 30 sept. 2025 \u00e0 7h02 Apr\u00e8s la mobilisation citoyenne \u00ab\u2009Bloquons tout\u2009\u00bb mercredi 10&hellip;\n","protected":false},"author":2,"featured_media":427887,"comment_status":"","ping_status":"","sticky":false,"template":"","format":"standard","meta":{"footnotes":""},"categories":[9635],"tags":[1111,11,1777,674,1011,27,775,6151,54872,1272,1702,12,25,104],"class_list":{"0":"post-427886","1":"post","2":"type-post","3":"status-publish","4":"format-standard","5":"has-post-thumbnail","7":"category-nancy","8":"tag-actu","9":"tag-actualites","10":"tag-eu","11":"tag-europe","12":"tag-fr","13":"tag-france","14":"tag-grand-est","15":"tag-greve","16":"tag-greve-du-2-octobre-2025","17":"tag-manifestations","18":"tag-nancy","19":"tag-news","20":"tag-republique-francaise","21":"tag-societe"},"share_on_mastodon":{"url":"https:\/\/pubeurope.com\/@fr\/115291717882306163","error":""},"_links":{"self":[{"href":"https:\/\/www.europesays.com\/fr\/wp-json\/wp\/v2\/posts\/427886","targetHints":{"allow":["GET"]}}],"collection":[{"href":"https:\/\/www.europesays.com\/fr\/wp-json\/wp\/v2\/posts"}],"about":[{"href":"https:\/\/www.europesays.com\/fr\/wp-json\/wp\/v2\/types\/post"}],"author":[{"embeddable":true,"href":"https:\/\/www.europesays.com\/fr\/wp-json\/wp\/v2\/users\/2"}],"replies":[{"embeddable":true,"href":"https:\/\/www.europesays.com\/fr\/wp-json\/wp\/v2\/comments?post=427886"}],"version-history":[{"count":0,"href":"https:\/\/www.europesays.com\/fr\/wp-json\/wp\/v2\/posts\/427886\/revisions"}],"wp:featuredmedia":[{"embeddable":true,"href":"https:\/\/www.europesays.com\/fr\/wp-json\/wp\/v2\/media\/427887"}],"wp:attachment":[{"href":"https:\/\/www.europesays.com\/fr\/wp-json\/wp\/v2\/media?parent=427886"}],"wp:term":[{"taxonomy":"category","embeddable":true,"href":"https:\/\/www.europesays.com\/fr\/wp-json\/wp\/v2\/categories?post=427886"},{"taxonomy":"post_tag","embeddable":true,"href":"https:\/\/www.europesays.com\/fr\/wp-json\/wp\/v2\/tags?post=427886"}],"curies":[{"name":"wp","href":"https:\/\/api.w.org\/{rel}","templated":true}]}}