{"id":427896,"date":"2025-09-30T06:03:12","date_gmt":"2025-09-30T06:03:12","guid":{"rendered":"https:\/\/www.europesays.com\/fr\/427896\/"},"modified":"2025-09-30T06:03:12","modified_gmt":"2025-09-30T06:03:12","slug":"ex-de-malherbe-encore-decisif-avec-montpellier-alexandre-mendy-en-pleine-renaissance-apres-une-annee-galere","status":"publish","type":"post","link":"https:\/\/www.europesays.com\/fr\/427896\/","title":{"rendered":"Ex de Malherbe. Encore d\u00e9cisif avec Montpellier, Alexandre Mendy en pleine renaissance apr\u00e8s une ann\u00e9e gal\u00e8re"},"content":{"rendered":"<p>            Par<br \/>\n        <strong><br \/>\n            <a href=\"https:\/\/actu.fr\/auteur\/maxence-gorregues\" title=\"Consulter tous les articles de Maxence Gorregues\" rel=\"nofollow noopener\" target=\"_blank\">Maxence Gorregues<\/a><br \/>\n        <\/strong><\/p>\n<p>        Publi\u00e9 le<\/p>\n<p>            29 sept. 2025 \u00e0 18h08        <\/p>\n<p>Apr\u00e8s une saison compliqu\u00e9e au <b>Stade Malherbe Caen<\/b> (Calvados), probablement celle de trop, au cours de laquelle il a connu <a href=\"https:\/\/actu.fr\/normandie\/caen_14118\/sm-caen-malherbe-relegue-en-national-une-onde-de-choc-et-des-interrogations_62547979.html\" rel=\"nofollow noopener\" target=\"_blank\">la rel\u00e9gation en National<\/a> avec les Bleu et Rouge, Alexandre Mendy semble revivre sous ses nouvelles couleurs, \u00e0 Montpellier. Alors qu\u2019il n\u2019avait inscrit qu\u2019un seul but en 2025 avec Malherbe, il s\u2019est d\u00e9j\u00e0 montr\u00e9 d\u00e9cisif \u00e0 quatre reprises avec Montpellier en Ligue 2. Pas plus tard que ce samedi 27 septembre 2025, il a sign\u00e9 le but de la victoire du MHSC sur la pelouse de Laval (0-1).\u00a0<\/p>\n<p>Impliqu\u00e9 dans 50% des buts de son \u00e9quipe<\/p>\n<p class=\" wall-content\">En huit matchs disput\u00e9s avec Montpellier, Alexandre Mendy, qui d\u00e9tient <a href=\"https:\/\/actu.fr\/normandie\/caen_14118\/football-le-sm-caen-honore-alexandre-mendy-meilleur-buteur-de-lhistoire-du-club_61816860.html\" rel=\"nofollow noopener\" target=\"_blank\">le record du nombre de buts marqu\u00e9 au SM Caen<\/a> (75 r\u00e9alisations en 175 matchs), a trouv\u00e9 le chemin des filets adverses \u00e0 deux reprises et a d\u00e9livr\u00e9 <b>deux passes d\u00e9cisives<\/b>. Des performances qui permettent \u00e0 Montpellier de bien figurer dans ce championnat. Les H\u00e9raultais occupent actuellement la septi\u00e8me place au classement de la Ligue 2, \u00e0 deux points de la cinqui\u00e8me, synonyme de barrages pour la mont\u00e9e en Ligue 1.\u00a0<\/p>\n<p class=\" wall-content\">Alexandre Mendy a \u00e9t\u00e9 impliqu\u00e9 dans <b>50% des buts inscrits<\/b> par son \u00e9quipe depuis le d\u00e9but de la saison. Un chiffre impressionnant qui doit cependant \u00eatre relativis\u00e9 : Montpellier marque peu. Les six formations devant le MHSC au classement ont toutes inscrits entre 12 et 17 buts.<\/p>\n<p class=\" wall-content\">D\u00e8s le premier match de championnat avec sa nouvelle \u00e9quipe, au Mans mi-ao\u00fbt, Alexandre Mendy avait fait forte impression. Sur le c\u00f4t\u00e9 droit, il avait \u00e9tal\u00e9 toute sa puissance pour percer la d\u00e9fense mancelle et d\u00e9livr\u00e9 une magnifique passe sur le but de la victoire dans les arr\u00eats de jeu (1-2). Alexandre Mendy revient en grande forme. Et c\u2019est Montpellier qui en profite.<\/p>\n<p class=\" wall-content\">Personnalisez votre actualit\u00e9 en ajoutant vos villes et m\u00e9dias en favori avec <a href=\"https:\/\/moncompte.actu.fr\" title=\"D\u00e9couvez Mon Actu\" rel=\"nofollow noopener\" data-trk=\"{&quot;cta&quot;:{&quot;action&quot;:&quot;https:\\\/\\\/moncompte.actu.fr&quot;,&quot;category&quot;:&quot;mon compte&quot;,&quot;from&quot;:&quot;article footer&quot;,&quot;name&quot;:&quot;Mon actu&quot;,&quot;type&quot;:&quot;cta&quot;}}\" target=\"_blank\">Mon Actu<\/a>.<\/p>\n","protected":false},"excerpt":{"rendered":"Par Maxence Gorregues Publi\u00e9 le 29 sept. 2025 \u00e0 18h08 Apr\u00e8s une saison compliqu\u00e9e au Stade Malherbe Caen&hellip;\n","protected":false},"author":2,"featured_media":427897,"comment_status":"","ping_status":"","sticky":false,"template":"","format":"standard","meta":{"footnotes":""},"categories":[9599],"tags":[1111,11,5164,1777,674,63,1011,27,2208,12,2680,25,60,266],"class_list":{"0":"post-427896","1":"post","2":"type-post","3":"status-publish","4":"format-standard","5":"has-post-thumbnail","7":"category-montpellier","8":"tag-actu","9":"tag-actualites","10":"tag-calvados","11":"tag-eu","12":"tag-europe","13":"tag-football","14":"tag-fr","15":"tag-france","16":"tag-montpellier","17":"tag-news","18":"tag-occitanie","19":"tag-republique-francaise","20":"tag-sports","21":"tag-stade-malherbe-de-caen"},"share_on_mastodon":{"url":"https:\/\/pubeurope.com\/@fr\/115291737514974844","error":""},"_links":{"self":[{"href":"https:\/\/www.europesays.com\/fr\/wp-json\/wp\/v2\/posts\/427896","targetHints":{"allow":["GET"]}}],"collection":[{"href":"https:\/\/www.europesays.com\/fr\/wp-json\/wp\/v2\/posts"}],"about":[{"href":"https:\/\/www.europesays.com\/fr\/wp-json\/wp\/v2\/types\/post"}],"author":[{"embeddable":true,"href":"https:\/\/www.europesays.com\/fr\/wp-json\/wp\/v2\/users\/2"}],"replies":[{"embeddable":true,"href":"https:\/\/www.europesays.com\/fr\/wp-json\/wp\/v2\/comments?post=427896"}],"version-history":[{"count":0,"href":"https:\/\/www.europesays.com\/fr\/wp-json\/wp\/v2\/posts\/427896\/revisions"}],"wp:featuredmedia":[{"embeddable":true,"href":"https:\/\/www.europesays.com\/fr\/wp-json\/wp\/v2\/media\/427897"}],"wp:attachment":[{"href":"https:\/\/www.europesays.com\/fr\/wp-json\/wp\/v2\/media?parent=427896"}],"wp:term":[{"taxonomy":"category","embeddable":true,"href":"https:\/\/www.europesays.com\/fr\/wp-json\/wp\/v2\/categories?post=427896"},{"taxonomy":"post_tag","embeddable":true,"href":"https:\/\/www.europesays.com\/fr\/wp-json\/wp\/v2\/tags?post=427896"}],"curies":[{"name":"wp","href":"https:\/\/api.w.org\/{rel}","templated":true}]}}