{"id":427900,"date":"2025-09-30T06:05:14","date_gmt":"2025-09-30T06:05:14","guid":{"rendered":"https:\/\/www.europesays.com\/fr\/427900\/"},"modified":"2025-09-30T06:05:14","modified_gmt":"2025-09-30T06:05:14","slug":"apres-un-match-du-fc-rouen-des-fafs-agressent-des-supporters-et-un-barman","status":"publish","type":"post","link":"https:\/\/www.europesays.com\/fr\/427900\/","title":{"rendered":"Apr\u00e8s un match du FC Rouen, des \u00ab fafs \u00bb agressent des supporters et un barman"},"content":{"rendered":"<p>            Par<br \/>\n        <strong><br \/>\n            <a href=\"https:\/\/actu.fr\/auteur\/yann-rivallan\" title=\"Consulter tous les articles de Yann Rivallan\" target=\"_blank\" rel=\"noopener\">Yann Rivallan<\/a><br \/>\n        <\/strong><\/p>\n<p>        Publi\u00e9 le<\/p>\n<p>            30 sept. 2025 \u00e0 7h06        <\/p>\n<p>Bastien* craint des repr\u00e9sailles. Dans la soir\u00e9e du vendredi 19\u00a0septembre 2025, il a \u00e9t\u00e9 victime d\u2019un \u00ab\u2009d\u00e9ferlement de violence\u2009\u00bb, en plein milieu de <strong>la rue Cauchoise<\/strong> \u00e0 <a href=\"https:\/\/actu.fr\/normandie\/rouen_76540\" target=\"_blank\" rel=\"noopener\">Rouen (Seine-Maritime)<\/a>. Ce commer\u00e7ant de 27\u00a0ans dit avoir \u00e9t\u00e9 agress\u00e9 par \u00ab\u2009une quinzaine de personnes\u2009\u00bb, dont certains seraient <strong>des supporters du FC Rouen<\/strong>.<\/p>\n<p>Des ultras du FCR s\u2019en prennent \u00e0 des clients<\/p>\n<p class=\" wall-content\">Tout commence aux alentours de 21h ce soir-l\u00e0. Deux clients s\u2019installent dans son \u00e9tablissement de la rue Cauchoise. Il s\u2019agit, selon Bastien, de \u00ab\u2009deux supporters du FCR\u2009\u00bb, qui rentrent tout juste de <strong>la rencontre face \u00e0 Orl\u00e9ans<\/strong> au stade Diochon.<\/p>\n<p class=\" wall-content\">De ce que comprend le commer\u00e7ant, ils auraient eu \u00ab\u2009un diff\u00e9rend au stade avec des ultras\u2009\u00bb.<\/p>\n<p class=\" wall-content\">C\u2019est \u00e0 ce moment que deux des fameux ultras d\u00e9barquent devant le commerce de la rue Cauchoise et commencent \u00e0 <strong>s\u2019en prendre aux deux clients<\/strong>. Bastien tente de calmer le jeu et les chasse.<\/p>\n<p class=\" wall-content\">Mais quelques minutes plus tard, ils reviennent avec un groupe plus cons\u00e9quent <strong>d\u2019une \u00ab\u2009quinzaine de personnes\u2009\u00bb<\/strong>, se souvient-il.<\/p>\n<p>\u00ab\u2009J\u2019ai re\u00e7u plein de coups de pied\u2009\u00bb<\/p>\n<p class=\" wall-content\">L\u00e0, un des ultras s\u2019approche \u00e0 nouveau d\u2019un des clients avec qui il a eu un diff\u00e9rend un peu plus t\u00f4t. Bastien s\u2019interpose pour l\u2019emp\u00eacher de porter un coup de poing. Mais c\u2019est lui qui devient la cible.<\/p>\n<p class=\" wall-content\">Il essaye de le tirer en dehors du commerce, mais le supporter du FCR se met \u00e0 lui donner <strong>des coups de poing et des coups de pied<\/strong>. Bastien tente de se d\u00e9fendre, mais quand il rel\u00e8ve la t\u00eate, l\u2019ensemble du groupe s\u2019est port\u00e9 \u00e0 sa hauteur.<\/p>\n<p>Votre r\u00e9gion, votre actu !<\/p>\n<p>Recevez chaque jour les infos qui comptent pour vous.<\/p>\n<p>\t<a href=\"https:\/\/actu.fr\/newsletter\" class=\"ac-btn ac-btn--corner ac-btn--medium ac-btn--blue800\" target=\"_blank\" rel=\"noopener\">S&rsquo;incrire<\/a><\/p>\n<blockquote class=\"ac-article-quote wall-content\">\n<p>Je suis parti en courant mais l&rsquo;un d&rsquo;eux m&rsquo;a fait une balayette. Je suis tomb\u00e9 au sol et j&rsquo;ai re\u00e7u plein de coups de pieds.<\/p>\n<p>    <strong>Bastien<\/strong><br \/>\n        Commer\u00e7ant de la rue Cauchoise    <\/p><\/blockquote>\n<p class=\" wall-content\">Le g\u00e9rant d\u2019un autre commerce vient lui porter secours. \u00ab\u2009\u00c7a m\u2019a laiss\u00e9 le temps de me relever et de <strong>m\u2019enfuir dans un restaurant\u2009\u00bb<\/strong>, relate Bastien. Mais m\u00eame en s\u00e9curit\u00e9, le groupe violent, dont certains membres se revendiquent ouvertement comme \u00ab\u2009des fafs [pour la France aux Fran\u00e7ais, NDLR]\u2009\u00bb, continue \u00e0 menacer le commer\u00e7ant de 27\u00a0ans.<\/p>\n<p class=\" wall-content\">\u00ab\u2009Ils ont enfil\u00e9 des cagoules et ont lanc\u00e9 des canettes sur la terrasse, pr\u00eats \u00e0 se battre\u2009\u00bb, se rem\u00e9more-t-il. Il appelle la police et ses agresseurs finissent par se disperser. \u00ab\u2009Mais je me dis qu\u2019ils pourraient revenir se venger\u2026\u2009\u00bb<\/p>\n<p>\u00ab\u2009J\u2019aimerais que \u00e7a change\u2009\u00bb<\/p>\n<p class=\" wall-content\">D\u00e8s lundi 22\u00a0septembre, Bastien <strong>d\u00e9pose plainte<\/strong> au commissariat de police de Rouen. Aujourd\u2019hui, il garde des s\u00e9quelles de cet \u00e9pisode de violences\u2009: \u00ab\u2009J\u2019ai des contusions partout, j\u2019ai un doigt qui est endommag\u00e9 et que je ne peux plus plier.\u2009\u00bb<\/p>\n<p class=\" wall-content\">Mais le plus dommageable, selon lui, c\u2019est <strong>la mauvaise image<\/strong> que cette agression donne \u00e0 la rue Cauchoise. \u00ab\u2009Il y a un sujet\u2009\u00bb, assure-t-il. \u00ab\u2009Il y a une ambiance parfois compliqu\u00e9e \u00e0 g\u00e9rer et qui n\u2019est pas toujours propice au commerce, m\u00eame si la situation s\u2019est un peu am\u00e9lior\u00e9e ces derni\u00e8res ann\u00e9es.\u2009\u00bb<\/p>\n<blockquote class=\"ac-article-quote wall-content\">\n<p>Je trouve que la police ne passe pas souvent. J&rsquo;aimerais que \u00e7a change.<\/p>\n<p>    <strong>Bastien<\/strong><br \/>\n        Commer\u00e7ant de la rue Cauchoise    <\/p><\/blockquote>\n<p class=\" wall-content\">Il l\u2019assure\u2009: \u00ab\u2009Ce serait ma hantise que \u00e7a arrive \u00e0 quelqu\u2019un d\u2019autre.\u2009\u00bb Contact\u00e9e par 76actu, une source polici\u00e8re confirme qu\u2019une <strong>enqu\u00eate est toujours en cours<\/strong> pour retrouver les agresseurs du commer\u00e7ant.<\/p>\n<p class=\" wall-content\">*Le pr\u00e9nom a \u00e9t\u00e9 modifi\u00e9<\/p>\n<p>Suivez l\u2019actualit\u00e9 de Rouen sur <a href=\"https:\/\/www.whatsapp.com\/channel\/0029VaKfnf99hXF2ddApFB1D\" target=\"_blank\" rel=\"noopener\">notre cha\u00eene WhatsApp<\/a> et sur <a href=\"https:\/\/www.tiktok.com\/@76actu.fr?lang=fr\" target=\"_blank\" rel=\"noopener\">notre compte TikTok<\/a><\/p>\n<p class=\" wall-content\">Personnalisez votre actualit\u00e9 en ajoutant vos villes et m\u00e9dias en favori avec <a href=\"https:\/\/moncompte.actu.fr\" title=\"D\u00e9couvez Mon Actu\" rel=\"nofollow noopener\" data-trk=\"{&quot;cta&quot;:{&quot;action&quot;:&quot;https:\\\/\\\/moncompte.actu.fr&quot;,&quot;category&quot;:&quot;mon compte&quot;,&quot;from&quot;:&quot;article footer&quot;,&quot;name&quot;:&quot;Mon actu&quot;,&quot;type&quot;:&quot;cta&quot;}}\" target=\"_blank\">Mon Actu<\/a>.<\/p>\n<p>                    <script async src=\"\/\/www.tiktok.com\/embed.js\"><\/script><\/p>\n","protected":false},"excerpt":{"rendered":"Par Yann Rivallan Publi\u00e9 le 30 sept. 2025 \u00e0 7h06 Bastien* craint des repr\u00e9sailles. Dans la soir\u00e9e du&hellip;\n","protected":false},"author":2,"featured_media":427901,"comment_status":"","ping_status":"","sticky":false,"template":"","format":"standard","meta":{"footnotes":""},"categories":[9587],"tags":[1111,11,1777,674,118,12003,1011,27,12,5161,1072,25,9590,7501],"class_list":{"0":"post-427900","1":"post","2":"type-post","3":"status-publish","4":"format-standard","5":"has-post-thumbnail","7":"category-rouen","8":"tag-actu","9":"tag-actualites","10":"tag-eu","11":"tag-europe","12":"tag-faits-divers","13":"tag-fc-rouen","14":"tag-fr","15":"tag-france","16":"tag-news","17":"tag-normandie","18":"tag-police","19":"tag-republique-francaise","20":"tag-rouen","21":"tag-violences-urbaines"},"share_on_mastodon":{"url":"https:\/\/pubeurope.com\/@fr\/115291745410975240","error":""},"_links":{"self":[{"href":"https:\/\/www.europesays.com\/fr\/wp-json\/wp\/v2\/posts\/427900","targetHints":{"allow":["GET"]}}],"collection":[{"href":"https:\/\/www.europesays.com\/fr\/wp-json\/wp\/v2\/posts"}],"about":[{"href":"https:\/\/www.europesays.com\/fr\/wp-json\/wp\/v2\/types\/post"}],"author":[{"embeddable":true,"href":"https:\/\/www.europesays.com\/fr\/wp-json\/wp\/v2\/users\/2"}],"replies":[{"embeddable":true,"href":"https:\/\/www.europesays.com\/fr\/wp-json\/wp\/v2\/comments?post=427900"}],"version-history":[{"count":0,"href":"https:\/\/www.europesays.com\/fr\/wp-json\/wp\/v2\/posts\/427900\/revisions"}],"wp:featuredmedia":[{"embeddable":true,"href":"https:\/\/www.europesays.com\/fr\/wp-json\/wp\/v2\/media\/427901"}],"wp:attachment":[{"href":"https:\/\/www.europesays.com\/fr\/wp-json\/wp\/v2\/media?parent=427900"}],"wp:term":[{"taxonomy":"category","embeddable":true,"href":"https:\/\/www.europesays.com\/fr\/wp-json\/wp\/v2\/categories?post=427900"},{"taxonomy":"post_tag","embeddable":true,"href":"https:\/\/www.europesays.com\/fr\/wp-json\/wp\/v2\/tags?post=427900"}],"curies":[{"name":"wp","href":"https:\/\/api.w.org\/{rel}","templated":true}]}}