{"id":427905,"date":"2025-09-30T06:08:13","date_gmt":"2025-09-30T06:08:13","guid":{"rendered":"https:\/\/www.europesays.com\/fr\/427905\/"},"modified":"2025-09-30T06:08:13","modified_gmt":"2025-09-30T06:08:13","slug":"une-nouvelle-tour-signal-a-rennes-un-projet-dimmeuble-de-15-etages-fait-debat","status":"publish","type":"post","link":"https:\/\/www.europesays.com\/fr\/427905\/","title":{"rendered":"\u00ab\u00a0Une nouvelle tour signal\u00a0\u00bb\u00a0: \u00e0 Rennes, un projet d\u2019immeuble de 15 \u00e9tages fait d\u00e9bat"},"content":{"rendered":"<p>Ce fut l\u2019un des sujets chauds du dernier conseil municipal de Rennes du lundi 22 septembre. Les \u00e9lus rennais ont vot\u00e9 la cession \u00e0 B\u00e2ti Armor des parcelles situ\u00e9es au 52-54 du boulevard Villebois-Mareuil, \u00e0 l\u2019angle avec la rue Louis Coquillet. Le promoteur immobilier y a pr\u00e9vu une op\u00e9ration immobili\u00e8re de 223 logements, r\u00e9partis sur quatre immeubles, dont, selon nos informations, un b\u00e2timent en R + 3, deux en R + 5, mais aussi un immeuble en R + 15.<\/p>\n<p>Un b\u00e2timent de grande hauteur en bordure de voie ferr\u00e9e qui a soulev\u00e9 des critiques de la part d\u2019Henri-No\u00ebl Ruiz, \u00e9lu d\u2019opposition du groupe R\u00e9v\u00e9ler Rennes de Carole Gandon : \u00ab Des questions se posent sur \u00e0 la fois la forme urbaine de ce projet et son insertion sur cet axe. Alors que le reste de l\u2019axe est constitu\u00e9 d\u2019immeubles de hauteur moyenne, ce projet int\u00e8gre un immeuble haut de 15 \u00e9tages, soit environ 45 m\u00e8tres, une nouvelle tour signal dont on imagine mal \u00e0 qui s\u2019adressera le signal en question\u2026 aux passagers des trains qui circuleront juste sous les fen\u00eatres de l\u2019immeuble \u00bb.<\/p>\n<p>\u00ab Une densification massive \u00bb<\/p>\n<p>L\u2019\u00e9lu rennais y voit une \u00ab densification massive \u00bb dans ce secteur de la rue de Ch\u00e2teaugiron, une des art\u00e8res p\u00e9n\u00e9trantes vers le centre-ville de Rennes. \u00ab Un projet comme celui de B\u00e2ti Armor, s\u2019il vient \u00e0 se concr\u00e9tiser, apportera une couche suppl\u00e9mentaire \u00e0 cette \u00e9volution. Les associations de riverains vous ont alert\u00e9s \u00e0 plusieurs reprises sur la perte d\u2019identit\u00e9 de ce quartier, la r\u00e9duction sensible de ses espaces verts et la saturation des axes de circulation, des espaces de stationnement comme des lignes de transport en commun. \u00bb<\/p>\n<p>\u00ab Avec vous, ce n\u2019est jamais le bon moment, jamais la bonne m\u00e9thode, jamais la bonne forme, jamais le bon endroit, lui a r\u00e9pondu Marc Herv\u00e9, premier adjoint. Ce quartier est essentiellement pavillonnaire et n\u2019a que tr\u00e8s peu connu de nouveaux logements des ann\u00e9es 1990 aux ann\u00e9es 2010. Il n\u2019a donc pas particip\u00e9 \u00e0 l\u2019accueil des populations pendant pr\u00e8s de 20 ans \u00bb. Selon lui, \u00ab tout quartier de Rennes doit \u00eatre l\u2019objet de l\u2019accueil des populations. L\u00e0, \u00e7a ne me semble pas excessif. \u00bb<\/p>\n<p>Sollicit\u00e9, Bati Armor n\u2019a pas r\u00e9pondu \u00e0 nos questions.<\/p>\n","protected":false},"excerpt":{"rendered":"Ce fut l\u2019un des sujets chauds du dernier conseil municipal de Rennes du lundi 22 septembre. Les \u00e9lus&hellip;\n","protected":false},"author":2,"featured_media":427906,"comment_status":"","ping_status":"","sticky":false,"template":"","format":"standard","meta":{"footnotes":""},"categories":[2821],"tags":[1111,11,829,1777,674,1011,27,848,12,584,25,10810],"class_list":{"0":"post-427905","1":"post","2":"type-post","3":"status-publish","4":"format-standard","5":"has-post-thumbnail","7":"category-rennes","8":"tag-actu","9":"tag-actualites","10":"tag-bretagne","11":"tag-eu","12":"tag-europe","13":"tag-fr","14":"tag-france","15":"tag-ille-et-vilaine","16":"tag-news","17":"tag-rennes","18":"tag-republique-francaise","19":"tag-urbanisme-a-rennes"},"share_on_mastodon":{"url":"https:\/\/pubeurope.com\/@fr\/115291757559909898","error":""},"_links":{"self":[{"href":"https:\/\/www.europesays.com\/fr\/wp-json\/wp\/v2\/posts\/427905","targetHints":{"allow":["GET"]}}],"collection":[{"href":"https:\/\/www.europesays.com\/fr\/wp-json\/wp\/v2\/posts"}],"about":[{"href":"https:\/\/www.europesays.com\/fr\/wp-json\/wp\/v2\/types\/post"}],"author":[{"embeddable":true,"href":"https:\/\/www.europesays.com\/fr\/wp-json\/wp\/v2\/users\/2"}],"replies":[{"embeddable":true,"href":"https:\/\/www.europesays.com\/fr\/wp-json\/wp\/v2\/comments?post=427905"}],"version-history":[{"count":0,"href":"https:\/\/www.europesays.com\/fr\/wp-json\/wp\/v2\/posts\/427905\/revisions"}],"wp:featuredmedia":[{"embeddable":true,"href":"https:\/\/www.europesays.com\/fr\/wp-json\/wp\/v2\/media\/427906"}],"wp:attachment":[{"href":"https:\/\/www.europesays.com\/fr\/wp-json\/wp\/v2\/media?parent=427905"}],"wp:term":[{"taxonomy":"category","embeddable":true,"href":"https:\/\/www.europesays.com\/fr\/wp-json\/wp\/v2\/categories?post=427905"},{"taxonomy":"post_tag","embeddable":true,"href":"https:\/\/www.europesays.com\/fr\/wp-json\/wp\/v2\/tags?post=427905"}],"curies":[{"name":"wp","href":"https:\/\/api.w.org\/{rel}","templated":true}]}}