{"id":427907,"date":"2025-09-30T06:09:23","date_gmt":"2025-09-30T06:09:23","guid":{"rendered":"https:\/\/www.europesays.com\/fr\/427907\/"},"modified":"2025-09-30T06:09:23","modified_gmt":"2025-09-30T06:09:23","slug":"a-rennes-ce-nouveau-restaurant-italien-a-ouvert-au-bord-de-leau-sur-le-mail-mitterand-sport","status":"publish","type":"post","link":"https:\/\/www.europesays.com\/fr\/427907\/","title":{"rendered":"\u00c0 Rennes, ce nouveau restaurant italien a ouvert au bord de l\u2019eau, sur le mail Mitterand . Sport"},"content":{"rendered":"<p>Le bar \u00e0 cocktail Canal 99 a laiss\u00e9 place, vendredi 19 septembre 2025, \u00e0 Sipario, un restaurant italien mais pas seulement.<\/p>\n<p>Cr\u00e9\u00e9 par Audrey Puzella, Morlaisienne, et Graziano Puzella, Napolitain, \u00a0ce lieu au bord de l\u2019eau est con\u00e7u comme un espace vivant \u00e0 la fois chic et d\u00e9contract\u00e9 o\u00f9 l\u2019on vient pour savourer, partager, trinquer et danser\u00a0. Dans cet \u00e9tablissement r\u00e9parti sur quatre\u00a0niveaux, les clients d\u00e9couvrent d\u2019abord un bar et une terrasse pour grignoter et siroter.<\/p>\n<p><strong>Lire l\u2019article :<\/strong>\u00a0<a href=\"https:\/\/rennes.maville.com\/actu\/actudet_-pizza-pates-focaccia-dans-le-centre-de-rennes-deux-nouvelles-adresses-de-cuisine-italienne-_52674-6955387_actu.Htm\" rel=\"nofollow noopener\" target=\"_blank\">Pizza, p\u00e2tes, focaccia : dans le centre de Rennes, deux nouvelles adresses de cuisine italienne<\/a><\/p>\n<p>\u00abToute l\u2019Italie, rien que l\u2019Italie \u00bb<\/p>\n<p>Aux deux niveaux sup\u00e9rieurs, on trouve un restaurant et une salle privatisable. Au dernier \u00e9tage, un club pour danser et faire la f\u00eate. C\u00f4t\u00e9 restauration, \u00a0pas de demi-mesure\u00a0: l\u2019Italie, toute l\u2019Italie, rien que l\u2019Italie\u00a0\u00bb, avec des assiettes qui chantent les louanges de la gastronomie italienne sublimant les traditions m\u00e9diterran\u00e9ennes.<\/p>\n<p>Six entr\u00e9es, treize plats, une s\u00e9lection de desserts et d\u2019aperitivos ainsi qu\u2019une belle et longue carte des vins, de toutes les r\u00e9gions transalpines. Formule deux\u00a0plats\u00a0: 19,90\u00a0\u20ac, trois\u00a0plats 21,90\u00a0\u20ac. Le brunch du samedi et dimanche midi est \u00e0 29,90\u00a0\u20ac.<\/p>\n<p><strong>Sipario <\/strong>99, mail Fran\u00e7ois-Mitterrand. T\u00e9l.\u00a009\u00a053\u00a032\u00a082\u00a029, ouvert tous les jours. \u00c0 partir du mercredi, soir\u00e9es \u00e0 th\u00e8me de 22\u00a0h \u00e0 2\u00a0h.<\/p>\n<p>\u00a0<\/p>\n","protected":false},"excerpt":{"rendered":"Le bar \u00e0 cocktail Canal 99 a laiss\u00e9 place, vendredi 19 septembre 2025, \u00e0 Sipario, un restaurant italien&hellip;\n","protected":false},"author":2,"featured_media":427069,"comment_status":"","ping_status":"","sticky":false,"template":"","format":"standard","meta":{"footnotes":""},"categories":[2821],"tags":[1111,11,3809,1465,829,1777,674,63,1011,27,1792,1922,12,584,25,479,517,1470],"class_list":{"0":"post-427907","1":"post","2":"type-post","3":"status-publish","4":"format-standard","5":"has-post-thumbnail","7":"category-rennes","8":"tag-actu","9":"tag-actualites","10":"tag-ball","11":"tag-basket","12":"tag-bretagne","13":"tag-eu","14":"tag-europe","15":"tag-football","16":"tag-fr","17":"tag-france","18":"tag-handball","19":"tag-info","20":"tag-news","21":"tag-rennes","22":"tag-republique-francaise","23":"tag-rugby","24":"tag-sport","25":"tag-volley"},"share_on_mastodon":{"url":"https:\/\/pubeurope.com\/@fr\/115291761116924338","error":""},"_links":{"self":[{"href":"https:\/\/www.europesays.com\/fr\/wp-json\/wp\/v2\/posts\/427907","targetHints":{"allow":["GET"]}}],"collection":[{"href":"https:\/\/www.europesays.com\/fr\/wp-json\/wp\/v2\/posts"}],"about":[{"href":"https:\/\/www.europesays.com\/fr\/wp-json\/wp\/v2\/types\/post"}],"author":[{"embeddable":true,"href":"https:\/\/www.europesays.com\/fr\/wp-json\/wp\/v2\/users\/2"}],"replies":[{"embeddable":true,"href":"https:\/\/www.europesays.com\/fr\/wp-json\/wp\/v2\/comments?post=427907"}],"version-history":[{"count":0,"href":"https:\/\/www.europesays.com\/fr\/wp-json\/wp\/v2\/posts\/427907\/revisions"}],"wp:featuredmedia":[{"embeddable":true,"href":"https:\/\/www.europesays.com\/fr\/wp-json\/wp\/v2\/media\/427069"}],"wp:attachment":[{"href":"https:\/\/www.europesays.com\/fr\/wp-json\/wp\/v2\/media?parent=427907"}],"wp:term":[{"taxonomy":"category","embeddable":true,"href":"https:\/\/www.europesays.com\/fr\/wp-json\/wp\/v2\/categories?post=427907"},{"taxonomy":"post_tag","embeddable":true,"href":"https:\/\/www.europesays.com\/fr\/wp-json\/wp\/v2\/tags?post=427907"}],"curies":[{"name":"wp","href":"https:\/\/api.w.org\/{rel}","templated":true}]}}