{"id":427908,"date":"2025-09-30T06:10:16","date_gmt":"2025-09-30T06:10:16","guid":{"rendered":"https:\/\/www.europesays.com\/fr\/427908\/"},"modified":"2025-09-30T06:10:16","modified_gmt":"2025-09-30T06:10:16","slug":"eckbolsheim-lexposition-de-peinture-et-de-sculpture-celebre-ses-30-ans-les-11-et-12-octobre","status":"publish","type":"post","link":"https:\/\/www.europesays.com\/fr\/427908\/","title":{"rendered":"Eckbolsheim. L&rsquo;exposition de peinture et de sculpture\u00a0c\u00e9l\u00e8bre ses 30 ans les 11 et 12 octobre"},"content":{"rendered":"<p class=\"insetTitle\">Zoom sur Camille Claus, avec une conf\u00e9rence le 8\u00a0octobre<\/p>\n<p>Un jour d\u2019\u00e9t\u00e9 2005, le peintre Camille Claus, alors \u00e2g\u00e9 de 84 ans, a tir\u00e9 volontairement sa r\u00e9v\u00e9rence. Apr\u00e8s une vie secou\u00e9e par les tumultes de l\u2019histoire alsacienne\u00a0: incarc\u00e9ration \u00e0 Schirmeck, incorporation de force, internement \u00e0 Tambov, difficile reconstruction\u2026 Apr\u00e8s une recherche artistique obstin\u00e9e, passant par l\u2019expressionnisme, l\u2019abstraction et une figuration empreinte de po\u00e9sie et d\u2019onirisme\u2026 Le peintre Luc Dornstetter qui fut son \u00e9l\u00e8ve \u00e0 l\u2019\u00e9cole sup\u00e9rieure des Arts d\u00e9coratifs pr\u00e9sentera, lors d\u2019une conf\u00e9rence, sa vie, son \u0153uvre et commentera les toiles de l\u2019artiste figurant \u00e0 la mairie.<\/p>\n<p class=\"note\">Mercredi 8\u00a0octobre \u00e0 19\u00a0h, \u00e0 la mairie, salle du conseil, 9 rue du G\u00e9n\u00e9ral-Leclerc, Eckbolsheim. Gratuit. Sur inscription sur le site de la mairie ou au 03\u00a088\u00a076\u00a047\u00a076. Dur\u00e9e\u00a0: 1\u00a0h\u00a030 environ.<\/p>\n","protected":false},"excerpt":{"rendered":"Zoom sur Camille Claus, avec une conf\u00e9rence le 8\u00a0octobre Un jour d\u2019\u00e9t\u00e9 2005, le peintre Camille Claus, alors&hellip;\n","protected":false},"author":2,"featured_media":427909,"comment_status":"","ping_status":"","sticky":false,"template":"","format":"standard","meta":{"footnotes":""},"categories":[2820],"tags":[1111,11,6211,1687,11353,2880,1777,674,2271,107,1011,27,775,12,2661,5486,25,640,3089],"class_list":{"0":"post-427908","1":"post","2":"type-post","3":"status-publish","4":"format-standard","5":"has-post-thumbnail","7":"category-strasbourg","8":"tag-actu","9":"tag-actualites","10":"tag-conference","11":"tag-culture-loisirs","12":"tag-eckbolsheim","13":"tag-edition-strasbourg","14":"tag-eu","15":"tag-europe","16":"tag-exposition-arts-plastiques","17":"tag-fil-info","18":"tag-fr","19":"tag-france","20":"tag-grand-est","21":"tag-news","22":"tag-patrimoine-culturel","23":"tag-rencontre","24":"tag-republique-francaise","25":"tag-strasbourg","26":"tag-strasbourg-sud"},"share_on_mastodon":{"url":"https:\/\/pubeurope.com\/@fr\/115291765251175322","error":""},"_links":{"self":[{"href":"https:\/\/www.europesays.com\/fr\/wp-json\/wp\/v2\/posts\/427908","targetHints":{"allow":["GET"]}}],"collection":[{"href":"https:\/\/www.europesays.com\/fr\/wp-json\/wp\/v2\/posts"}],"about":[{"href":"https:\/\/www.europesays.com\/fr\/wp-json\/wp\/v2\/types\/post"}],"author":[{"embeddable":true,"href":"https:\/\/www.europesays.com\/fr\/wp-json\/wp\/v2\/users\/2"}],"replies":[{"embeddable":true,"href":"https:\/\/www.europesays.com\/fr\/wp-json\/wp\/v2\/comments?post=427908"}],"version-history":[{"count":0,"href":"https:\/\/www.europesays.com\/fr\/wp-json\/wp\/v2\/posts\/427908\/revisions"}],"wp:featuredmedia":[{"embeddable":true,"href":"https:\/\/www.europesays.com\/fr\/wp-json\/wp\/v2\/media\/427909"}],"wp:attachment":[{"href":"https:\/\/www.europesays.com\/fr\/wp-json\/wp\/v2\/media?parent=427908"}],"wp:term":[{"taxonomy":"category","embeddable":true,"href":"https:\/\/www.europesays.com\/fr\/wp-json\/wp\/v2\/categories?post=427908"},{"taxonomy":"post_tag","embeddable":true,"href":"https:\/\/www.europesays.com\/fr\/wp-json\/wp\/v2\/tags?post=427908"}],"curies":[{"name":"wp","href":"https:\/\/api.w.org\/{rel}","templated":true}]}}