{"id":427912,"date":"2025-09-30T06:12:14","date_gmt":"2025-09-30T06:12:14","guid":{"rendered":"https:\/\/www.europesays.com\/fr\/427912\/"},"modified":"2025-09-30T06:12:14","modified_gmt":"2025-09-30T06:12:14","slug":"nice-la-ligne-1-du-tramway-interrompue-certains-soirs-un-autre-moyen-de-transport-mis-en-place","status":"publish","type":"post","link":"https:\/\/www.europesays.com\/fr\/427912\/","title":{"rendered":"Nice. La ligne 1 du tramway interrompue certains soirs, un autre moyen de transport mis en place"},"content":{"rendered":"<p>            Par<br \/>\n        <strong><br \/>\n            <a href=\"https:\/\/actu.fr\/auteur\/arthur-frand\" title=\"Consulter tous les articles de Arthur Frand\" rel=\"nofollow noopener\" target=\"_blank\">Arthur Frand<\/a><br \/>\n        <\/strong><\/p>\n<p>        Publi\u00e9 le<\/p>\n<p>            30 sept. 2025 \u00e0 7h16        <\/p>\n<p>Les habitu\u00e9s de la ligne 1 de tramway \u00e0 <a href=\"https:\/\/www.lignesdazur.com\/perturbation\/25979\" rel=\"nofollow noopener\" target=\"_blank\">Nice<\/a> (<a href=\"https:\/\/actu.fr\/provence-alpes-cote-d-azur\/alpes-maritimes_06\" rel=\"nofollow noopener\" target=\"_blank\">Alpes-Maritimes<\/a>) vont devoir <strong>anticiper<\/strong> et repenser leurs trajets ces prochains jours. En effet, jusqu\u2019au 23\u00a0octobre, <strong>aucun tram<\/strong> ne circulera certains soirs \u00e0 partir de 21h45.<\/p>\n<p>Des travaux d\u2019entretien des voies<\/p>\n<p class=\" wall-content\">Des <strong>travaux<\/strong> ont d\u00e9but\u00e9, ce dimanche 29\u00a0septembre, pour traiter l\u2019usure des rails. L\u2019op\u00e9ration est programm\u00e9e sur plusieurs nuits. La plupart du temps en d\u00e9but de semaine afin de limiter l\u2019impact sur la population et les touristes. Les rames de la ligne 1 seront <strong>\u00e0 l\u2019arr\u00eat<\/strong>\u2009durant les nuits suivantes\u2009:<\/p>\n<ul class=\" wall-content\">\n<li>Du dimanche 29\u00a0septembre au jeudi 2\u00a0octobre inclus<\/li>\n<li>Du dimanche\u00a05 au mardi 7\u00a0octobre inclus<\/li>\n<li>Le jeudi\u00a09 au vendredi 10\u00a0octobre<\/li>\n<li>Du dimanche\u00a012 au jeudi 16\u00a0octobre inclus<\/li>\n<li>Du dimanche\u00a019 au jeudi 23\u00a0octobre inclus<\/li>\n<\/ul>\n<p>    <img   decoding=\"async\" loading=\"lazy\" src=\"https:\/\/www.europesays.com\/fr\/wp-content\/uploads\/2025\/09\/tram-bonne-taille-1-960x640.png\" alt=\"Travaux\" width=\"960\" height=\"640\"\/><br \/>\n    Voici l\u2019itin\u00e9raire du bus de substitution en soir\u00e9e jusqu\u2019au 23\u00a0octobre. (\u00a9Capture d\u2019\u00e9cran \/ Lignes d\u2019Azur)<\/p>\n<p class=\" wall-content\"><strong>Un bus de substitution mis en place<\/strong><\/p>\n<p class=\" wall-content\">Pour rem\u00e9dier \u00e0 cette absence ponctuelle <a href=\"https:\/\/actu.fr\/provence-alpes-cote-d-azur\/nice_06088\/nice-cette-ligne-de-tramway-perturbee-grosse-galere-sur-les-lignes-d-azur_63139259.html\" rel=\"nofollow noopener\" target=\"_blank\">de trams<\/a>, un <strong>bus<\/strong> sera mis en place entre les stations \u00ab\u2009Henri Sappia\u2009\u00bb et \u00ab\u2009H\u00f4pital Pasteur\u2009\u00bb. Il sera effectif \u00e0 partir de 21\u2009h\u200945 pour les d\u00e9parts d\u2019\u00ab\u2009Henri Sappia\u2009\u00bb jusqu\u2019\u00e0 la fin du service et \u00e0 partir de 22\u2009h\u200930 pour les d\u00e9parts d\u2019\u00ab\u2009H\u00f4pital Pasteur\u2009\u00bb jusqu\u2019\u00e0 la fin du service. Les voyageurs peuvent aussi prendre les lignes de bus 8 +\u00a0et 12 +\u00a0qui circulent sur des axes parall\u00e8les.<\/p>\n<p class=\" wall-content\">La station \u00ab\u2009Vauban\u2009\u00bb n\u2019est <strong>pas desservie<\/strong> dans les deux directions et \u00ab\u2009Saint-Jean-d\u2019Ang\u00e9ly Universit\u00e9\u2009\u00bb n\u2019est pas desservie en direction d\u2019\u00ab\u2009H\u00f4pital Pasteur\u2009\u00bb. En direction d\u2019\u00ab\u2009Henri Sappia\u2009\u00bb, vous devez vous reporter \u00e0 l\u2019arr\u00eat \u00ab\u2009Grande Corniche\u2009\u00bb.<\/p>\n<p class=\" wall-content\">Pour la station Pont Michel, en direction d\u2019Henri Sappia, veuillez vous reporter \u00e0 l\u2019arr\u00eat de bus Pont Michel. Direction H\u00f4pital Pasteur, veuillez vous reporter \u00e0 l\u2019arr\u00eat Ancien Octroi.<\/p>\n<p>Votre r\u00e9gion, votre actu !<\/p>\n<p>Recevez chaque jour les infos qui comptent pour vous.<\/p>\n<p>\t<a href=\"https:\/\/actu.fr\/newsletter\" class=\"ac-btn ac-btn--corner ac-btn--medium ac-btn--blue800\" rel=\"nofollow noopener\" target=\"_blank\">S&rsquo;incrire<\/a><\/p>\n<p class=\" wall-content\">Dans la direction Henri Sappia, les stations \u00ab\u2009Cath\u00e9drale \u2013 Vieille Ville\u2009\u00bb et \u00ab\u2009Op\u00e9ra \u2013 Vieille Ville\u2009\u00bb sont respectivement <strong>report\u00e9es<\/strong> aux arr\u00eats \u00ab\u2009Lyc\u00e9e Mass\u00e9na\u2009\u00bb et \u00ab\u2009Mass\u00e9na\u2009\u00bb, situ\u00e9s avenue F\u00e9lix-Faure.<\/p>\n<p class=\" wall-content\">Pour plus <strong>d\u2019informations<\/strong>, rendez-vous sur <a href=\"https:\/\/www.lignesdazur.com\/\" rel=\"nofollow noopener\" target=\"_blank\">lignesdazur.com<\/a>, sur les r\u00e9seaux sociaux de Lignes d\u2019Azur ou au 08.1006.1006.<\/p>\n<p class=\" wall-content\">Personnalisez votre actualit\u00e9 en ajoutant vos villes et m\u00e9dias en favori avec <a href=\"https:\/\/moncompte.actu.fr\" title=\"D\u00e9couvez Mon Actu\" rel=\"nofollow noopener\" data-trk=\"{&quot;cta&quot;:{&quot;action&quot;:&quot;https:\\\/\\\/moncompte.actu.fr&quot;,&quot;category&quot;:&quot;mon compte&quot;,&quot;from&quot;:&quot;article footer&quot;,&quot;name&quot;:&quot;Mon actu&quot;,&quot;type&quot;:&quot;cta&quot;}}\" target=\"_blank\">Mon Actu<\/a>.<\/p>\n","protected":false},"excerpt":{"rendered":"Par Arthur Frand Publi\u00e9 le 30 sept. 2025 \u00e0 7h16 Les habitu\u00e9s de la ligne 1 de tramway&hellip;\n","protected":false},"author":2,"featured_media":427913,"comment_status":"","ping_status":"","sticky":false,"template":"","format":"standard","meta":{"footnotes":""},"categories":[2819],"tags":[1111,11,1777,674,1011,27,14554,12,2401,882,25,104,2803,2086],"class_list":{"0":"post-427912","1":"post","2":"type-post","3":"status-publish","4":"format-standard","5":"has-post-thumbnail","7":"category-nice","8":"tag-actu","9":"tag-actualites","10":"tag-eu","11":"tag-europe","12":"tag-fr","13":"tag-france","14":"tag-lignes-dazur","15":"tag-news","16":"tag-nice","17":"tag-provence-alpes-cote-dazur","18":"tag-republique-francaise","19":"tag-societe","20":"tag-transport","21":"tag-travaux"},"share_on_mastodon":{"url":"https:\/\/pubeurope.com\/@fr\/115291773355366983","error":""},"_links":{"self":[{"href":"https:\/\/www.europesays.com\/fr\/wp-json\/wp\/v2\/posts\/427912","targetHints":{"allow":["GET"]}}],"collection":[{"href":"https:\/\/www.europesays.com\/fr\/wp-json\/wp\/v2\/posts"}],"about":[{"href":"https:\/\/www.europesays.com\/fr\/wp-json\/wp\/v2\/types\/post"}],"author":[{"embeddable":true,"href":"https:\/\/www.europesays.com\/fr\/wp-json\/wp\/v2\/users\/2"}],"replies":[{"embeddable":true,"href":"https:\/\/www.europesays.com\/fr\/wp-json\/wp\/v2\/comments?post=427912"}],"version-history":[{"count":0,"href":"https:\/\/www.europesays.com\/fr\/wp-json\/wp\/v2\/posts\/427912\/revisions"}],"wp:featuredmedia":[{"embeddable":true,"href":"https:\/\/www.europesays.com\/fr\/wp-json\/wp\/v2\/media\/427913"}],"wp:attachment":[{"href":"https:\/\/www.europesays.com\/fr\/wp-json\/wp\/v2\/media?parent=427912"}],"wp:term":[{"taxonomy":"category","embeddable":true,"href":"https:\/\/www.europesays.com\/fr\/wp-json\/wp\/v2\/categories?post=427912"},{"taxonomy":"post_tag","embeddable":true,"href":"https:\/\/www.europesays.com\/fr\/wp-json\/wp\/v2\/tags?post=427912"}],"curies":[{"name":"wp","href":"https:\/\/api.w.org\/{rel}","templated":true}]}}