{"id":427918,"date":"2025-09-30T06:15:12","date_gmt":"2025-09-30T06:15:12","guid":{"rendered":"https:\/\/www.europesays.com\/fr\/427918\/"},"modified":"2025-09-30T06:15:12","modified_gmt":"2025-09-30T06:15:12","slug":"le-patron-du-parti-communiste-francais-fabien-roussel-sera-bientot-a-nantes-voici-pourquoi","status":"publish","type":"post","link":"https:\/\/www.europesays.com\/fr\/427918\/","title":{"rendered":"Le patron du Parti communiste fran\u00e7ais, Fabien Roussel, sera bient\u00f4t \u00e0 Nantes : voici pourquoi"},"content":{"rendered":"<p>            Par<br \/>\n        <strong><br \/>\n            <a href=\"https:\/\/actu.fr\/auteur\/thomas-bernard\" title=\"Consulter tous les articles de Thomas Bernard\" target=\"_blank\" rel=\"noopener\">Thomas Bernard<\/a><br \/>\n        <\/strong><\/p>\n<p>        Publi\u00e9 le<\/p>\n<p>            30 sept. 2025 \u00e0 7h32        <\/p>\n<p>Secr\u00e9taire national du parti communiste fran\u00e7ais depuis 2018, <a href=\"https:\/\/actu.fr\/tag\/fabien-roussel\" target=\"_blank\" rel=\"noopener\">Fabien Roussel<\/a> sera bient\u00f4t dans la cit\u00e9 des ducs de Bretagne. <strong>Le mardi 7\u00a0octobre 2025,<\/strong> \u00e0 partir de 18h30, le natif de B\u00e9thune participera<strong> \u00e0 un d\u00e9bat public<\/strong> organis\u00e9 \u00e0 \u00ab\u2009La Manu\u2009\u00bb (Manufacture des tabacs), \u00e0 Nantes.<\/p>\n<p>\u00ab\u2009Un \u00e9change ouvert \u00e0 tous\u2009\u00bb<\/p>\n<p class=\" wall-content\">\u00ab\u2009Cet \u00e9change ouvert \u00e0 toutes et tous s\u2019inscrit dans la continuit\u00e9 des rencontres citoyennes port\u00e9es par le PCF, autour des enjeux de justice sociale, des services publics, d\u2019industrie, de s\u00e9curit\u00e9, d\u2019\u00e9cologie ou encore de d\u00e9mocratie\u2009\u00bb, pr\u00e9cise le parti communiste de Loire-Atlantique dans un communiqu\u00e9 transmis \u00e0 <a href=\"https:\/\/actu.fr\/nantes\/\" target=\"_blank\" rel=\"noopener\">actu Nantes<\/a>.<\/p>\n<p><strong>Infos pratiques<\/strong>\u2009:<br \/>D\u00e9bat public PCF avec Fabien Roussel, mardi 7\u00a0octobre 2025, 18h30<br \/>La Manu \u2013 Manufacture des tabacs, Nantes (arr\u00eat tramway Manufacture)<\/p>\n<p class=\" wall-content\">Personnalisez votre actualit\u00e9 en ajoutant vos villes et m\u00e9dias en favori avec <a href=\"https:\/\/moncompte.actu.fr\" title=\"D\u00e9couvez Mon Actu\" rel=\"nofollow noopener\" data-trk=\"{&quot;cta&quot;:{&quot;action&quot;:&quot;https:\\\/\\\/moncompte.actu.fr&quot;,&quot;category&quot;:&quot;mon compte&quot;,&quot;from&quot;:&quot;article footer&quot;,&quot;name&quot;:&quot;Mon actu&quot;,&quot;type&quot;:&quot;cta&quot;}}\" target=\"_blank\">Mon Actu<\/a>.<\/p>\n","protected":false},"excerpt":{"rendered":"Par Thomas Bernard Publi\u00e9 le 30 sept. 2025 \u00e0 7h32 Secr\u00e9taire national du parti communiste fran\u00e7ais depuis 2018,&hellip;\n","protected":false},"author":2,"featured_media":427919,"comment_status":"","ping_status":"","sticky":false,"template":"","format":"standard","meta":{"footnotes":""},"categories":[2818],"tags":[1111,11,1777,674,24427,1011,27,766,12,2636,316,25],"class_list":{"0":"post-427918","1":"post","2":"type-post","3":"status-publish","4":"format-standard","5":"has-post-thumbnail","7":"category-nantes","8":"tag-actu","9":"tag-actualites","10":"tag-eu","11":"tag-europe","12":"tag-fabien-roussel","13":"tag-fr","14":"tag-france","15":"tag-nantes","16":"tag-news","17":"tag-pays-de-la-loire","18":"tag-politique","19":"tag-republique-francaise"},"share_on_mastodon":{"url":"https:\/\/pubeurope.com\/@fr\/115291784777502583","error":""},"_links":{"self":[{"href":"https:\/\/www.europesays.com\/fr\/wp-json\/wp\/v2\/posts\/427918","targetHints":{"allow":["GET"]}}],"collection":[{"href":"https:\/\/www.europesays.com\/fr\/wp-json\/wp\/v2\/posts"}],"about":[{"href":"https:\/\/www.europesays.com\/fr\/wp-json\/wp\/v2\/types\/post"}],"author":[{"embeddable":true,"href":"https:\/\/www.europesays.com\/fr\/wp-json\/wp\/v2\/users\/2"}],"replies":[{"embeddable":true,"href":"https:\/\/www.europesays.com\/fr\/wp-json\/wp\/v2\/comments?post=427918"}],"version-history":[{"count":0,"href":"https:\/\/www.europesays.com\/fr\/wp-json\/wp\/v2\/posts\/427918\/revisions"}],"wp:featuredmedia":[{"embeddable":true,"href":"https:\/\/www.europesays.com\/fr\/wp-json\/wp\/v2\/media\/427919"}],"wp:attachment":[{"href":"https:\/\/www.europesays.com\/fr\/wp-json\/wp\/v2\/media?parent=427918"}],"wp:term":[{"taxonomy":"category","embeddable":true,"href":"https:\/\/www.europesays.com\/fr\/wp-json\/wp\/v2\/categories?post=427918"},{"taxonomy":"post_tag","embeddable":true,"href":"https:\/\/www.europesays.com\/fr\/wp-json\/wp\/v2\/tags?post=427918"}],"curies":[{"name":"wp","href":"https:\/\/api.w.org\/{rel}","templated":true}]}}