{"id":427920,"date":"2025-09-30T06:16:09","date_gmt":"2025-09-30T06:16:09","guid":{"rendered":"https:\/\/www.europesays.com\/fr\/427920\/"},"modified":"2025-09-30T06:16:09","modified_gmt":"2025-09-30T06:16:09","slug":"apres-le-barometre-tant-decrie-la-subvention-de-velo-cite-fait-des-remous","status":"publish","type":"post","link":"https:\/\/www.europesays.com\/fr\/427920\/","title":{"rendered":"apr\u00e8s le barom\u00e8tre tant d\u00e9cri\u00e9, la subvention de V\u00e9lo-cit\u00e9 fait des remous"},"content":{"rendered":"<p>La controverse autour du \u00ab\u00a0barom\u00e8tre\u00a0\u00bb de V\u00e9lo-cit\u00e9 ne pouvait que rebondir, t\u00f4t ou tard, dans l\u2019h\u00e9micycle de Bordeaux M\u00e9tropole. Acteur incontournable des politiques locales de d\u00e9placements \u00e0 v\u00e9lo, l\u2019association \u00e9tait cit\u00e9e deux fois \u00e0 l\u2019ordre du jour du conseil m\u00e9tropolitain, vendredi 26\u00a0septembre, <a href=\"https:\/\/www.sudouest.fr\/lieux\/gironde\/bordeaux\/velo-dans-la-metropole-de-bordeaux-quelles-communes-ont-fait-le-plus-d-efforts-depuis-2020-selon-velo-cite-24792779.php\" target=\"_blank\" rel=\"follow nofollow noopener\">quatre mois apr\u00e8s la publication de son \u00ab\u00a0bilan d\u2019\u00e9tape\u00a02020-2025\u00a0\u00bb<\/a> dans quinze communes de l\u2019agglom\u00e9ration\u00a0: la premi\u00e8re pour une subvention de fonctionnement de 27\u00a0000\u00a0euros, la seconde pour clore un litige port\u00e9 par l\u2019association devant le tribunal administratif.<\/p>\n<p>Maire (divers droite) de Talence, Emmanuel Sallaberry s\u2019est \u00e9tonn\u00e9 le premier de voir \u00ab\u00a0une association tr\u00e8s largement subventionn\u00e9e par l\u2019argent public, cens\u00e9e \u00eatre partenaire, et qui vient attaquer en justice une d\u00e9cision prise par Bordeaux M\u00e9tropole\u00a0\u00bb. En l\u2019occurrence, V\u00e9lo-cit\u00e9 avait attir\u00e9 l\u2019attention de la M\u00e9tropole sur la n\u00e9cessit\u00e9 d\u2019une piste cyclable bidirectionnelle en centre-ville de Floirac, rue Jules-Guesde, dans la continuit\u00e9 de celle d\u00e9j\u00e0 r\u00e9alis\u00e9e c\u00f4t\u00e9 quais et, accessoirement, parce que le code de l\u2019environnement l\u2019exige. L\u2019hypoth\u00e8se de travaux d\u2019am\u00e9nagement \u00ab\u00a0dans une \u00e9ch\u00e9ance restant \u00e0 fixer de mani\u00e8re pr\u00e9cise\u00a0\u00bb ayant \u00e9t\u00e9 jug\u00e9e trop vague, V\u00e9lo-cit\u00e9 a tout bonnement saisi le tribunal administratif.<\/p>\n<p>\u00ab\u00a0V\u00e9ritable censeur\u00a0\u00bb<\/p>\n<p>Tout est bien qui finit bien, une m\u00e9diation a permis de raccommoder les deux parties. Soumis au vote, ce protocole d\u2019accord a fait tiquer Emmanuel Sallaberry. \u00ab\u00a0Cette action nous aura co\u00fbt\u00e9 plusieurs milliers d\u2019euros en frais de justice\u2026\u00a0\u00bb Renseignements pris aupr\u00e8s de V\u00e9lo-cit\u00e9, la m\u00e9diation s\u2019est d\u00e9roul\u00e9e sans avocat mais la transition est toute trouv\u00e9e\u00a0: le maire de Talence dit apporter son soutien \u00e0 Jean-Jacques Puyobrau, maire (PS) de Floirac\u00a0: \u00ab\u00a0Il vit ce que nous vivons depuis quelques mois avec une association devenue un v\u00e9ritable censeur.\u00a0\u00bb<\/p>\n<blockquote><p>Je pense que V\u00e9lo-cit\u00e9 a compris. Ils ont reconnu leurs erreurs de m\u00e9thodologie, et il y a eu des choses pas tout \u00e0 fait exactes\u00a0\u00bb<\/p><\/blockquote>\n<p>S\u2019il a dit regretter l\u2019\u00e9poque V\u00e9lo-cit\u00e9 du temps o\u00f9 \u00ab\u00a0les gens \u00e9taient force de proposition\u00a0\u00bb, Emmanuel Sallaberry, dont les am\u00e9nagements v\u00e9lo ont \u00e9t\u00e9 gratifi\u00e9s d\u2019un <a href=\"https:\/\/velo-cite.org\/bilan-detape-du-plaidoyer-2020-2025\/\" target=\"_blank\" rel=\"nofollow noopener\">E dans le barom\u00e8tre<\/a> sur des fondements \u00ab\u00a0incompr\u00e9hensibles\u00a0\u00bb, n\u2019est pas loin d\u2019adresser un z\u00e9ro point\u00e9 en retour. Selon lui, V\u00e9lo-cit\u00e9 \u00ab\u00a0flirte avec les 155\u00a0000\u00a0euros d\u2019argent public et ne s\u2019est toujours pas dot\u00e9e d\u2019un commissaire aux comptes\u00a0\u00bb.<\/p>\n<p>Des rendez-vous<\/p>\n<p><a href=\"https:\/\/www.sudouest.fr\/gironde\/bordeaux\/bordeaux-metropole-subvention-ajournee-pour-velo-cite-qui-va-devoir-s-expliquer-25201507.php\" target=\"_blank\" rel=\"follow nofollow noopener\">Pr\u00e9vu d\u00e9but juillet, le vote de la subvention de fonctionnement avait \u00e9t\u00e9 ajourn\u00e9<\/a> dans l\u2019attente d\u2019une s\u00e9ance d\u2019explication entre V\u00e9lo-cit\u00e9 et les maires des communes vis\u00e9es. R\u00e9union qui a eu lieu le 11\u00a0septembre. \u00ab\u00a0\u00c7a fait quelques ann\u00e9es que je n\u2019avais pas vu une telle concorde entre les groupes politiques [de Bordeaux M\u00e9tropole, NDLR]\u00a0\u00bb, a cingl\u00e9 Emmanuel Sallaberry. En retour, l\u2019association aurait fait comprendre aux \u00e9lus que \u00ab\u00a0rien ne changerait et qu\u2019elle avait la v\u00e9rit\u00e9\u00a0\u00bb.<\/p>\n<p>\u00ab\u00a0Je n\u2019ai pas eu le m\u00eame compte-rendu de la fin de la r\u00e9union\u00a0\u00bb, a repris la pr\u00e9sidente Christine Bost, par ailleurs maire d\u2019Eysines, commune class\u00e9e\u2026 F et dont le conseiller municipal Serge Tournerie, d\u00e9l\u00e9gu\u00e9 aux mobilit\u00e9s, d\u00e9non\u00e7ait en juin une \u00ab\u00a0analyse \u00e0 charge\u00a0\u00bb. Car l\u2019heure est de toute \u00e9vidence \u00e0 l\u2019apaisement c\u00f4t\u00e9 majorit\u00e9 m\u00e9tropolitaine. Christine Bost a d\u2019ailleurs salu\u00e9 la \u00ab\u00a0reprise\u00a0\u00bb de rendez-vous bilat\u00e9raux avec les communes et veut croire \u00e0 la \u00ab\u00a0reconstruction de relations sereines\u00a0\u00bb. \u00ab\u00a0Onze\u00a0\u00bb demandes ont \u00e9t\u00e9 adress\u00e9es, note Isabelle Rami, conseill\u00e8re d\u00e9l\u00e9gu\u00e9e aux mobilit\u00e9s alternatives.<\/p>\n<p>\u00ab\u00a0Poil \u00e0 gratter\u00a0\u00bb<\/p>\n<p>\u00c0 l\u2019exemple de Patrick Labesse, maire (\u00e9cologiste) de Carbon-Blanc (un modeste E au palmar\u00e8s)\u00a0: \u00ab\u00a0Ils sont venus, on a pass\u00e9 deux heures et, effectivement, ils reconnaissent un certain nombre de choses. Ils sont pr\u00eats \u00e0 faire bouger les lignes. J\u2019ai envie de leur faire confiance, ils ont une r\u00e9elle utilit\u00e9 sur le terrain, et ce n\u2019est pas en supprimant la subvention ou en montant sur nos grands chevaux qu\u2019on avancera.\u00a0\u00bb<\/p>\n<p>Adjointe au maire de Bordeaux (not\u00e9e B), Delphine Jamet a vol\u00e9 au secours de V\u00e9lo-cit\u00e9. \u00ab\u00a0C\u2019est scandaleux qu\u2019on veuille b\u00e2illonner une association. Pourquoi ne pourrait-elle pas attaquer alors qu\u2019elle est subventionn\u00e9e par la M\u00e9tropole\u00a0?\u00a0\u00bb Maire \u00e9cologiste de B\u00e8gles (not\u00e9e C), Cl\u00e9ment Rossignol Puech n\u2019a pas \u00e9lud\u00e9 la probl\u00e9matique du questionnaire, avec \u00ab\u00a0sur le fond des approximations et, sur la forme, a minima de grandes maladresses\u00a0\u00bb, mais a d\u00e9fendu ces associations cyclistes \u00ab\u00a0poil \u00e0 gratter\u00a0\u00bb.<\/p>\n<p>Leader du groupe des \u00e9lus de droite et de centre-droit, Patrick Bobet, maire du Bouscat, a rejet\u00e9 tout \u00ab\u00a0d\u00e9ni de d\u00e9mocratie\u00a0\u00bb mais a appuy\u00e9 le propos de son coll\u00e8gue Sallaberry\u00a0: \u00ab\u00a0J\u2019ai vu \u00e9voluer ce r\u00f4le de conseil vers un r\u00f4le de contr\u00f4leur voire de censeur.\u00a0\u00bb Isabelle Rami s\u2019est voulue optimiste\u00a0: \u00ab\u00a0Je pense que V\u00e9lo-cit\u00e9 a compris. Ils ont reconnu leurs erreurs de m\u00e9thodologie, et il y a eu des choses pas tout \u00e0 fait exactes. Ils ne vous ont pas fait un mea culpa mais, derri\u00e8re, ils se sont engag\u00e9s \u00e0 prendre contact avec les collectivit\u00e9s.\u00a0\u00bb 66 pour, 29 contre, trois abstentions.<\/p>\n","protected":false},"excerpt":{"rendered":"La controverse autour du \u00ab\u00a0barom\u00e8tre\u00a0\u00bb de V\u00e9lo-cit\u00e9 ne pouvait que rebondir, t\u00f4t ou tard, dans l\u2019h\u00e9micycle de Bordeaux&hellip;\n","protected":false},"author":2,"featured_media":427921,"comment_status":"","ping_status":"","sticky":false,"template":"","format":"standard","meta":{"footnotes":""},"categories":[2817],"tags":[1111,11,1997,1777,674,1011,27,12,2219,25],"class_list":{"0":"post-427920","1":"post","2":"type-post","3":"status-publish","4":"format-standard","5":"has-post-thumbnail","7":"category-bordeaux","8":"tag-actu","9":"tag-actualites","10":"tag-bordeaux","11":"tag-eu","12":"tag-europe","13":"tag-fr","14":"tag-france","15":"tag-news","16":"tag-nouvelle-aquitaine","17":"tag-republique-francaise"},"share_on_mastodon":{"url":"https:\/\/pubeurope.com\/@fr\/115291788698858692","error":""},"_links":{"self":[{"href":"https:\/\/www.europesays.com\/fr\/wp-json\/wp\/v2\/posts\/427920","targetHints":{"allow":["GET"]}}],"collection":[{"href":"https:\/\/www.europesays.com\/fr\/wp-json\/wp\/v2\/posts"}],"about":[{"href":"https:\/\/www.europesays.com\/fr\/wp-json\/wp\/v2\/types\/post"}],"author":[{"embeddable":true,"href":"https:\/\/www.europesays.com\/fr\/wp-json\/wp\/v2\/users\/2"}],"replies":[{"embeddable":true,"href":"https:\/\/www.europesays.com\/fr\/wp-json\/wp\/v2\/comments?post=427920"}],"version-history":[{"count":0,"href":"https:\/\/www.europesays.com\/fr\/wp-json\/wp\/v2\/posts\/427920\/revisions"}],"wp:featuredmedia":[{"embeddable":true,"href":"https:\/\/www.europesays.com\/fr\/wp-json\/wp\/v2\/media\/427921"}],"wp:attachment":[{"href":"https:\/\/www.europesays.com\/fr\/wp-json\/wp\/v2\/media?parent=427920"}],"wp:term":[{"taxonomy":"category","embeddable":true,"href":"https:\/\/www.europesays.com\/fr\/wp-json\/wp\/v2\/categories?post=427920"},{"taxonomy":"post_tag","embeddable":true,"href":"https:\/\/www.europesays.com\/fr\/wp-json\/wp\/v2\/tags?post=427920"}],"curies":[{"name":"wp","href":"https:\/\/api.w.org\/{rel}","templated":true}]}}