{"id":427922,"date":"2025-09-30T06:17:17","date_gmt":"2025-09-30T06:17:17","guid":{"rendered":"https:\/\/www.europesays.com\/fr\/427922\/"},"modified":"2025-09-30T06:17:17","modified_gmt":"2025-09-30T06:17:17","slug":"a-bordeaux-bernard-magrez-fait-naitre-un-sommelier-digital","status":"publish","type":"post","link":"https:\/\/www.europesays.com\/fr\/427922\/","title":{"rendered":"\u00c0 Bordeaux, Bernard Magrez fait na\u00eetre un sommelier digital\u00a0!"},"content":{"rendered":"<p>On n\u2019arr\u00eate pas Bernard Magrez. \u00c0 Bordeaux, le tycoon des Grands crus pr\u00e9pare une surprise \u00e0 l\u2019intention du monde du vin. Tout se passe dans son <strong>ch\u00e2teau Labotti\u00e8re<\/strong>. L\u2019ancien palais de sa tante Cordier abrite aujourd\u2019hui l\u2019Institut culturel Bernard-Magrez. Cet \u00e9t\u00e9, tr\u00f4naient l\u00e0 les fresques du \u201cstreet artist\u201d JonOne. \u00c0 c\u00f4t\u00e9 de ces \u0153uvres d\u00e9brid\u00e9es, Labotti\u00e8re abrite aussi l\u2019incubateur Bernard-Magrez Start-Up Win, pouponni\u00e8re de jeunes pousses du secteur vitivinicole. C\u2019est l\u00e0 qu\u2019une poign\u00e9e de passionn\u00e9s cr\u00e9e le sommelier digital du futur.<\/p>\n<p>La start-up s\u2019appelle Wineater. Ses concepteurs ont \u00e9labor\u00e9 un outil assist\u00e9 par l\u2019intelligence artificielle et capable de r\u00e9pondre aux d\u00e9sirs du consommateur\u2026 en quatre secondes ! Sur votre ordinateur, il se pr\u00e9sente comme une barre de recherche. En fonction de vos param\u00e8tres, \u00e9v\u00e9nements, budget, humeur, l\u2019appareil sugg\u00e8re jusqu\u2019\u00e0 quatre vins \u00ab adapt\u00e9s \u00e0 vos attentes \u00bb.<\/p>\n<p>Quelques Couacs<\/p>\n<p>Nous l\u2019avons test\u00e9. Que boire un jour de canicule ? R\u00e9ponse : un blanc rafra\u00eechissant du Languedoc, la cuv\u00e9e Vertigo de Mas Amiel. Quelle bouteille pour le premier rendez-vous de deux \u00e9tudiants ? Un cr\u00e9mant de Loire, la cuv\u00e9e Favorite du Clos Roussely, \u00ab moment agr\u00e9able avec ses fines bulles et ses notes sapides de citron \u00bb. Le vin co\u00fbte moins de 15 euros.<\/p>\n<p>Facile ? Ce sommelier num\u00e9rique pr\u00e9tend r\u00e9pondre \u00e0 des demandes plus complexes. Quel chardonnay chic choisir avec du homard ? R\u00e9ponse : un chablis Grand cru Valmur de Billaud-Simon. Restent quelques couacs \u00e0 r\u00e9gler. Lors de notre essai, l\u2019outil a propos\u00e9 le m\u00eame vin que l\u2019on soit d\u2019humeur triste ou joyeuse : un pinot grigio du Frioul-V\u00e9n\u00e9tie\u2026<\/p>\n<p>Plusieurs applis proposent d\u00e9j\u00e0 un sommelier digital, mais Wineater se distingue par son recours \u00e0 l\u2019IA. Elle mouline des tendances de consommation, l\u2019expertise de sommeliers, des centaines d\u2019ouvrages sur le vin. On esp\u00e8re que les droits d\u2019auteur ont \u00e9t\u00e9 pay\u00e9s !<\/p>\n<p>C\u00f4t\u00e9 d\u00e9bouch\u00e9s, le sommelier virtuel de Wineater sera propos\u00e9 pour \u00e9quiper les sites internet vendeurs de vin. C\u2019est tout ? Non ! \u00c0 88 ans, Bernard Magrez a d\u2019autres projets. Chez lui, la start-up Winespace a mis au point Tastee AI, qui promet une description id\u00e9ale de n\u2019importe quel vin. Selon Sylvain Thibaud, cofondateur, l\u2019outil d\u00e9finira le go\u00fbt futur du vin au vieillissement et offrira \u00ab une aide pr\u00e9cieuse pour les d\u00e9gustateurs des primeurs bordelais \u00bb. Les notes sur 100 seront-elles livr\u00e9es avec ?<\/p>\n<p>La suite de l&rsquo;article est r\u00e9serv\u00e9e aux abonn\u00e9(e)s<\/p>\n<p>\t<a rel=\"nofollow noopener\" target=\"_self\" href=\"https:\/\/www.magazines.fr\/recherche\/code-express.html?codeExp=CDORG25&amp;utm_medium=display&amp;utm_campaign=conquete-RVF&amp;utm_source=web-cta-kgne-site-edito&amp;utm_content=CDORG25&amp;utm_term=CDORG25+1MOISGRATUIT?utm_medium=display&amp;utm_campaign=conquete-RVF&amp;utm_source=web-cta-fixe-site-edito&amp;utm_content=CTA&amp;utm_term=ARTICLE-4907283\"><\/p>\n<p><img decoding=\"async\" width=\"680\" height=\"400\" src=\"https:\/\/www.europesays.com\/fr\/wp-content\/uploads\/2025\/09\/rvf-abo-680x400.jpg\"   alt=\"Offre abonnement\" class=\"restrictedAccessBanner-image  Ratio-0-58823529411765\" loading=\"lazy\"\/><\/p>\n<p><\/a>\t\t\t<\/p>\n<p>Inclus dans votre abonnement : <\/p>\n<ul>&#13;<\/p>\n<li>Un acc\u00e8s \u00e0 plus de 110 000 vins not\u00e9s et comment\u00e9s<\/li>\n<p>&#13;<\/p>\n<li>Un acc\u00e8s aux offres Bons Plans s\u00e9lectionn\u00e9s par les d\u00e9gustateurs de la RVF<\/li>\n<p>&#13;<\/p>\n<li>Un acc\u00e8s aux Primeurs Bourgogne &amp; Bordeaux<\/li>\n<p>&#13;<\/p>\n<li>50 ans d\u2019archives du magazine en version num\u00e9rique<\/li>\n<p>&#13;<\/p>\n<li>Des articles et des d\u00e9gustations en exclusivit\u00e9<\/li>\n<p>&#13;<\/p>\n<li>Une navigation avec des publicit\u00e9s limit\u00e9es<\/li>\n<p>&#13;\n<\/ul>\n","protected":false},"excerpt":{"rendered":"On n\u2019arr\u00eate pas Bernard Magrez. \u00c0 Bordeaux, le tycoon des Grands crus pr\u00e9pare une surprise \u00e0 l\u2019intention du&hellip;\n","protected":false},"author":2,"featured_media":427923,"comment_status":"","ping_status":"","sticky":false,"template":"","format":"standard","meta":{"footnotes":""},"categories":[2817],"tags":[1111,11,1997,1777,674,1011,27,12,2219,25],"class_list":{"0":"post-427922","1":"post","2":"type-post","3":"status-publish","4":"format-standard","5":"has-post-thumbnail","7":"category-bordeaux","8":"tag-actu","9":"tag-actualites","10":"tag-bordeaux","11":"tag-eu","12":"tag-europe","13":"tag-fr","14":"tag-france","15":"tag-news","16":"tag-nouvelle-aquitaine","17":"tag-republique-francaise"},"share_on_mastodon":{"url":"https:\/\/pubeurope.com\/@fr\/115291793100540362","error":""},"_links":{"self":[{"href":"https:\/\/www.europesays.com\/fr\/wp-json\/wp\/v2\/posts\/427922","targetHints":{"allow":["GET"]}}],"collection":[{"href":"https:\/\/www.europesays.com\/fr\/wp-json\/wp\/v2\/posts"}],"about":[{"href":"https:\/\/www.europesays.com\/fr\/wp-json\/wp\/v2\/types\/post"}],"author":[{"embeddable":true,"href":"https:\/\/www.europesays.com\/fr\/wp-json\/wp\/v2\/users\/2"}],"replies":[{"embeddable":true,"href":"https:\/\/www.europesays.com\/fr\/wp-json\/wp\/v2\/comments?post=427922"}],"version-history":[{"count":0,"href":"https:\/\/www.europesays.com\/fr\/wp-json\/wp\/v2\/posts\/427922\/revisions"}],"wp:featuredmedia":[{"embeddable":true,"href":"https:\/\/www.europesays.com\/fr\/wp-json\/wp\/v2\/media\/427923"}],"wp:attachment":[{"href":"https:\/\/www.europesays.com\/fr\/wp-json\/wp\/v2\/media?parent=427922"}],"wp:term":[{"taxonomy":"category","embeddable":true,"href":"https:\/\/www.europesays.com\/fr\/wp-json\/wp\/v2\/categories?post=427922"},{"taxonomy":"post_tag","embeddable":true,"href":"https:\/\/www.europesays.com\/fr\/wp-json\/wp\/v2\/tags?post=427922"}],"curies":[{"name":"wp","href":"https:\/\/api.w.org\/{rel}","templated":true}]}}