{"id":427928,"date":"2025-09-30T06:20:12","date_gmt":"2025-09-30T06:20:12","guid":{"rendered":"https:\/\/www.europesays.com\/fr\/427928\/"},"modified":"2025-09-30T06:20:12","modified_gmt":"2025-09-30T06:20:12","slug":"octobre-rose-ayons-la-rose-attitude","status":"publish","type":"post","link":"https:\/\/www.europesays.com\/fr\/427928\/","title":{"rendered":"Octobre Rose : Ayons la Rose Attitude !"},"content":{"rendered":"<p class=\"introduction\">Roubaix se mobilise pour Octobre Rose, le mois d\u00e9di\u00e9 \u00e0 la pr\u00e9vention et \u00e0 la lutte contre le cancer du sein. Deux rendez-vous conviviaux et solidaires vous attendent pour afficher votre soutien \u00e0 cette cause nationale.<\/p>\n<ul>\n<li><strong>Vendredi 10 octobre \u00e0 12h<\/strong>, rejoignez le <strong>Grand D\u00e9jeuner Solidaire<\/strong> \u00e0 la salle Lejeune (21 rue d\u2019Anzin). Organis\u00e9 par l\u2019association roubaisienne Ch\u0153ur de Femmes, en partenariat avec le R\u00e9seau Femmes de Roubaix, le centre social Assia Djebar, La Villa Rosa et M Paris, ce d\u00e9jeuner sera suivi d\u2019une vente de rubans roses et d\u2019une initiation festive \u00e0 la Groove Dance \u00e0 14h30.<\/li>\n<\/ul>\n<p>Prix : 10\u20ac pour le repas + don solidaire et volontaire. L\u2019int\u00e9gralit\u00e9 des dons permettra d\u2019offrir des soins bien-\u00eatre \u00e0 La Villa Rosa pour accompagner des femmes touch\u00e9es par la maladie.<\/p>\n<p>Inscription obligatoire \u00e0 faire <a href=\"https:\/\/www.roubaixxl.fr\/octobre-rose-2025-rose-attitude\/htpps:\/\/helloasso.com\/associations\/choeur-de-femmes\" target=\"_blank\" rel=\"noopener nofollow\">en ligne sur HelloAsso<\/a><\/p>\n<ul>\n<li><strong>Mercredi 15 octobre \u00e0 10h<\/strong>, cap sur le Parc Barbieux, place des Marronniers, pour une <strong>Marche Solidaire<\/strong>. Venez habill\u00e9 avec une touche de rose (tee-shirt, foulard, baskets\u2026), seul, en famille ou entre amis. Un \u00e9chauffement musical pr\u00e9c\u00e8dera le d\u00e9part, suivi d\u2019\u00e9tirements et de stands d\u2019information sur la pr\u00e9vention, l\u2019alimentation et le sport.<\/li>\n<\/ul>\n<p>Ces deux temps forts illustrent l\u2019engagement de Roubaix pour soutenir la recherche, sensibiliser au d\u00e9pistage pr\u00e9coce et entourer les femmes concern\u00e9es par le cancer du sein. Ensemble, ayons la Rose Attitude\u00a0!<\/p>\n","protected":false},"excerpt":{"rendered":"Roubaix se mobilise pour Octobre Rose, le mois d\u00e9di\u00e9 \u00e0 la pr\u00e9vention et \u00e0 la lutte contre le&hellip;\n","protected":false},"author":2,"featured_media":427929,"comment_status":"","ping_status":"","sticky":false,"template":"","format":"standard","meta":{"footnotes":""},"categories":[2815],"tags":[1111,11,1777,674,1011,27,811,1307,12,54321,6543,25,71],"class_list":{"0":"post-427928","1":"post","2":"type-post","3":"status-publish","4":"format-standard","5":"has-post-thumbnail","7":"category-lille","8":"tag-actu","9":"tag-actualites","10":"tag-eu","11":"tag-europe","12":"tag-fr","13":"tag-france","14":"tag-hauts-de-france","15":"tag-lille","16":"tag-news","17":"tag-octobre-rose","18":"tag-prevention","19":"tag-republique-francaise","20":"tag-sante"},"share_on_mastodon":{"url":"https:\/\/pubeurope.com\/@fr\/115291804415222139","error":""},"_links":{"self":[{"href":"https:\/\/www.europesays.com\/fr\/wp-json\/wp\/v2\/posts\/427928","targetHints":{"allow":["GET"]}}],"collection":[{"href":"https:\/\/www.europesays.com\/fr\/wp-json\/wp\/v2\/posts"}],"about":[{"href":"https:\/\/www.europesays.com\/fr\/wp-json\/wp\/v2\/types\/post"}],"author":[{"embeddable":true,"href":"https:\/\/www.europesays.com\/fr\/wp-json\/wp\/v2\/users\/2"}],"replies":[{"embeddable":true,"href":"https:\/\/www.europesays.com\/fr\/wp-json\/wp\/v2\/comments?post=427928"}],"version-history":[{"count":0,"href":"https:\/\/www.europesays.com\/fr\/wp-json\/wp\/v2\/posts\/427928\/revisions"}],"wp:featuredmedia":[{"embeddable":true,"href":"https:\/\/www.europesays.com\/fr\/wp-json\/wp\/v2\/media\/427929"}],"wp:attachment":[{"href":"https:\/\/www.europesays.com\/fr\/wp-json\/wp\/v2\/media?parent=427928"}],"wp:term":[{"taxonomy":"category","embeddable":true,"href":"https:\/\/www.europesays.com\/fr\/wp-json\/wp\/v2\/categories?post=427928"},{"taxonomy":"post_tag","embeddable":true,"href":"https:\/\/www.europesays.com\/fr\/wp-json\/wp\/v2\/tags?post=427928"}],"curies":[{"name":"wp","href":"https:\/\/api.w.org\/{rel}","templated":true}]}}