{"id":427930,"date":"2025-09-30T06:21:10","date_gmt":"2025-09-30T06:21:10","guid":{"rendered":"https:\/\/www.europesays.com\/fr\/427930\/"},"modified":"2025-09-30T06:21:10","modified_gmt":"2025-09-30T06:21:10","slug":"ambiance-deletere-a-lecole-des-arts-et-metiers-de-lille-avant-le-proces-de-la-directrice-et-du-directeur-general","status":"publish","type":"post","link":"https:\/\/www.europesays.com\/fr\/427930\/","title":{"rendered":"Ambiance d\u00e9l\u00e9t\u00e8re \u00e0 l\u2019\u00c9cole des arts et m\u00e9tiers de Lille avant le proc\u00e8s de la directrice et du directeur g\u00e9n\u00e9ral"},"content":{"rendered":"<p class=\"paragraph text_align_left lp-f-body-02\">Au sein de l\u2019antenne lilloise de la prestigieuse \u00e9cole d\u2019ing\u00e9nieurs, l\u2019ambiance est d\u00e9l\u00e9t\u00e8re. \u00ab Menaces \u00bb, \u00ab humiliations \u00bb, \u00ab agression \u00bb, \u00ab intimidation \u00bb, \u00ab management toxique \u00bb\u2026 Tel est le portrait de la directrice, d\u00e9peint par des \u00e9tudiants et par certains professeurs. D\u00e9crite comme une personne autoritaire et lunatique, ses rapports seraient particuli\u00e8rement compliqu\u00e9s avec les \u00e9tudiants.<\/p>\n","protected":false},"excerpt":{"rendered":"Au sein de l\u2019antenne lilloise de la prestigieuse \u00e9cole d\u2019ing\u00e9nieurs, l\u2019ambiance est d\u00e9l\u00e9t\u00e8re. \u00ab Menaces \u00bb, \u00ab humiliations&hellip;\n","protected":false},"author":2,"featured_media":427931,"comment_status":"","ping_status":"","sticky":false,"template":"","format":"standard","meta":{"footnotes":""},"categories":[2815],"tags":[1111,11,459,1777,674,118,1011,27,811,1307,12,25],"class_list":{"0":"post-427930","1":"post","2":"type-post","3":"status-publish","4":"format-standard","5":"has-post-thumbnail","7":"category-lille","8":"tag-actu","9":"tag-actualites","10":"tag-departements-horsidfo","11":"tag-eu","12":"tag-europe","13":"tag-faits-divers","14":"tag-fr","15":"tag-france","16":"tag-hauts-de-france","17":"tag-lille","18":"tag-news","19":"tag-republique-francaise"},"share_on_mastodon":{"url":"https:\/\/pubeurope.com\/@fr\/115291808351144562","error":""},"_links":{"self":[{"href":"https:\/\/www.europesays.com\/fr\/wp-json\/wp\/v2\/posts\/427930","targetHints":{"allow":["GET"]}}],"collection":[{"href":"https:\/\/www.europesays.com\/fr\/wp-json\/wp\/v2\/posts"}],"about":[{"href":"https:\/\/www.europesays.com\/fr\/wp-json\/wp\/v2\/types\/post"}],"author":[{"embeddable":true,"href":"https:\/\/www.europesays.com\/fr\/wp-json\/wp\/v2\/users\/2"}],"replies":[{"embeddable":true,"href":"https:\/\/www.europesays.com\/fr\/wp-json\/wp\/v2\/comments?post=427930"}],"version-history":[{"count":0,"href":"https:\/\/www.europesays.com\/fr\/wp-json\/wp\/v2\/posts\/427930\/revisions"}],"wp:featuredmedia":[{"embeddable":true,"href":"https:\/\/www.europesays.com\/fr\/wp-json\/wp\/v2\/media\/427931"}],"wp:attachment":[{"href":"https:\/\/www.europesays.com\/fr\/wp-json\/wp\/v2\/media?parent=427930"}],"wp:term":[{"taxonomy":"category","embeddable":true,"href":"https:\/\/www.europesays.com\/fr\/wp-json\/wp\/v2\/categories?post=427930"},{"taxonomy":"post_tag","embeddable":true,"href":"https:\/\/www.europesays.com\/fr\/wp-json\/wp\/v2\/tags?post=427930"}],"curies":[{"name":"wp","href":"https:\/\/api.w.org\/{rel}","templated":true}]}}